{"id":43732,"date":"2011-12-05T09:02:34","date_gmt":"2011-12-05T07:02:34","guid":{"rendered":"http:\/\/www.korhanyilmaz.com\/?p=43732"},"modified":"2011-12-05T10:53:09","modified_gmt":"2011-12-05T08:53:09","slug":"ak-partinin-2014-senaryosu-hazir","status":"publish","type":"post","link":"http:\/\/www.korhanyilmaz.com\/?p=43732","title":{"rendered":"AK Parti&#8217;nin 2014 senaryosu haz\u0131r"},"content":{"rendered":"<p style=\"text-align: center;\"><a href=\"http:\/\/www.korhanyilmaz.com\/wp-content\/uploads\/2011\/12\/7443.jpg\"  class=\"lightview\"><img loading=\"lazy\" decoding=\"async\" class=\"aligncenter  wp-image-43733\" src=\"http:\/\/www.korhanyilmaz.com\/wp-content\/uploads\/2011\/12\/7443.jpg\" alt=\"\" width=\"364\" height=\"204\" \/><\/a><\/p>\n<p style=\"text-align: justify;\">Bu fla\u015f a\u00e7\u0131klamalar Ba\u015fbakan Erdo\u011fan&#8217;\u0131n \u00e7ok yak\u0131n \u00e7al\u0131\u015fma arkada\u015f\u0131na ait. Senoryonun hedefinde cumhuriyetin y\u00fcz\u00fcnc\u00fc y\u0131l\u0131 olan 2023&#8217;e AK Parti iktidar\u0131nda girmek.<\/p>\n<p style=\"text-align: justify;\">Ba\u015fbakan Erdo\u011fan&#8217;\u0131n hastal\u0131\u011f\u0131yla birlikte yeni senaryolar g\u00fcndeme geldi. Cumhurba\u015fkan\u0131 G\u00fcl&#8217;\u00fcn g\u00f6rev s\u00fcresi 2014&#8217;te doluyor. Peki sonras\u0131nda ne olacak? Kamuoyunun merak etti\u011fi sorulara Erdo\u011fan&#8217;\u0131n yak\u0131n\u0131ndaki bir isim, 2014 senaryosunu bir dost sohbetinde H\u00fcrriyet yazar\u0131 Taha Akyol&#8217;a anlatt\u0131.\u00a0<!--more--><\/p>\n<p style=\"text-align: justify;\"><strong>G\u00dcL 2015&#8217;TE BA\u015eBAKAN\u00a0<\/strong><\/p>\n<p style=\"text-align: justify;\">(&#8230;)Abdullah Bey&#8217;in s\u00fcresi 7 y\u0131ld\u0131r, 2014&#8217;te doluyor. Tayyip Bey 2014&#8217;te halk taraf\u0131ndan cumhurba\u015fkan\u0131 se\u00e7ilir. Abdullah Bey o s\u0131rada milletvekili olmayaca\u011f\u0131 i\u00e7in ba\u015fbakan olamaz. Ge\u00e7i\u015f d\u00f6nemi i\u00e7in ba\u015fbakanl\u0131\u011f\u0131 B\u00fclent A\u011fabey \u00fcstlenir. Abdullah Bey derhal toplanan kongrede genel ba\u015fkan olur. 2015 se\u00e7imlerine G\u00fcl&#8217;\u00fcn genel ba\u015fkanl\u0131\u011fmda girilir ve G\u00fcl ba\u015fbakan olur&#8230;&#8221;<\/p>\n<p style=\"text-align: justify;\"><strong>BA\u015eKANLIK S\u0130STEM\u0130 OLMAZ\u00a0<\/strong><\/p>\n<p style=\"text-align: justify;\">Parlamentonun Ba\u015fkanl\u0131k sistemini kabul etmeyece\u011fini dile getiren o isim, Akyol&#8217;un &#8220;Peki Tayyip Bey, yetkisi s\u0131n\u0131rl\u0131 bir cumhurba\u015fkanl\u0131\u011f\u0131n\u0131 kabul eder mi?&#8221; sorusuna, &#8220;Tayyip Bey ilk turda halk\u0131n y\u00fczde 50&#8217;yi a\u015fan oylar\u0131yla cumhurba\u015fkan\u0131 se\u00e7ilir. Mevcut yetkilere bir de bu siyasi g\u00fcc\u00fc ekleyin&#8230;&#8221; diye cevap verdi.<\/p>\n<p style=\"text-align: justify;\"><strong>ERDO\u011eAN, G\u00dcL VE ARIN\u00c7 ARASINDAK\u0130 G\u00dcVEN \u0130L\u0130\u015eK\u0130S\u0130\u00a0<\/strong><\/p>\n<p style=\"text-align: justify;\">Taha Akyol daha sonra senaryo hakk\u0131nda olu\u015fan soru i\u015faretlerini gideren o ismin a\u00e7\u0131klamalara yer verdi.<\/p>\n<p style=\"text-align: justify;\">(&#8230;)Ba\u015fbakan G\u00fcl Dostumuz \u00f6nemli bir noktaya dikkat \u00e7ekiyor: Tayyip Bey dahil bakanlar ve milletvekillerinin bir\u00e7o\u011fu gelecek parlamentoda olmayacaklar! AKP t\u00fcz\u00fc\u011f\u00fc g\u00f6re \u00fcst \u00fcste en fazla \u00fc\u00e7 defa milletvekili se\u00e7ilmek m\u00fcmk\u00fcn.<\/p>\n<p style=\"text-align: justify;\">Demek ki, iktidarm belli ba\u015fl\u0131 isimleri parlamento d\u0131\u015f\u0131nda kalacak! &#8220;\u00d6yle bir d\u00f6nemde hem devaml\u0131l\u0131\u011f\u0131 sa\u011flayacak hem herkesin benimseyece\u011fi isim Abdullah Bey&#8217;dir.&#8221; Abdullah Bey&#8217;in d\u0131\u015f\u0131nda kim olsa partide &#8220;Ben niye olmayay\u0131m&#8221; diyenler olur, tart\u0131\u015fmalar \u00e7\u0131kar. \u0130tirazs\u0131z benimsenecek tek isim ger\u00e7ekten Abdullah G\u00fcl&#8217;d\u00fcr. &#8220;Putin-Medvedev ili\u015fki\u015fine bak\u0131n, Erdo\u011fan, G\u00fcl ve Ar\u0131n\u00e7&#8217;\u0131n ili\u015fkileri \u00e7ok daha g\u00fcvenlidir.&#8221;<\/p>\n<p style=\"text-align: justify;\">Cumhurba\u015fkan\u0131 G\u00fcl ba\u015fbakanl\u0131\u011f\u0131 kabul eder mi? Niye etmesin?! Aktivizmine bak\u0131n, hi\u00e7 &#8220;emekli cumhurba\u015fkan\u0131&#8221; olacak gibi g\u00f6z\u00fck\u00fcyor.<\/p>\n<p style=\"text-align: justify;\"><a href=\"http:\/\/siyaset.milliyet.com.tr\/ak-parti-nin-2014-senaryosu-hazir\/siyaset\/siyasetdetay\/05.12.2011\/1471238\/default.htm\" target=\"_blank\">Kaynak : Milliyet.com.tr<\/a><\/p>\n","protected":false},"excerpt":{"rendered":"<p style=\"text-align: center;\">\n<p style=\"text-align: justify;\">Bu fla\u015f a\u00e7\u0131klamalar Ba\u015fbakan Erdo\u011fan&#8217;\u0131n \u00e7ok yak\u0131n \u00e7al\u0131\u015fma arkada\u015f\u0131na ait. Senoryonun hedefinde cumhuriyetin y\u00fcz\u00fcnc\u00fc y\u0131l\u0131 olan 2023&#8217;e AK Parti iktidar\u0131nda girmek.<\/p>\n<p style=\"text-align: justify;\">Ba\u015fbakan Erdo\u011fan&#8217;\u0131n hastal\u0131\u011f\u0131yla birlikte yeni senaryolar g\u00fcndeme geldi. Cumhurba\u015fkan\u0131 G\u00fcl&#8217;\u00fcn g\u00f6rev s\u00fcresi 2014&#8217;te doluyor. Peki sonras\u0131nda ne olacak? Kamuoyunun merak etti\u011fi sorulara Erdo\u011fan&#8217;\u0131n yak\u0131n\u0131ndaki bir isim, 2014 <\/p>\n","protected":false},"author":1,"featured_media":0,"comment_status":"open","ping_status":"open","sticky":false,"template":"","format":"standard","meta":{"footnotes":""},"categories":[105],"tags":[],"class_list":["post-43732","post","type-post","status-publish","format-standard","hentry","category-gundem","odd"],"_links":{"self":[{"href":"http:\/\/www.korhanyilmaz.com\/index.php?rest_route=\/wp\/v2\/posts\/43732","targetHints":{"allow":["GET"]}}],"collection":[{"href":"http:\/\/www.korhanyilmaz.com\/index.php?rest_route=\/wp\/v2\/posts"}],"about":[{"href":"http:\/\/www.korhanyilmaz.com\/index.php?rest_route=\/wp\/v2\/types\/post"}],"author":[{"embeddable":true,"href":"http:\/\/www.korhanyilmaz.com\/index.php?rest_route=\/wp\/v2\/users\/1"}],"replies":[{"embeddable":true,"href":"http:\/\/www.korhanyilmaz.com\/index.php?rest_route=%2Fwp%2Fv2%2Fcomments&post=43732"}],"version-history":[{"count":0,"href":"http:\/\/www.korhanyilmaz.com\/index.php?rest_route=\/wp\/v2\/posts\/43732\/revisions"}],"wp:attachment":[{"href":"http:\/\/www.korhanyilmaz.com\/index.php?rest_route=%2Fwp%2Fv2%2Fmedia&parent=43732"}],"wp:term":[{"taxonomy":"category","embeddable":true,"href":"http:\/\/www.korhanyilmaz.com\/index.php?rest_route=%2Fwp%2Fv2%2Fcategories&post=43732"},{"taxonomy":"post_tag","embeddable":true,"href":"http:\/\/www.korhanyilmaz.com\/index.php?rest_route=%2Fwp%2Fv2%2Ftags&post=43732"}],"curies":[{"name":"wp","href":"https:\/\/api.w.org\/{rel}","templated":true}]}}