{"id":43729,"date":"2011-12-05T07:42:09","date_gmt":"2011-12-05T05:42:09","guid":{"rendered":"http:\/\/www.korhanyilmaz.com\/?p=43729"},"modified":"2011-12-05T10:47:24","modified_gmt":"2011-12-05T08:47:24","slug":"ozel-yetkili-ceza-yagdirdi-bakanliktan-ayar-geldi","status":"publish","type":"post","link":"http:\/\/www.korhanyilmaz.com\/?p=43729","title":{"rendered":"&#8216;\u00d6zel yetkili&#8217; ceza ya\u011fd\u0131rd\u0131 bakanl\u0131ktan ayar geldi"},"content":{"rendered":"<p style=\"text-align: center;\"><a href=\"http:\/\/www.korhanyilmaz.com\/wp-content\/uploads\/2011\/12\/7441.jpg\"  class=\"lightview\"><img loading=\"lazy\" decoding=\"async\" class=\"aligncenter  wp-image-43730\" src=\"http:\/\/www.korhanyilmaz.com\/wp-content\/uploads\/2011\/12\/7441.jpg\" alt=\"\" width=\"336\" height=\"223\" \/><\/a><\/p>\n<p style=\"text-align: justify;\">&#8216;Halk Anayasas\u0131 Tasla\u011f\u0131&#8217;n\u0131 da\u011f\u0131tanlara hapis veren \u00f6zel yetkili mahkemenin bir de 301&#8217;den dava a\u00e7ma talebi Adalet Bakanl\u0131\u011f\u0131&#8217;ndan d\u00f6nd\u00fc. Bakanl\u0131k: Bu ifade \u00f6zg\u00fcrl\u00fc\u011f\u00fcd\u00fcr, su\u00e7 yok.<!--more--><\/p>\n<p style=\"text-align: justify;\">ANKARA- \u00d6zel yetkili Ankara 11. A\u011f\u0131r Ceza Mahkemesi\u2019nin su\u00e7 say\u0131p da\u011f\u0131tan gen\u00e7lere ceza ya\u011fd\u0131rd\u0131\u011f\u0131 \u2018Halk Anayasas\u0131 Tasla\u011f\u0131\u2019 isimli kitap\u00e7\u0131kla ilgili olarak Adalet Bakanl\u0131\u011f\u0131\u2019ndan \u00e7arp\u0131c\u0131 bir de\u011ferlendirme geldi. Bakanl\u0131k mahkemeye sundu\u011fu g\u00f6r\u00fc\u015f\u00fcnde, kitap\u00e7\u0131\u011f\u0131n ifade \u00f6zg\u00fcrl\u00fc\u011f\u00fc kapsam\u0131nda oldu\u011funu ve su\u00e7 unsuru bulunmad\u0131\u011f\u0131n\u0131 vurgulad\u0131.<\/p>\n<p style=\"text-align: justify;\">2007 y\u0131l\u0131nda yeni anayasa tart\u0131\u015fmalar\u0131 ya\u015fan\u0131rken \u2018Haklar ve \u00d6zg\u00fcrl\u00fckler Cephesi\u2019 \u00fcyesi bir grup gen\u00e7, \u2018Halk Anayasas\u0131 Tasla\u011f\u0131\u2019 isimli bir kitap\u00e7\u0131k haz\u0131rlay\u0131p da\u011f\u0131tt\u0131. Kitap\u00e7\u0131\u011f\u0131n 1. maddesinde \u201cT\u00fcrkiye Cumhuriyeti\u2019nin \u00e7e\u015fitli etnik unsurlar\u0131n g\u00f6n\u00fcll\u00fc birlikteli\u011finden olu\u015ftu\u011fu\u201d belirtilirken, 19. maddesinde \u201cher halk\u0131n kendi kaderini serbest\u00e7e tayin etme hakk\u0131 oldu\u011fu\u201d, ge\u00e7ici 7. maddesinde ise \u201cSiyasi \u015fubeler, M\u0130T merkezleri ve gizli kontrgerilla \u00fcslerindeki t\u00fcm i\u015fkence aletlerinin halk\u0131n g\u00f6z\u00fc \u00f6n\u00fcnde imha edilece\u011fi\u201d ifadeleri yer ald\u0131.<\/p>\n<p style=\"text-align: justify;\">Anayasa kitap\u00e7\u0131\u011f\u0131yla ilgili olarak, 10 gen\u00e7 hakk\u0131nda \u201cter\u00f6r \u00f6rg\u00fct\u00fc propagandas\u0131 yapmak\u201d ve TCK\u2019n\u0131n 301. maddesinde d\u00fczenlenen \u201cT\u00fcrkl\u00fc\u011f\u00fc, Cumhuriyeti, devletin kurum ve organlar\u0131n\u0131 a\u015fa\u011f\u0131lama\u201d su\u00e7undan dava a\u00e7\u0131ld\u0131.<\/p>\n<p style=\"text-align: justify;\"><strong>2 y\u0131l 6 ay ceza \u00e7\u0131kt\u0131<\/strong><\/p>\n<p style=\"text-align: justify;\">Savc\u0131 esasa ili\u015fkin m\u00fctalaas\u0131nda anayasa kitap\u00e7\u0131\u011f\u0131nda \u201cher halk\u0131n kendi kaderini tayin hakk\u0131na\u201d vurgu yap\u0131lmas\u0131yla PKK propagandas\u0131 yap\u0131ld\u0131\u011f\u0131n\u0131, \u201cM\u0130T merkezleri, siyasi \u015fubeler ve gizli kontrgerilla \u00fcslerindeki t\u00fcm i\u015fkence aletleri halk\u0131n g\u00f6z\u00fc \u00f6n\u00fcnde imha edilecek\u201d \u015feklindeki ibare nedeniyle de \u201cdevletin askeri ve emniyet te\u015fkilat\u0131n\u0131n alenen a\u015fa\u011f\u0131lama\u201d su\u00e7unun i\u015flendi\u011fini savundu. \u00d6zel yetkili Ankara 11. A\u011f\u0131r Ceza Mahkemesi, 19 Temmuz 2011\u2019de, anayasa kitap\u00e7\u0131\u011f\u0131 nedeniyle gen\u00e7leri \u201cter\u00f6r \u00f6rg\u00fct\u00fc propagandas\u0131 yapmak\u201d su\u00e7undan cezaland\u0131rd\u0131 ve her birine 2 y\u0131l 6 ay hapis cezas\u0131 verdi.<\/p>\n<p style=\"text-align: justify;\"><strong>\u2018\u015eoke edici bile olsa davaya gerek yok\u2019<\/strong><\/p>\n<p style=\"text-align: justify;\">Mahkeme ayr\u0131ca, TCK\u2019n\u0131n 301. maddesinde yer alan \u201cT\u00fcrkl\u00fc\u011f\u00fc, Cumhuriyeti, devletin kurum ve organlar\u0131n\u0131 a\u015fa\u011f\u0131lama\u201d su\u00e7undan dava a\u00e7mak i\u00e7in de Adalet Bakanl\u0131\u011f\u0131\u2019ndan izin istenmesine karar verdi. Adalet Bakanl\u0131\u011f\u0131 da Kas\u0131m 2011\u2019de Bakan Sadullah Ergin\u2019in imzas\u0131yla mahkemeye g\u00f6nderdi\u011fi yaz\u0131da gen\u00e7ler hakk\u0131nda 301. maddeden dava a\u00e7\u0131lmas\u0131na gerek olmad\u0131\u011f\u0131n\u0131, s\u00f6z konusu \u2018anayasa tasla\u011f\u0131 metninin\u2019 Avrupa \u0130nsan Haklar\u0131 S\u00f6zle\u015fmesi kapsam\u0131nda oldu\u011funu vurgulad\u0131.<\/p>\n<p style=\"text-align: justify;\">Bakanl\u0131\u011f\u0131n yeni anayasa tart\u0131\u015fmalar\u0131na da \u0131\u015f\u0131k tutacak karar\u0131nda, Avrupa \u0130nsan Haklar\u0131 S\u00f6zle\u015fmesi ve Avrupa \u0130nsan Haklar\u0131 Mahkemesi kararlar\u0131na at\u0131f yap\u0131larak, \u201cD\u00fc\u015f\u00fcnce ve ifade \u00f6zg\u00fcrl\u00fc\u011f\u00fcn\u00fcn sadece toplumda be\u011fenilen, kabul g\u00f6ren, zarars\u0131z veya kay\u0131ts\u0131zl\u0131k i\u00e7eren bilgiler veya fikirler i\u00e7in de\u011fil, ayn\u0131 zamanda k\u0131r\u0131c\u0131, \u015foke edici veya rahats\u0131z edici olanlar i\u00e7in de ge\u00e7erli say\u0131ld\u0131\u011f\u0131\u201d hat\u0131rlat\u0131ld\u0131.<\/p>\n<p style=\"text-align: justify;\"><strong>Avukat: Savc\u0131lara e\u011fitim<\/strong><\/p>\n<p style=\"text-align: justify;\">San\u0131klar\u0131n avukat\u0131 ve \u00c7HD Genel Ba\u015fkan\u0131 Sel\u00e7uk Koza\u011fa\u00e7l\u0131, \u201cBakanl\u0131\u011f\u0131n karar\u0131 do\u011frudur. Su\u00e7 politikas\u0131n\u0131 Adalet Bakanl\u0131\u011f\u0131 belirler. Bakanl\u0131\u011f\u0131n \u2018ifade \u00f6zg\u00fcrl\u00fc\u011f\u00fc kapsam\u0131ndad\u0131r\u2019 de\u011ferlendirmesine ra\u011fmen savc\u0131lar\u0131n bu davalar\u0131 a\u00e7mas\u0131 kabul edilemez. Bakanl\u0131k savc\u0131lar\u0131 bu y\u00f6nde e\u011fitmeli\u201d dedi.<\/p>\n<p style=\"text-align: justify;\">Bir d\u00f6nem \u00e7ok tart\u0131\u015f\u0131lan TCK 301. maddede yap\u0131lan de\u011fi\u015fiklikle, soru\u015fturma a\u00e7mak, Adalet Bakanl\u0131\u011f\u0131 iznine ba\u011flanm\u0131\u015ft\u0131.<\/p>\n<p style=\"text-align: justify;\"><strong>\u0130ncitse de ele\u015ftiri hakt\u0131r<\/strong><\/p>\n<p style=\"text-align: justify;\">Adalet Bakanl\u0131\u011f\u0131, karar\u0131nda, Avrupa \u0130nsan Haklar\u0131 S\u00f6zle\u015fmesi\u2019nde ifadeyi a\u00e7\u0131klama \u00f6zg\u00fcrl\u00fc\u011f\u00fcn\u00fcn \u2018s\u0131n\u0131r tan\u0131mayan bir de\u011fer\u2019 olarak alg\u0131land\u0131\u011f\u0131n\u0131 hat\u0131rlatt\u0131: \u201cB\u00f6yle bir \u00f6zg\u00fcrl\u00fc\u011f\u00fcn halk\u0131n b\u00fcy\u00fck bir kesimini rahats\u0131z etse dahi koruma kapsam\u0131nda kalaca\u011f\u0131, yine an\u0131lan bildiride nefret ya da kin a\u015f\u0131laman\u0131n s\u00f6z konusu olmad\u0131\u011f\u0131, esasen ele\u015ftiri haklar\u0131n\u0131n, anayasam\u0131zda g\u00fcvence alt\u0131na al\u0131nan ifade \u00f6zg\u00fcrl\u00fc\u011f\u00fcn\u00fcn do\u011fal bir par\u00e7as\u0131 oldu\u011fu, ki\u015filerin bu hakk\u0131 kullanmalar\u0131 sonucu ortaya koyduklar\u0131 d\u00fc\u015f\u00fcncelerin su\u00e7 olu\u015fturmayaca\u011f\u0131, Yarg\u0131tay ve Avrupa \u0130nsan Haklar\u0131 Mahkemesi\u2019nin kararlar\u0131nda da belirtildi\u011fi \u00fczere a\u011f\u0131r, sert veya incitici nitelikte de olsa ele\u015ftiri hakk\u0131 kullan\u0131ld\u0131\u011f\u0131nda ki\u015fiye yapt\u0131r\u0131m uygulanamayaca\u011f\u0131, bunun \u00e7o\u011fulcu demokrasinin vazge\u00e7ilmez bir unsuru oldu\u011fu, bir hak oldu\u011fu anayasam\u0131zda d\u00fczenlenmi\u015ftir.\u201d<\/p>\n<p style=\"text-align: justify;\"><a href=\"http:\/\/www.radikal.com.tr\/Radikal.aspx?aType=RadikalHaberDetayV3&amp;ArticleID=1071528&amp;Date=05.12.2011&amp;CategoryID=77\" target=\"_blank\">Kaynak : Radikal.com.tr<\/a><\/p>\n","protected":false},"excerpt":{"rendered":"<p style=\"text-align: center;\">\n<p style=\"text-align: justify;\">&#8216;Halk Anayasas\u0131 Tasla\u011f\u0131&#8217;n\u0131 da\u011f\u0131tanlara hapis veren \u00f6zel yetkili mahkemenin bir de 301&#8217;den dava a\u00e7ma talebi Adalet Bakanl\u0131\u011f\u0131&#8217;ndan d\u00f6nd\u00fc. Bakanl\u0131k: Bu ifade \u00f6zg\u00fcrl\u00fc\u011f\u00fcd\u00fcr, su\u00e7 yok.<\/p>\n","protected":false},"author":1,"featured_media":0,"comment_status":"open","ping_status":"open","sticky":false,"template":"","format":"standard","meta":{"footnotes":""},"categories":[105],"tags":[],"class_list":["post-43729","post","type-post","status-publish","format-standard","hentry","category-gundem","odd"],"_links":{"self":[{"href":"http:\/\/www.korhanyilmaz.com\/index.php?rest_route=\/wp\/v2\/posts\/43729","targetHints":{"allow":["GET"]}}],"collection":[{"href":"http:\/\/www.korhanyilmaz.com\/index.php?rest_route=\/wp\/v2\/posts"}],"about":[{"href":"http:\/\/www.korhanyilmaz.com\/index.php?rest_route=\/wp\/v2\/types\/post"}],"author":[{"embeddable":true,"href":"http:\/\/www.korhanyilmaz.com\/index.php?rest_route=\/wp\/v2\/users\/1"}],"replies":[{"embeddable":true,"href":"http:\/\/www.korhanyilmaz.com\/index.php?rest_route=%2Fwp%2Fv2%2Fcomments&post=43729"}],"version-history":[{"count":0,"href":"http:\/\/www.korhanyilmaz.com\/index.php?rest_route=\/wp\/v2\/posts\/43729\/revisions"}],"wp:attachment":[{"href":"http:\/\/www.korhanyilmaz.com\/index.php?rest_route=%2Fwp%2Fv2%2Fmedia&parent=43729"}],"wp:term":[{"taxonomy":"category","embeddable":true,"href":"http:\/\/www.korhanyilmaz.com\/index.php?rest_route=%2Fwp%2Fv2%2Fcategories&post=43729"},{"taxonomy":"post_tag","embeddable":true,"href":"http:\/\/www.korhanyilmaz.com\/index.php?rest_route=%2Fwp%2Fv2%2Ftags&post=43729"}],"curies":[{"name":"wp","href":"https:\/\/api.w.org\/{rel}","templated":true}]}}