{"id":43723,"date":"2011-12-04T09:53:52","date_gmt":"2011-12-04T07:53:52","guid":{"rendered":"http:\/\/www.korhanyilmaz.com\/?p=43723"},"modified":"2011-12-04T17:27:50","modified_gmt":"2011-12-04T15:27:50","slug":"destek-fotografina-tutuklama","status":"publish","type":"post","link":"http:\/\/www.korhanyilmaz.com\/?p=43723","title":{"rendered":"Destek foto\u011fraf\u0131na tutuklama"},"content":{"rendered":"<p style=\"text-align: center;\"><a href=\"http:\/\/www.korhanyilmaz.com\/wp-content\/uploads\/2011\/12\/7440.jpg\"  class=\"lightview\"><img loading=\"lazy\" decoding=\"async\" class=\"aligncenter  wp-image-43724\" src=\"http:\/\/www.korhanyilmaz.com\/wp-content\/uploads\/2011\/12\/7440.jpg\" alt=\"\" width=\"396\" height=\"180\" \/><\/a><\/p>\n<p style=\"text-align: justify;\">Hopa olaylar\u0131 s\u0131ras\u0131nda tutuklanan ve cezaevinde sa\u00e7\u0131 kesilen arkada\u015flar\u0131na destek i\u00e7in sa\u00e7lar\u0131n\u0131 kaz\u0131tan gen\u00e7lerden 3&#8217;\u00fc tutukland\u0131.<\/p>\n<p style=\"text-align: justify;\">\u0130STANBUL- Ankara \u00dcniversitesi Siyasal Bilgiler Fak\u00fcltesi \u00f6\u011frencisi Ozan G\u00fcndo\u011fdu, 31 May\u0131s\u2019ta Ankara\u2019da d\u00fczenlenen Hopa protestosunda g\u00f6zalt\u0131na al\u0131nd\u0131. Ozan\u2019\u0131n uzun sa\u00e7lar\u0131 cezaevinde kesildi. Ayn\u0131 eyleme kat\u0131lan be\u015f arkada\u015f\u0131 da moral olsun diye d\u0131\u015far\u0131da sa\u00e7lar\u0131n\u0131 kestirdi, bir de foto\u011fraf \u00e7ektirip cezaevine g\u00f6nderdiler. Foto\u011fraftaki 5 gen\u00e7ten 3\u2019\u00fc, 10 g\u00fcn sonra tutukland\u0131. \u0130ddianameye \u201ctan\u0131nmamak i\u00e7in sa\u00e7lar\u0131n\u0131 kestirdikleri\u201d yaz\u0131ld\u0131.\u00a0<!--more--><\/p>\n<p style=\"text-align: justify;\"><a href=\"http:\/\/www.korhanyilmaz.com\/wp-content\/uploads\/2011\/12\/7439.jpg\"  class=\"lightview\"><img loading=\"lazy\" decoding=\"async\" class=\"alignleft  wp-image-43725\" style=\"margin-left: 10px; margin-right: 10px;\" src=\"http:\/\/www.korhanyilmaz.com\/wp-content\/uploads\/2011\/12\/7439.jpg\" alt=\"\" width=\"164\" height=\"236\" \/><\/a>Radikal gazetesinden P\u0131nar \u00d6\u011f\u00fcn\u00e7\u2019\u00fcn yaz\u0131na g\u00f6re, Ankara \u00dcniversitesi Siyasal Bilgiler Fak\u00fcltesi\u2019nde \u00f6\u011frenci olan Ozan G\u00fcndo\u011fdu, Metin Lokumcu\u2019nun Hopa\u2019da \u00f6l\u00fcm\u00fcnden sonra Ankara\u2019da yap\u0131lan eylemde d\u00f6rt arkada\u015f\u0131yla birlikte g\u00f6zalt\u0131na al\u0131nd\u0131. \u00d6nce \u201cmala zarar vermek\u201d su\u00e7lamas\u0131yla L tipi bir cezaevine konuldu.<\/p>\n<p style=\"text-align: justify;\">3 Haziran\u2019da arkada\u015f\u0131 \u00c7a\u011fday Ersoy\u2019la birlikte cezaevine girdi\u011finde sa\u00e7lar\u0131 uzun olan Ozan, i\u00e7eride sa\u00e7lar\u0131n\u0131 kestirdi. Bunu duyan d\u0131\u015far\u0131daki arkada\u015flar\u0131 da moral olsun diye sa\u00e7lar\u0131n\u0131 kestirip \u00e7ektirdikleri foto\u011fraf\u0131 cezaevine g\u00f6nderdi. Foto\u011fraf\u0131n \u00e7ekilmesinden 10 g\u00fcn sonra foto\u011frafta yer alan \u00c7a\u011fr\u0131 Y\u0131lmaz, Hikmet Tan\u0131l ve Can Kaya\u2019n\u0131n evine bask\u0131n d\u00fczenlendi. 3 gen\u00e7 tutuklan\u0131p cezaevine konuldu. Aylar sonra haz\u0131rlanan iddianamede Y\u0131lmaz, Tan\u0131l ve Kaya\u2019n\u0131n \u2018tan\u0131nmamak i\u00e7in sa\u00e7lar\u0131n\u0131 kestirdi\u011fi\u2019 yaz\u0131yordu.<\/p>\n<p style=\"text-align: justify;\"><strong>PU\u015e\u0130 SU\u00c7 E\u015eYASI SAYILMI\u015eTI<\/strong><\/p>\n<p style=\"text-align: justify;\">Ankara 11. A\u011f\u0131r Ceza Mahkemesi\u2019nce kabul edilen davan\u0131n iddianamesinde, 31 May\u0131s 2011\u2019de Artvin\u2019in Hopa il\u00e7esinde ya\u015fanan olaylara ili\u015fkin ayn\u0131 ak\u015fam Ankara\u2019da d\u00fczenlenen kanunsuz y\u00fcr\u00fcy\u00fc\u015f ve bas\u0131n a\u00e7\u0131klamas\u0131na yakla\u015f\u0131k 800 ki\u015finin kat\u0131ld\u0131\u011f\u0131, sloganlar atan topluluktan baz\u0131 ki\u015filerin y\u00fczlerini kapamak suretiyle g\u00fcvenlik g\u00fc\u00e7lerine ve ara\u00e7lar\u0131na ta\u015f ve sopalarla sald\u0131rd\u0131\u011f\u0131 iddia edilmi\u015fti.<\/p>\n<p style=\"text-align: justify;\">Eylem sonras\u0131 olay yeri ve civar\u0131nda yap\u0131lan ara\u015ft\u0131rma neticesinde elde edilen su\u00e7 e\u015fyalar\u0131 aras\u0131nda, gri renkli sert plastik borular, 1 adet sap\u0131 k\u0131r\u0131lm\u0131\u015f, beyaz renkli \u00fczerinde \u201cAnkara Tabipler Odas\u0131 Hekime Y\u00f6nelik \u015eiddete Hay\u0131r\u201d yaz\u0131s\u0131 bulunan \u015femsiye, 2 adet sar\u0131 k\u0131rm\u0131z\u0131 siyah renkli \u00fczerinde k\u0131rm\u0131z\u0131 y\u0131ld\u0131z bulunan yakla\u015f\u0131k 60&#215;120 cm ebatlar\u0131nda \u00fczerinde Toplumsal \u00d6zg\u00fcrl\u00fck Platformu yaz\u0131l\u0131 sopas\u0131z flama, \u201c\u0130syan Devrim \u00d6zg\u00fcrl\u00fck \u00d6\u011frenci Kollektifleri www.kollektifler.net\u201d yaz\u0131l\u0131 flama, 1 adet \u00d6DP yaz\u0131l\u0131 sopal\u0131 flama, 1 adet 90&#215;90 cm ebad\u0131nda siyah beyaz kareli pu\u015fi say\u0131lm\u0131\u015ft\u0131.<\/p>\n<p style=\"text-align: justify;\"><strong>\u0130LK DURU\u015eMA 9 ARALIK&#8217;TA<\/strong><\/p>\n<p style=\"text-align: justify;\">\u015e\u00fcphelilerin evlerinde yap\u0131lan aramalarda ise, yasak olmamas\u0131na ra\u011fmen \u00d6\u011frenci Kolektifleri taraf\u0131ndan yay\u0131nlanan gazeteler, Lenin\u2019in \u201cNe Yapmal\u0131\u201d isimli kitab\u0131, Mark Engels\u2019in \u201cKom\u00fcnist Manifesto ve Kom\u00fcnizmin \u0130lkeleri\u201d isimli kitab\u0131, Halit \u00c7elenk\u2019in \u201c\u0130dam Gecesi An\u0131lar\u0131\u201d, Halk\u0131n Devrimci Yolu isimli dergi, O\u011fuzhan M\u00fcft\u00fco\u011flu\u2019nun \u201cBiz Ona Devrim Diyorduk, Ge\u00e7mi\u015fi A\u015fabilmek\u201d isimli kitaplar\u0131na da el konuldu\u011fu belirtilmi\u015fti.<\/p>\n<p style=\"text-align: justify;\">22\u2019si tutuklu, 28 ki\u015finin yarg\u0131land\u0131\u011f\u0131 Hopa davas\u0131, 9 Aral\u0131k\u2019ta saat 10.00\u2019da Ankara 11. A\u011f\u0131r Ceza Mahkemesi\u2019nde g\u00f6r\u00fclecek. \u0130ddianamede, \u201csan\u0131klardan \u00c7a\u011fr\u0131 Y\u0131lmaz, Hikmet Tan\u0131l, Nuri \u00d6z\u00e7elik ve Demet Y\u0131lan\u2019\u0131n polise sald\u0131ran grup aras\u0131nda yer ald\u0131\u011f\u0131, olay sonras\u0131nda tan\u0131nmamak amac\u0131yla uzun olan sa\u00e7lar\u0131n\u0131 kestirdikleri, baz\u0131 san\u0131klar\u0131n da ellerindeki flama sopalar\u0131 ile panzerlere sald\u0131rd\u0131\u011f\u0131\u201d anlat\u0131ld\u0131.<\/p>\n<p style=\"text-align: justify;\"><a href=\"http:\/\/www.gazeteport.com.tr\/haber\/66291\/destek_fotografina_tutuklama\" target=\"_blank\">Kaynak : GAZETEPORT<\/a><\/p>\n","protected":false},"excerpt":{"rendered":"<p style=\"text-align: center;\">\n<p style=\"text-align: justify;\">Hopa olaylar\u0131 s\u0131ras\u0131nda tutuklanan ve cezaevinde sa\u00e7\u0131 kesilen arkada\u015flar\u0131na destek i\u00e7in sa\u00e7lar\u0131n\u0131 kaz\u0131tan gen\u00e7lerden 3&#8217;\u00fc tutukland\u0131.<\/p>\n<p style=\"text-align: justify;\">\u0130STANBUL- Ankara \u00dcniversitesi Siyasal Bilgiler Fak\u00fcltesi \u00f6\u011frencisi Ozan G\u00fcndo\u011fdu, 31 May\u0131s\u2019ta Ankara\u2019da d\u00fczenlenen Hopa protestosunda g\u00f6zalt\u0131na al\u0131nd\u0131. Ozan\u2019\u0131n uzun sa\u00e7lar\u0131 cezaevinde kesildi. Ayn\u0131 eyleme kat\u0131lan be\u015f arkada\u015f\u0131 da moral olsun diye d\u0131\u015far\u0131da <\/p>\n","protected":false},"author":1,"featured_media":0,"comment_status":"open","ping_status":"open","sticky":false,"template":"","format":"standard","meta":{"footnotes":""},"categories":[105],"tags":[],"class_list":["post-43723","post","type-post","status-publish","format-standard","hentry","category-gundem","odd"],"_links":{"self":[{"href":"http:\/\/www.korhanyilmaz.com\/index.php?rest_route=\/wp\/v2\/posts\/43723","targetHints":{"allow":["GET"]}}],"collection":[{"href":"http:\/\/www.korhanyilmaz.com\/index.php?rest_route=\/wp\/v2\/posts"}],"about":[{"href":"http:\/\/www.korhanyilmaz.com\/index.php?rest_route=\/wp\/v2\/types\/post"}],"author":[{"embeddable":true,"href":"http:\/\/www.korhanyilmaz.com\/index.php?rest_route=\/wp\/v2\/users\/1"}],"replies":[{"embeddable":true,"href":"http:\/\/www.korhanyilmaz.com\/index.php?rest_route=%2Fwp%2Fv2%2Fcomments&post=43723"}],"version-history":[{"count":0,"href":"http:\/\/www.korhanyilmaz.com\/index.php?rest_route=\/wp\/v2\/posts\/43723\/revisions"}],"wp:attachment":[{"href":"http:\/\/www.korhanyilmaz.com\/index.php?rest_route=%2Fwp%2Fv2%2Fmedia&parent=43723"}],"wp:term":[{"taxonomy":"category","embeddable":true,"href":"http:\/\/www.korhanyilmaz.com\/index.php?rest_route=%2Fwp%2Fv2%2Fcategories&post=43723"},{"taxonomy":"post_tag","embeddable":true,"href":"http:\/\/www.korhanyilmaz.com\/index.php?rest_route=%2Fwp%2Fv2%2Ftags&post=43723"}],"curies":[{"name":"wp","href":"https:\/\/api.w.org\/{rel}","templated":true}]}}