{"id":43718,"date":"2011-12-04T15:38:12","date_gmt":"2011-12-04T13:38:12","guid":{"rendered":"http:\/\/www.korhanyilmaz.com\/?p=43718"},"modified":"2011-12-04T17:19:08","modified_gmt":"2011-12-04T15:19:08","slug":"erdogan-evinde-dinlenmeye-devam-edecek","status":"publish","type":"post","link":"http:\/\/www.korhanyilmaz.com\/?p=43718","title":{"rendered":"Erdo\u011fan evinde dinlenmeye devam edecek"},"content":{"rendered":"<p style=\"text-align: justify;\"><a href=\"http:\/\/www.korhanyilmaz.com\/wp-content\/uploads\/2011\/12\/7438.jpg\"  class=\"lightview\"><img loading=\"lazy\" decoding=\"async\" class=\"aligncenter size-full wp-image-43719\" title=\"\" src=\"http:\/\/www.korhanyilmaz.com\/wp-content\/uploads\/2011\/12\/7438.jpg\" alt=\"\" width=\"292\" height=\"224\" \/><\/a><\/p>\n<p style=\"text-align: justify;\">Ba\u015fbakan Recep Tayyip Erdo\u011fan&#8217;\u0131n yar\u0131n Bakanlar Kurulu Toplant\u0131s\u0131 yapmayaca\u011f\u0131, istirahatini hafta i\u00e7inde de s\u00fcrd\u00fcrece\u011fi \u00f6\u011frenildi.<\/p>\n<p style=\"text-align: justify;\">Ba\u015fbakanl\u0131k kaynaklar\u0131ndan al\u0131nan bilgiye g\u00f6re, Erdo\u011fan&#8217;\u0131n ge\u00e7irdi\u011fi ameliyat sonras\u0131 gelecek hafta i\u00e7inde de istirahatini s\u00fcrd\u00fcrece\u011fi bildirildi.<!--more--><\/p>\n<p style=\"text-align: justify;\">Marmara \u00dcniversitesi T\u0131p Fak\u00fcltesi Pendik E\u011fitim ve Ara\u015ft\u0131rma Hastanesinde 26 Kas\u0131m&#8217;da sindirim sistemi ameliyat\u0131 ge\u00e7iren ve 29 Kas\u0131m&#8217;da taburcu olan Ba\u015fbakan Erdo\u011fan, 6 g\u00fcnd\u00fcr \u00dcsk\u00fcdar K\u0131s\u0131kl\u0131&#8217;daki evinde dinleniyor.<\/p>\n<p style=\"text-align: justify;\">Aile \u00fcyeleri d\u0131\u015f\u0131nda sadece 2 Aral\u0131k&#8217;ta TBMM Ba\u015fkan\u0131 Cemil \u00c7i\u00e7ek ve d\u00fcn de ABD Ba\u015fkan Yard\u0131mc\u0131s\u0131 Joe Biden ile g\u00f6r\u00fc\u015fen Ba\u015fbakan Erdo\u011fan, enfeksiyon kapma riski nedeniyle ziyaret\u00e7i kabul etmiyor.<\/p>\n<p style=\"text-align: justify;\">Bu arada, Ba\u015fbakanl\u0131k Bas\u0131n-Yay\u0131n ve Enformasyon Genel M\u00fcd\u00fcrl\u00fc\u011f\u00fc&#8217;n\u00fcn internet sitesinden, Ba\u015fbakan Recep Tayyip Erdo\u011fan&#8217;\u0131n 10-12 Aral\u0131k tarihinde d\u00fczenlenecek &#8220;Medeniyetler \u0130ttifak\u0131 Doha Zirvesi&#8221;ne kat\u0131lmak \u00fczere 10 Aral\u0131k&#8217;ta Katar&#8217;a gidece\u011fi duyuruldu.<\/p>\n<p style=\"text-align: justify;\">\u00d6te yandan, Ba\u015fbakan Erdo\u011fan&#8217;\u0131n taburcu olmas\u0131n\u0131n alt\u0131nc\u0131 g\u00fcn\u00fcnde konutundaki istirahati s\u00fcrerken, bas\u0131n mensuplar\u0131 da Erdo\u011fan&#8217;\u0131n konutunun bulundu\u011fu caddenin kar\u015f\u0131s\u0131ndaki arsada beklemeye devam ediyor.<\/p>\n<p style=\"text-align: justify;\">Erdo\u011fan&#8217;\u0131n konutunun \u00e7evresinde al\u0131nan geni\u015f g\u00fcvenlik \u00f6nlemleri s\u00fcrerken, konutun yakla\u015f\u0131k 400 metre uzakl\u0131\u011f\u0131nda bulunan \u0130SPARK&#8217;a ait heliport alan\u0131nda Sa\u011fl\u0131k Bakanl\u0131\u011f\u0131na ba\u011fl\u0131 ambulans helikopter bekletiliyor.<\/p>\n<p style=\"text-align: justify;\">Ba\u015fbakan Erdo\u011fan&#8217;\u0131n konutunun bulundu\u011fu soka\u011f\u0131n giri\u015fine \u015feffaf bir k\u00fcrs\u00fc \u00fczerine konulan ve dileyenlerin &#8220;ge\u00e7mi\u015f olsun&#8221; dileklerini yazd\u0131\u011f\u0131 deftere, vatanda\u015flar mesajlar\u0131n\u0131 yaz\u0131yor. Zaman zaman uzun kuyruklar\u0131n olu\u015ftu\u011fu deftere, okuma-yazma bilmeyenler de duygular\u0131n\u0131 Ba\u015fbakanl\u0131k korumalar\u0131 arac\u0131l\u0131\u011f\u0131yla kaydediyor.<\/p>\n<p style=\"text-align: justify;\">Bu arada, dolan defterler korumalar taraf\u0131ndan konuta g\u00f6t\u00fcr\u00fcl\u00fcrken, yerine yeni defter konuluyor.<\/p>\n<p style=\"text-align: justify;\"><a href=\"http:\/\/www.cnnturk.com\/2011\/turkiye\/12\/04\/erdogan.evinde.dinlenmeye.devam.edecek\/639224.0\/index.html\" target=\"_blank\">Kaynak : CNN T\u00dcRK<\/a><\/p>\n","protected":false},"excerpt":{"rendered":"<p style=\"text-align: justify;\">\n<p style=\"text-align: justify;\">Ba\u015fbakan Recep Tayyip Erdo\u011fan&#8217;\u0131n yar\u0131n Bakanlar Kurulu Toplant\u0131s\u0131 yapmayaca\u011f\u0131, istirahatini hafta i\u00e7inde de s\u00fcrd\u00fcrece\u011fi \u00f6\u011frenildi.<\/p>\n<p style=\"text-align: justify;\">Ba\u015fbakanl\u0131k kaynaklar\u0131ndan al\u0131nan bilgiye g\u00f6re, Erdo\u011fan&#8217;\u0131n ge\u00e7irdi\u011fi ameliyat sonras\u0131 gelecek hafta i\u00e7inde de istirahatini s\u00fcrd\u00fcrece\u011fi bildirildi.<\/p>\n","protected":false},"author":1,"featured_media":0,"comment_status":"open","ping_status":"open","sticky":false,"template":"","format":"standard","meta":{"footnotes":""},"categories":[105],"tags":[],"class_list":["post-43718","post","type-post","status-publish","format-standard","hentry","category-gundem","odd"],"_links":{"self":[{"href":"http:\/\/www.korhanyilmaz.com\/index.php?rest_route=\/wp\/v2\/posts\/43718","targetHints":{"allow":["GET"]}}],"collection":[{"href":"http:\/\/www.korhanyilmaz.com\/index.php?rest_route=\/wp\/v2\/posts"}],"about":[{"href":"http:\/\/www.korhanyilmaz.com\/index.php?rest_route=\/wp\/v2\/types\/post"}],"author":[{"embeddable":true,"href":"http:\/\/www.korhanyilmaz.com\/index.php?rest_route=\/wp\/v2\/users\/1"}],"replies":[{"embeddable":true,"href":"http:\/\/www.korhanyilmaz.com\/index.php?rest_route=%2Fwp%2Fv2%2Fcomments&post=43718"}],"version-history":[{"count":0,"href":"http:\/\/www.korhanyilmaz.com\/index.php?rest_route=\/wp\/v2\/posts\/43718\/revisions"}],"wp:attachment":[{"href":"http:\/\/www.korhanyilmaz.com\/index.php?rest_route=%2Fwp%2Fv2%2Fmedia&parent=43718"}],"wp:term":[{"taxonomy":"category","embeddable":true,"href":"http:\/\/www.korhanyilmaz.com\/index.php?rest_route=%2Fwp%2Fv2%2Fcategories&post=43718"},{"taxonomy":"post_tag","embeddable":true,"href":"http:\/\/www.korhanyilmaz.com\/index.php?rest_route=%2Fwp%2Fv2%2Ftags&post=43718"}],"curies":[{"name":"wp","href":"https:\/\/api.w.org\/{rel}","templated":true}]}}