{"id":43715,"date":"2011-12-04T14:52:13","date_gmt":"2011-12-04T12:52:13","guid":{"rendered":"http:\/\/www.korhanyilmaz.com\/?p=43715"},"modified":"2011-12-04T17:15:18","modified_gmt":"2011-12-04T15:15:18","slug":"ilk-ziyaret-katara","status":"publish","type":"post","link":"http:\/\/www.korhanyilmaz.com\/?p=43715","title":{"rendered":"\u0130lk ziyaret Katar&#8217;a"},"content":{"rendered":"<p style=\"text-align: center;\"><a href=\"http:\/\/www.korhanyilmaz.com\/wp-content\/uploads\/2011\/12\/7437.jpg\"  class=\"lightview\"><img loading=\"lazy\" decoding=\"async\" class=\"aligncenter  wp-image-43716\" src=\"http:\/\/www.korhanyilmaz.com\/wp-content\/uploads\/2011\/12\/7437.jpg\" alt=\"\" width=\"396\" height=\"180\" \/><\/a><\/p>\n<p style=\"text-align: justify;\">Ba\u015fbakan Erdo\u011fan&#8217;\u0131n 10 Aral\u0131k&#8217;a kadar \u0130stanbul&#8217;da dinlenece\u011fi, ard\u0131ndan da Katar&#8217;a gidece\u011fi \u00f6\u011frenildi.<\/p>\n<p style=\"text-align: justify;\">\u0130STANBUL- Ba\u015fbakanl\u0131k kaynaklar\u0131ndan elde edilen bilgilere g\u00f6re, ameliyat olan Ba\u015fbakan Recep Tayyip Erdo\u011fan 10 Aral\u0131k&#8217;a kadar \u0130stanbul&#8217;da dinlenecek, ard\u0131ndan da Katar&#8217;a gidecek.\u00a0<!--more--><\/p>\n<p style=\"text-align: justify;\">Bu arada Erdo\u011fan, \u00dcsk\u00fcdar K\u0131s\u0131kl\u0131&#8217;daki evinin \u00f6n\u00fcne vatanda\u015flar ge\u00e7mi\u015f olsun dileklerini iletmek i\u00e7in gelmeye devam ediyor. Vatanda\u015flar Ba\u015fbakan Erdo\u011fan&#8217;\u0131n evinin bulundu\u011fu soka\u011f\u0131n giri\u015finde a\u00e7\u0131lan deftere ge\u00e7mi\u015f olsun dileklerini yazmak i\u00e7in bug\u00fcn de s\u0131raya girdi.<\/p>\n<p style=\"text-align: justify;\">Ba\u015fbakan Erdo\u011fan&#8217;\u0131 g\u00f6remeyen vatanda\u015flar, evin bulundu\u011fu Avc\u0131 Kaz\u0131m soka\u011f\u0131n giri\u015fine kurulan deftere ge\u00e7mi\u015f olsun dileklerini yazd\u0131.<\/p>\n<p style=\"text-align: justify;\"><a href=\"http:\/\/www.gazeteport.com.tr\/haber\/66362\/ilk_ziyaret_katara\" target=\"_blank\">Kaynak : GAZETEPORT<\/a><\/p>\n","protected":false},"excerpt":{"rendered":"<p style=\"text-align: center;\">\n<p style=\"text-align: justify;\">Ba\u015fbakan Erdo\u011fan&#8217;\u0131n 10 Aral\u0131k&#8217;a kadar \u0130stanbul&#8217;da dinlenece\u011fi, ard\u0131ndan da Katar&#8217;a gidece\u011fi \u00f6\u011frenildi.<\/p>\n<p style=\"text-align: justify;\">\u0130STANBUL- Ba\u015fbakanl\u0131k kaynaklar\u0131ndan elde edilen bilgilere g\u00f6re, ameliyat olan Ba\u015fbakan Recep Tayyip Erdo\u011fan 10 Aral\u0131k&#8217;a kadar \u0130stanbul&#8217;da dinlenecek, ard\u0131ndan da Katar&#8217;a gidecek. <\/p>\n","protected":false},"author":1,"featured_media":0,"comment_status":"open","ping_status":"open","sticky":false,"template":"","format":"standard","meta":{"footnotes":""},"categories":[105],"tags":[],"class_list":["post-43715","post","type-post","status-publish","format-standard","hentry","category-gundem","odd"],"_links":{"self":[{"href":"http:\/\/www.korhanyilmaz.com\/index.php?rest_route=\/wp\/v2\/posts\/43715","targetHints":{"allow":["GET"]}}],"collection":[{"href":"http:\/\/www.korhanyilmaz.com\/index.php?rest_route=\/wp\/v2\/posts"}],"about":[{"href":"http:\/\/www.korhanyilmaz.com\/index.php?rest_route=\/wp\/v2\/types\/post"}],"author":[{"embeddable":true,"href":"http:\/\/www.korhanyilmaz.com\/index.php?rest_route=\/wp\/v2\/users\/1"}],"replies":[{"embeddable":true,"href":"http:\/\/www.korhanyilmaz.com\/index.php?rest_route=%2Fwp%2Fv2%2Fcomments&post=43715"}],"version-history":[{"count":0,"href":"http:\/\/www.korhanyilmaz.com\/index.php?rest_route=\/wp\/v2\/posts\/43715\/revisions"}],"wp:attachment":[{"href":"http:\/\/www.korhanyilmaz.com\/index.php?rest_route=%2Fwp%2Fv2%2Fmedia&parent=43715"}],"wp:term":[{"taxonomy":"category","embeddable":true,"href":"http:\/\/www.korhanyilmaz.com\/index.php?rest_route=%2Fwp%2Fv2%2Fcategories&post=43715"},{"taxonomy":"post_tag","embeddable":true,"href":"http:\/\/www.korhanyilmaz.com\/index.php?rest_route=%2Fwp%2Fv2%2Ftags&post=43715"}],"curies":[{"name":"wp","href":"https:\/\/api.w.org\/{rel}","templated":true}]}}