{"id":43712,"date":"2011-12-04T16:09:57","date_gmt":"2011-12-04T14:09:57","guid":{"rendered":"http:\/\/www.korhanyilmaz.com\/?p=43712"},"modified":"2011-12-04T17:12:08","modified_gmt":"2011-12-04T15:12:08","slug":"bahceliden-komplo-uyarisi","status":"publish","type":"post","link":"http:\/\/www.korhanyilmaz.com\/?p=43712","title":{"rendered":"Bah\u00e7eli&#8217;den komplo uyar\u0131s\u0131"},"content":{"rendered":"<p style=\"text-align: center;\"><a href=\"http:\/\/www.korhanyilmaz.com\/wp-content\/uploads\/2011\/12\/7436.jpg\"  class=\"lightview\"><img loading=\"lazy\" decoding=\"async\" class=\"aligncenter  wp-image-43713\" src=\"http:\/\/www.korhanyilmaz.com\/wp-content\/uploads\/2011\/12\/7436.jpg\" alt=\"\" width=\"396\" height=\"180\" \/><\/a><\/p>\n<p style=\"text-align: justify;\">MHP lideri Bah\u00e7eli, te\u015fkilatlar\u0131 gelekcek y\u0131lki kurultaya kadar dikkat edilmesi gereken konular hakk\u0131nda uyard\u0131.<\/p>\n<p style=\"text-align: justify;\">ANKARA &#8211; MHP Genel Ba\u015fkan\u0131 Devlet Bah\u00e7eli, &#8221;D\u00fcn isyanc\u0131lara, asilere ve e\u015fk\u0131yalara kar\u015f\u0131 yap\u0131lan millet ve devlet dayan\u0131\u015fmas\u0131n\u0131n, d\u00fczensizli\u011fe haddini bildiren kudretli iradenin, f\u0131rsattan istifa eden gafiller taraf\u0131ndan bug\u00fcnlerde insanl\u0131k su\u00e7uyla ayn\u0131 kategoriye sokulmas\u0131, b\u00fcy\u00fck bir ahlaks\u0131zl\u0131k ve edepsizlik olarak milli haf\u0131zalara kaz\u0131nm\u0131\u015ft\u0131r&#8221; dedi.\u00a0<!--more--><\/p>\n<p style=\"text-align: justify;\">MHP Genel Merkezinden yap\u0131lan a\u00e7\u0131klamaya g\u00f6re, Devlet Bah\u00e7eli, parti te\u015fkilatlar\u0131na bir genelge g\u00f6ndererek, gelecek y\u0131l yap\u0131lacak 10. Ola\u011fan B\u00fcy\u00fck Kurultay&#8217;a kadar olan s\u00fcre\u00e7te dikkat edilmesi gereken konularla ilgili uyar\u0131larda bulundu.<\/p>\n<p style=\"text-align: justify;\">T\u00fcrk milletinin, &#8221;gittik\u00e7e yay\u0131lan ve g\u00fc\u00e7 kazanan b\u00f6l\u00fcc\u00fcl\u00fck ak\u0131m\u0131 kar\u015f\u0131s\u0131nda tedirgin ve bin y\u0131ll\u0131k karde\u015flik hukukunun zedelenece\u011finden dolay\u0131 endi\u015fe i\u00e7inde oldu\u011funu&#8221; ileri s\u00fcren Bah\u00e7eli, \u015f\u00f6yle devam etti:<\/p>\n<p style=\"text-align: justify;\">&#8221;Aziz milletimizin vazge\u00e7ilmez milli ve manevi de\u011ferlerini heba etmek ve h\u0131rpalamak i\u00e7in yeni anayasay\u0131 e\u015fsiz bir f\u0131rsat olarak g\u00f6ren g\u00fcruhun tayin etti\u011fi amac\u0131na ula\u015fmak i\u00e7in t\u00fcm yollar\u0131 deneyece\u011fi a\u00e7\u0131k ve ortadad\u0131r.<\/p>\n<p style=\"text-align: justify;\">\u00d6zellikle &#8216;ge\u00e7mi\u015fle y\u00fczle\u015fme, tabular\u0131 y\u0131kma&#8217; s\u00f6zleriyle form\u00fcle edilen tarihimizi imha ve sapt\u0131rma \u00e7abalar\u0131n\u0131n, yeni anayasa yap\u0131m\u0131n\u0131n h\u0131zland\u0131r\u0131c\u0131 unsurlar\u0131ndan birisi olarak tasarland\u0131\u011f\u0131 anla\u015f\u0131lmaktad\u0131r. Ge\u00e7mi\u015fteki bir isyan ve ayaklanma giri\u015fimine kar\u015f\u0131 milletimizin ve devletimizin me\u015fru kar\u015f\u0131 duru\u015funu ve m\u00fccadelesini, katliam gibi kabul edilemez bir iftirayla \u00f6rt\u00fc\u015ft\u00fcrmeye c\u00fcret etmek, en hafif tabirle seviyesizli\u011fin ve \u015fuursuzlu\u011fun dibini g\u00f6stermesi bak\u0131m\u0131ndan \u00e7ok anlaml\u0131d\u0131r. &#8216;B\u00fcy\u00fck devletler tarihlerinden korkmaz&#8217; s\u00f6zleriyle i\u00e7ine girilen bulan\u0131kl\u0131\u011f\u0131n ve ufuksuzlu\u011fun, vahim olaylara meydan verece\u011fi ve dur durak bilmeksizin hassas meselelerinin sorgulanmas\u0131na ortam haz\u0131rlayaca\u011f\u0131 g\u00f6r\u00fclmektedir.<\/p>\n<p style=\"text-align: justify;\">Bu kapsamda, d\u00fcn isyanc\u0131lara, asilere ve e\u015fk\u0131yalara kar\u015f\u0131 yap\u0131lan millet ve devlet dayan\u0131\u015fmas\u0131n\u0131n, d\u00fczensizli\u011fe haddini bildiren kudretli iradenin, f\u0131rsattan istifa eden gafiller taraf\u0131ndan bug\u00fcnlerde insanl\u0131k su\u00e7uyla ayn\u0131 kategoriye sokulmas\u0131 b\u00fcy\u00fck bir ahlaks\u0131zl\u0131k ve edepsizlik olarak milli haf\u0131zalara kaz\u0131nm\u0131\u015ft\u0131r. Cumhuriyetle ve kurucu kahramanlar\u0131n iftihar edilecek azmiyle hesapla\u015fma i\u00e7ine girenlerin kafalar\u0131nda \u015f\u00fcphesiz; yeni anayasa \u00e7er\u00e7evesinde rejim, sistem, y\u00f6netim ve par\u00e7alara ayr\u0131larak \u00e7ivisi \u00e7\u0131km\u0131\u015f bir T\u00fcrkiye \u00f6zlemi oldu\u011fu net ve g\u00f6r\u00fcn\u00fcrd\u00fcr.<\/p>\n<p style=\"text-align: justify;\">Milletimizin b\u00fcy\u00fck bir uyan\u0131\u015f\u0131 ve silkini\u015fi olan Cumhuriyet ve dayand\u0131\u011f\u0131 g\u00fcvenceler, bin y\u0131ll\u0131k karde\u015flik ba\u011flar\u0131 ve temellendi\u011fi tarihi hadiseler, AKP&#8217;nin ve ittifak i\u00e7inde oldu\u011fu mihraklar\u0131n h\u00fccumuna maruz kalmaktad\u0131r. Esasen bu planl\u0131 ve organize faaliyetin yeni olmad\u0131\u011f\u0131 ve bunun i\u00e7in de AKP zihniyetinin iktidar olmas\u0131na destek verildi\u011fi feraset sahibi herkes taraf\u0131ndan kabul edilecektir. Ba\u015fbakan Erdo\u011fan&#8217;\u0131n ustal\u0131k d\u00f6nemi diye yutturmaya \u00e7al\u0131\u015ft\u0131\u011f\u0131 bu zaman aral\u0131\u011f\u0131, e\u011fer b\u00f6yle giderse \u00e7\u00f6z\u00fclmenin, \u00e7\u00f6k\u00fc\u015f\u00fcn, \u00e7\u00fcr\u00fcmenin ve \u00e7\u0131\u011fl\u0131\u011f\u0131n kara bulutlar\u0131n\u0131 milletimizin \u00fczerine y\u0131\u011facakt\u0131r.&#8221;<\/p>\n<p style=\"text-align: justify;\"><a href=\"http:\/\/www.gazeteport.com.tr\/haber\/66374\/bahceliden_komplo_uyarisi\" target=\"_blank\">Kaynak : GAZETEPORT<\/a><\/p>\n","protected":false},"excerpt":{"rendered":"<p style=\"text-align: center;\">\n<p style=\"text-align: justify;\">MHP lideri Bah\u00e7eli, te\u015fkilatlar\u0131 gelekcek y\u0131lki kurultaya kadar dikkat edilmesi gereken konular hakk\u0131nda uyard\u0131.<\/p>\n<p style=\"text-align: justify;\">ANKARA &#8211; MHP Genel Ba\u015fkan\u0131 Devlet Bah\u00e7eli, &#8221;D\u00fcn isyanc\u0131lara, asilere ve e\u015fk\u0131yalara kar\u015f\u0131 yap\u0131lan millet ve devlet dayan\u0131\u015fmas\u0131n\u0131n, d\u00fczensizli\u011fe haddini bildiren kudretli iradenin, f\u0131rsattan istifa eden gafiller taraf\u0131ndan bug\u00fcnlerde insanl\u0131k su\u00e7uyla ayn\u0131 kategoriye sokulmas\u0131, <\/p>\n","protected":false},"author":1,"featured_media":0,"comment_status":"open","ping_status":"open","sticky":false,"template":"","format":"standard","meta":{"footnotes":""},"categories":[105],"tags":[],"class_list":["post-43712","post","type-post","status-publish","format-standard","hentry","category-gundem","odd"],"_links":{"self":[{"href":"http:\/\/www.korhanyilmaz.com\/index.php?rest_route=\/wp\/v2\/posts\/43712","targetHints":{"allow":["GET"]}}],"collection":[{"href":"http:\/\/www.korhanyilmaz.com\/index.php?rest_route=\/wp\/v2\/posts"}],"about":[{"href":"http:\/\/www.korhanyilmaz.com\/index.php?rest_route=\/wp\/v2\/types\/post"}],"author":[{"embeddable":true,"href":"http:\/\/www.korhanyilmaz.com\/index.php?rest_route=\/wp\/v2\/users\/1"}],"replies":[{"embeddable":true,"href":"http:\/\/www.korhanyilmaz.com\/index.php?rest_route=%2Fwp%2Fv2%2Fcomments&post=43712"}],"version-history":[{"count":0,"href":"http:\/\/www.korhanyilmaz.com\/index.php?rest_route=\/wp\/v2\/posts\/43712\/revisions"}],"wp:attachment":[{"href":"http:\/\/www.korhanyilmaz.com\/index.php?rest_route=%2Fwp%2Fv2%2Fmedia&parent=43712"}],"wp:term":[{"taxonomy":"category","embeddable":true,"href":"http:\/\/www.korhanyilmaz.com\/index.php?rest_route=%2Fwp%2Fv2%2Fcategories&post=43712"},{"taxonomy":"post_tag","embeddable":true,"href":"http:\/\/www.korhanyilmaz.com\/index.php?rest_route=%2Fwp%2Fv2%2Ftags&post=43712"}],"curies":[{"name":"wp","href":"https:\/\/api.w.org\/{rel}","templated":true}]}}