{"id":43709,"date":"2011-12-04T15:28:02","date_gmt":"2011-12-04T13:28:02","guid":{"rendered":"http:\/\/www.korhanyilmaz.com\/?p=43709"},"modified":"2011-12-04T17:09:45","modified_gmt":"2011-12-04T15:09:45","slug":"boyun-egmeyecegiz","status":"publish","type":"post","link":"http:\/\/www.korhanyilmaz.com\/?p=43709","title":{"rendered":"&#8220;Boyun e\u011fmeyece\u011fiz&#8221;"},"content":{"rendered":"<p style=\"text-align: center;\"><a href=\"http:\/\/www.korhanyilmaz.com\/wp-content\/uploads\/2011\/12\/7435.jpg\"  class=\"lightview\"><img loading=\"lazy\" decoding=\"async\" class=\"aligncenter  wp-image-43710\" src=\"http:\/\/www.korhanyilmaz.com\/wp-content\/uploads\/2011\/12\/7435.jpg\" alt=\"\" width=\"396\" height=\"180\" \/><\/a><\/p>\n<p style=\"text-align: justify;\">CHP lideri K\u0131l\u0131\u00e7daro\u011flu \u0130zmir&#8217;de d\u00fczenlenen mitingde belediyelere d\u00fczenlenen operasyonlar\u0131 ve yarg\u0131y\u0131 ele\u015ftirdi.<\/p>\n<p style=\"text-align: justify;\">\u0130ZM\u0130R &#8211; Cumhuriyet Halk Partisi(CHP) Genel Ba\u015fkan\u0131 Kemal K\u0131l\u0131\u00e7daro\u011flu, \u0130zmir B\u00fcy\u00fck\u015fehir Belediye Ba\u015fkan\u0131 Aziz Kocao\u011flu&#8217;nu makam\u0131nda ziyaret etti. Belediyedeki yolsuzluk operasyonlar\u0131 sonras\u0131 belediye ba\u015fkan\u0131na destek olmak amac\u0131yla \u0130zmir&#8217;e gelen CHP lideri K\u0131l\u0131\u00e7daro\u011flu, partisinin se\u00e7im otob\u00fcs\u00fcyle belediyeye geldi.<!--more--><\/p>\n<p style=\"text-align: justify;\">Burada Kocao\u011flu ve il\u00e7e belediye ba\u015fkanlar\u0131 taraf\u0131ndan kap\u0131da kar\u015f\u0131lanan K\u0131l\u0131\u00e7daro\u011flu ve genel ba\u015fkan yard\u0131mc\u0131lar\u0131, milletvekilleri, daha sonra birlikte makama ge\u00e7ti. Burada bir s\u00fcre kurmaylar\u0131yla toplant\u0131 yapan K\u0131l\u0131\u00e7daro\u011flu, daha sonra G\u00fcndo\u011fdu Meydan\u0131&#8217;nda d\u00fczenlenen &#8216;Cumhuriyet, Demokrasi ve \u00d6zg\u00fcrl\u00fck&#8217; mitingine kat\u0131ld\u0131.<\/p>\n<p style=\"text-align: justify;\">CHP lideri Kemal K\u0131l\u0131\u00e7daro\u011flu, partisince \u0130zmir G\u00fcndo\u011fdu Meydan\u0131&#8217;nda d\u00fczenlenen &#8221;Cumhuriyet, Demokrasi ve \u00d6zg\u00fcrl\u00fck&#8221; mitinginde yapt\u0131\u011f\u0131 konu\u015fmada, \u00f6zg\u00fcrl\u00fc\u011f\u00fc, demokrasiyi, adaleti \u0130zmir&#8217;den hayk\u0131rmaktan mutluluk duydu\u011funu s\u00f6yledi.<\/p>\n<p style=\"text-align: justify;\">Yarg\u0131n\u0131n siyasi otoritenin emrine girdi\u011fini belirten K\u0131l\u0131\u00e7daro\u011flu, &#8221;Bug\u00fcn karabasan gibi \u00e7\u00f6ken bir iktidar var. \u00d6zg\u00fcrl\u00fcklerimizi elimizden alan iktidar var. Telefonlar\u0131m\u0131z\u0131 dinleyen iktidar var. Yarg\u0131n\u0131n siyasi otoritenin emrine girdi\u011fi bir iktidar var. Onun i\u00e7in \u0130zmir&#8217;den demokrasi, \u00f6zg\u00fcrl\u00fck, adalet, cumhuriyet diyoruz&#8221; diye konu\u015ftu.<\/p>\n<p style=\"text-align: justify;\">\u0130zmir&#8217;in ilklerin \u015fehri oldu\u011funu, d\u00fc\u015fman\u0131n denize bu kentten d\u00f6k\u00fcld\u00fc\u011f\u00fcn\u00fc, ilk uluslararas\u0131 fuar\u0131n, ilk milli bankan\u0131n, ilk tiyatro toplulu\u011funun \u0130zmir&#8217;de kuruldu\u011funu, ilk kur\u015funun burada at\u0131ld\u0131\u011f\u0131n\u0131, bunun i\u00e7in \u0130zmir&#8217;in demokrasi, cumhuriyet kenti oldu\u011funu ifade eden K\u0131l\u0131\u00e7daro\u011flu, \u0130zmir&#8217;in T\u00fcrkiye&#8217;nin \u00e7a\u011fda\u015fl\u0131\u011fa, uygarl\u0131\u011fa a\u00e7\u0131lan kap\u0131s\u0131 oldu\u011funu kaydetti.<\/p>\n<p style=\"text-align: justify;\">K\u0131l\u0131\u00e7daro\u011flu, \u015f\u00f6yle devam etti: &#8221;\u0130zmir deyince sokaklar\u0131nda, caddelerinde \u00f6zg\u00fcrce gezilebilecek, k\u00fclt\u00fcr d\u00fczeyi y\u00fcksek bir kent g\u00f6r\u00fcyorsunuz. \u0130zmir, T\u00fcrkiye&#8217;nin \u00e7a\u011fda\u015fl\u0131\u011fa, uygarl\u0131\u011fa a\u00e7\u0131lan kap\u0131s\u0131d\u0131r. Bu kap\u0131da size demokrasi demek, size \u00f6zg\u00fcrl\u00fck demek, size adalet demek bana gurur veriyor. \u0130zmir, \u00f6zg\u00fcrl\u00fc\u011fe kar\u015f\u0131 \u00e7\u0131kanlara, adalete kar\u015f\u0131 \u00e7\u0131kanlara, cumhuriyete kar\u015f\u0131 \u00e7\u0131kanlara elbette mezar olacakt\u0131r. \u0130zmir buna ge\u00e7it vermeyecektir. \u0130zmir d\u00fc\u015fmana ilk kur\u015funu atan kenttir, bir sembold\u00fcr. \u0130zmir d\u00fc\u015fman\u0131n denize d\u00f6k\u00fcld\u00fc\u011f\u00fc yerdir. Bir sembol kenttir \u0130zmir. \u0130zmir&#8217;de sadece d\u00fc\u015fmanlar denize at\u0131lmad\u0131, d\u00f6k\u00fclmedi, mandac\u0131lar da denize d\u00f6k\u00fcld\u00fc. Mandac\u0131lardan da hesap soraca\u011f\u0131z. Mandac\u0131lar iktidarda, onlar\u0131 da oradan indirece\u011fiz. Damat Feritleri biliyorsunuz. Damat Feritler de denize d\u00f6k\u00fcld\u00fc. Onlar da ka\u00e7t\u0131 T\u00fcrkiye&#8217;den. Biz \u0130zmir&#8217;i g\u00f6z\u00fcm\u00fcz gibi, g\u00f6z bebe\u011fimiz gibi koruruz. \u0130zmir \u00f6zg\u00fcrl\u00fc\u011fe a\u00e7\u0131lan bir pencereyse \u0130zmir&#8217;in duygular\u0131nda, dokular\u0131nda adalet vard\u0131r. \u0130zmir&#8217;in duygular\u0131nda, dokular\u0131nda Kuvay\u0131 Milliye vard\u0131r. Az \u00f6nce Mustafa Balbay s\u00f6yledi, \u0130zmir diz \u00e7\u00f6kerse sadece efe oyunuyla diz \u00e7\u00f6ker.&#8221;<\/p>\n<p style=\"text-align: justify;\">\u0130zmir&#8217;in yi\u011fit, onurlu bir kent oldu\u011funu, kimsenin \u00f6n\u00fcnde diz \u00e7\u00f6kmediklerini ifade eden K\u0131l\u0131\u00e7daro\u011flu, &#8221;Ama birileri yurt d\u0131\u015f\u0131na gidip egemen g\u00fc\u00e7lerin \u00f6n\u00fcnde &#8216;Bunu kullan\u0131n bunda i\u015f var, bu sizin \u00f6n\u00fcn\u00fczde diz \u00e7\u00f6kmeye haz\u0131rd\u0131r&#8217; dedikleri zaman ilk itiraz eden yine biz olduk. Biz hi\u00e7 kimsenin birilerinin \u00f6n\u00fcnde diz \u00e7\u00f6kmesini istemeyiz, onurlu bir ulusuz, onurlu ulusun yi\u011fit \u00e7ocuklar\u0131y\u0131z. O nedenle &#8216;Beni deli\u011fe s\u00fcp\u00fcrmeyin, daha benden \u00e7ok yararlanacaks\u0131n\u0131z&#8217; diyenlere boyun e\u011fmeyece\u011fiz, onlar\u0131n bask\u0131lar\u0131na boyun e\u011fmeyece\u011fiz. Nereden nas\u0131l gelirlerse gelsinler direnece\u011fiz&#8221; diye konu\u015ftu.<\/p>\n<p style=\"text-align: justify;\">AK Parti&#8217;nin &#8221;\u0130zmir ile ne al\u0131p veremeyece\u011fini bilemedi\u011fini&#8221; kaydeden K\u0131l\u0131\u00e7daro\u011flu, \u015funlar\u0131 s\u00f6yledi:<\/p>\n<p style=\"text-align: justify;\">&#8221;Se\u00e7imler yap\u0131lm\u0131\u015f. Mesele bitmi\u015f, y\u00f6neticiler gelmi\u015f. Yine varsa bir \u015fey se\u00e7ime gidilecek zaten ama onlar\u0131n \u0130zmir&#8217;le \u00f6zel bir hesaplar\u0131 var. \u0130zmir onlar\u0131n planlar\u0131n\u0131 bozuyor. \u0130zmir onlar\u0131n hayallerini bozuyor. \u0130zmir onlar\u0131n hayallerini bozdu\u011fu gibi dengelerini, balanslar\u0131n\u0131 da bozuyor. O nedenle \u0130zmir&#8217;e \u00f6zel bir kinleri var onlar\u0131n. Siz d\u00fc\u015f\u00fcnebiliyor musunuz, bir \u00fclkenin ba\u015fbakan\u0131 \u0130zmir i\u00e7in ne s\u00f6yledi, kulaklar\u0131n\u0131zla duydunuz, &#8216;gavur \u0130zmir&#8217; diyor. Bir \u00fclkenin ba\u015fbakan\u0131 hem &#8216;gavur \u0130zmir&#8217; diyecek hem \u0130zmir&#8217;e gelecek &#8216;bana oy verin&#8217; diyecek, sende y\u00fcz yok mu? Sand\u0131lar ki bu bir dil s\u00fcr\u00e7mesidir, bu bir dil s\u00fcr\u00e7mesi de\u011fil bu bilin\u00e7alt\u0131ndaki bir d\u00fc\u015f\u00fcncenin a\u00e7\u0131\u011fa \u00e7\u0131kmas\u0131d\u0131r, \u0130zmir&#8217;e nas\u0131l bakt\u0131\u011f\u0131n\u0131 g\u00f6stermesidir. \u0130zmir bunun alt\u0131nda kalacak m\u0131, \u0130zmirli buna yan\u0131t\u0131n\u0131 verecek mi? Sizden iste\u011fim, \u0130zmirlilerden iste\u011fim, size &#8216;gavur&#8217; diyene hesap soracak m\u0131s\u0131n\u0131z? Siz hesap sorun arkan\u0131zda biz olaca\u011f\u0131z, Cumhuriyet Halk Partisi olacak.&#8221;<\/p>\n<p style=\"text-align: justify;\"><a href=\"http:\/\/www.gazeteport.com.tr\/haber\/66369\/quotboyun_egmeyecegizquot\" target=\"_blank\">Kaynak : GAZETEPORT<\/a><\/p>\n","protected":false},"excerpt":{"rendered":"<p style=\"text-align: center;\">\n<p style=\"text-align: justify;\">CHP lideri K\u0131l\u0131\u00e7daro\u011flu \u0130zmir&#8217;de d\u00fczenlenen mitingde belediyelere d\u00fczenlenen operasyonlar\u0131 ve yarg\u0131y\u0131 ele\u015ftirdi.<\/p>\n<p style=\"text-align: justify;\">\u0130ZM\u0130R &#8211; Cumhuriyet Halk Partisi(CHP) Genel Ba\u015fkan\u0131 Kemal K\u0131l\u0131\u00e7daro\u011flu, \u0130zmir B\u00fcy\u00fck\u015fehir Belediye Ba\u015fkan\u0131 Aziz Kocao\u011flu&#8217;nu makam\u0131nda ziyaret etti. Belediyedeki yolsuzluk operasyonlar\u0131 sonras\u0131 belediye ba\u015fkan\u0131na destek olmak amac\u0131yla \u0130zmir&#8217;e gelen CHP lideri K\u0131l\u0131\u00e7daro\u011flu, partisinin se\u00e7im otob\u00fcs\u00fcyle belediyeye <\/p>\n","protected":false},"author":1,"featured_media":0,"comment_status":"open","ping_status":"open","sticky":false,"template":"","format":"standard","meta":{"footnotes":""},"categories":[105],"tags":[],"class_list":["post-43709","post","type-post","status-publish","format-standard","hentry","category-gundem","odd"],"_links":{"self":[{"href":"http:\/\/www.korhanyilmaz.com\/index.php?rest_route=\/wp\/v2\/posts\/43709","targetHints":{"allow":["GET"]}}],"collection":[{"href":"http:\/\/www.korhanyilmaz.com\/index.php?rest_route=\/wp\/v2\/posts"}],"about":[{"href":"http:\/\/www.korhanyilmaz.com\/index.php?rest_route=\/wp\/v2\/types\/post"}],"author":[{"embeddable":true,"href":"http:\/\/www.korhanyilmaz.com\/index.php?rest_route=\/wp\/v2\/users\/1"}],"replies":[{"embeddable":true,"href":"http:\/\/www.korhanyilmaz.com\/index.php?rest_route=%2Fwp%2Fv2%2Fcomments&post=43709"}],"version-history":[{"count":0,"href":"http:\/\/www.korhanyilmaz.com\/index.php?rest_route=\/wp\/v2\/posts\/43709\/revisions"}],"wp:attachment":[{"href":"http:\/\/www.korhanyilmaz.com\/index.php?rest_route=%2Fwp%2Fv2%2Fmedia&parent=43709"}],"wp:term":[{"taxonomy":"category","embeddable":true,"href":"http:\/\/www.korhanyilmaz.com\/index.php?rest_route=%2Fwp%2Fv2%2Fcategories&post=43709"},{"taxonomy":"post_tag","embeddable":true,"href":"http:\/\/www.korhanyilmaz.com\/index.php?rest_route=%2Fwp%2Fv2%2Ftags&post=43709"}],"curies":[{"name":"wp","href":"https:\/\/api.w.org\/{rel}","templated":true}]}}