{"id":43705,"date":"2011-12-04T10:10:39","date_gmt":"2011-12-04T08:10:39","guid":{"rendered":"http:\/\/www.korhanyilmaz.com\/?p=43705"},"modified":"2011-12-04T14:10:46","modified_gmt":"2011-12-04T12:10:46","slug":"biden-erdogandan-ne-istedi","status":"publish","type":"post","link":"http:\/\/www.korhanyilmaz.com\/?p=43705","title":{"rendered":"Biden, Erdo\u011fan&#8217;dan ne istedi?"},"content":{"rendered":"<p style=\"text-align: center;\"><a href=\"http:\/\/www.korhanyilmaz.com\/wp-content\/uploads\/2011\/12\/7434.jpg\"  class=\"lightview\"><img loading=\"lazy\" decoding=\"async\" class=\"aligncenter  wp-image-43706\" src=\"http:\/\/www.korhanyilmaz.com\/wp-content\/uploads\/2011\/12\/7434.jpg\" alt=\"\" width=\"305\" height=\"219\" \/><\/a><\/p>\n<p style=\"text-align: justify;\">Amerikal\u0131 \u00fcst d\u00fczey bir yetkiliye g\u00f6re, Ba\u015fbakan Recep Tayyip Erdo\u011fan ile ABD Ba\u015fkan Yard\u0131mc\u0131s\u0131 Joe Biden&#8217;\u0131n g\u00f6r\u00fc\u015fmesinin yar\u0131ya yak\u0131n b\u00f6l\u00fcm\u00fcnde Irak konu\u015fulurken, ter\u00f6r \u00f6rg\u00fct\u00fc PKK ile m\u00fccadele, Suriye, \u0130ran, T\u00fcrkiye-\u0130srail aras\u0131ndaki gerginlik, K\u0131br\u0131s, Balkanlar, T\u00fcrkiye-Ermenistan ili\u015fkileri, Heybeliada Ruhban Okulu, yeni Anayasa s\u00fcreci gibi konular da g\u00fcndeme geldi.\u00a0<!--more--><\/p>\n<p style=\"text-align: justify;\">(AA) &#8212; Amerikan y\u00f6netiminden \u00fcst d\u00fczey yetkili, Biden ile seyahat eden gazetecilere verdi\u011fi brifingde, Ba\u015fbakan Erdo\u011fan&#8217;\u0131n evinde genelde resmi ziyaret\u00e7i kabul etmedi\u011fini \u00f6\u011frendiklerini belirterek, kendilerini evinde kabul etmesinin &#8220;\u00e7ok s\u0131cakkanl\u0131 bir davran\u0131\u015f&#8221; oldu\u011funu s\u00f6yledi.<\/p>\n<p style=\"text-align: justify;\">Yetkilinin verdi\u011fi bilgiye g\u00f6re, normalde 45 dakika s\u00fcrmesi planlanan g\u00f6r\u00fc\u015fme iki saat s\u00fcrd\u00fc.<\/p>\n<p style=\"text-align: justify;\">Amerikan heyetinin ayakkab\u0131lar\u0131n\u0131 \u00e7\u0131kar\u0131p, terlik giyerek girdi\u011fi Ba\u015fbakan&#8217;\u0131n evindeki g\u00f6r\u00fc\u015fme, Erdo\u011fan&#8217;\u0131n Biden ve heyetine, aile \u00fcyelerini tan\u0131\u015ft\u0131rmas\u0131yla ba\u015flad\u0131.<\/p>\n<p style=\"text-align: justify;\">Yetkiliye g\u00f6re, Ba\u015fbakan Erdo\u011fan g\u00f6r\u00fc\u015fmenin ba\u015f\u0131nda Biden&#8217;\u0131n K\u00fcresel Giri\u015fimcilik Zirvesi&#8217;nde yapt\u0131\u011f\u0131 konu\u015fmas\u0131n\u0131 izledi\u011fini ve be\u011fendi\u011fini s\u00f6yledi.<\/p>\n<p style=\"text-align: justify;\">Erdo\u011fan, Biden&#8217;\u0131n, konu\u015fmas\u0131nda T\u00fcrkiye ile ABD aras\u0131ndaki ili\u015fkiler ve T\u00fcrk ekonomisinin kaydetti\u011fi ilerlemeye dair olumlu s\u00f6zler sarf etmesini takdir etti ve daha sonra, Biden&#8217;dan, Irak&#8217;a d\u00fczenledi\u011fi ziyaret hakk\u0131nda konu\u015fmas\u0131n\u0131 rica etti.<\/p>\n<p style=\"text-align: justify;\"><strong>-G\u00f6r\u00fc\u015fmenin yar\u0131s\u0131 Irak&#8230;-\u00a0<\/strong><\/p>\n<p style=\"text-align: justify;\">G\u00f6r\u00fc\u015fmenin yar\u0131ya yak\u0131n b\u00f6l\u00fcm\u00fcn\u00fc Irak konusu olu\u015ftururken, Biden, Irak seyahatiyle ilgili olarak Ba\u015fbakan Erdo\u011fan&#8217;a ayr\u0131nt\u0131l\u0131 bilgi verdi.<\/p>\n<p style=\"text-align: justify;\">Yetkiliye g\u00f6re, Biden&#8217;\u0131n bu noktada verdi\u011fi ana mesaj, ABD&#8217;nin Irak&#8217;la ba\u011f\u0131n\u0131 koparmay\u0131p, tam tersine geli\u015ftirmekte oldu\u011fu ve bu \u00fclkeyle ili\u015fkilerinde ordu \u00f6nderli\u011finden sivil \u00f6nderli\u011fe do\u011fru de\u011fi\u015fim ya\u015fand\u0131\u011f\u0131 \u015feklinde oldu.<\/p>\n<p style=\"text-align: justify;\">Erdo\u011fan ve Biden, g\u00f6r\u00fc\u015fmede, \u0130ran&#8217;\u0131n Irak \u00fczerindeki rol\u00fcn\u00fc de ele ald\u0131. ABD Ba\u015fkan Yard\u0131mc\u0131s\u0131 Biden, \u0130ran&#8217;\u0131n Irak&#8217;taki etkisinin abart\u0131ld\u0131\u011f\u0131n\u0131 ve Irakl\u0131lar\u0131n, \u0130ran ba\u015fta olmak \u00fczere d\u0131\u015f m\u00fcdahalelerden ho\u015flanmad\u0131klar\u0131n\u0131 anlatt\u0131.<\/p>\n<p style=\"text-align: justify;\"><strong>-PKK konusu&#8230;-\u00a0<\/strong><\/p>\n<p style=\"text-align: justify;\">G\u00f6r\u00fc\u015fmede, ter\u00f6r \u00f6rg\u00fct\u00fc PKK konusu \u00fczerinde de duruldu. Biden, ABD y\u00f6netimi olarak, PKK ter\u00f6rizminin yol a\u00e7t\u0131\u011f\u0131 ciddi tehditle m\u00fccadelede T\u00fcrkiye ile yak\u0131ndan \u00e7al\u0131\u015facaklar\u0131 y\u00f6n\u00fcndeki kesin taahh\u00fctlerinin alt\u0131n\u0131 \u00e7izerken, Irak&#8217;\u0131n kuzeyindeki b\u00f6lgesel y\u00f6netim dahil olmak \u00fczere Irakl\u0131lardan da T\u00fcrkiye, ABD ve Irak&#8217;\u0131n ortak sorunu olan bu meseleyle m\u00fccadelede ciddi olduklar\u0131n\u0131 duydu\u011funu aktard\u0131.<\/p>\n<p style=\"text-align: justify;\">Yetkili, &#8220;\u0130ncirlik&#8217;te konu\u015flanan Predat\u00f6rlerin nas\u0131l kullan\u0131laca\u011f\u0131 konusu ele al\u0131nd\u0131 m\u0131? Biden Ba\u015fbakan Erdo\u011fan&#8217;a, T\u00fcrkiye&#8217;nin kuzey Irak&#8217;taki PKK kamplar\u0131na operasyonlar\u0131 konusunda bir \u015fey s\u00f6yledi mi?&#8221; sorusu \u00fczerine \u015funlar\u0131 kaydetti:<\/p>\n<p style=\"text-align: justify;\">&#8220;Biden&#8217;\u0131n, ABD&#8217;nin, PKK sorunu ile m\u00fccadelede T\u00fcrkiye&#8217;ye yard\u0131m etmeye olan ba\u011fl\u0131l\u0131\u011f\u0131n\u0131 dile getirdi\u011fini s\u00f6ylemenin d\u0131\u015f\u0131nda, bu konuda ba\u015fka bir detaya girmeyece\u011fim. Biden ayr\u0131ca, egemenli\u011fin tabii ki Irak i\u00e7in \u00e7ok \u00f6nem ta\u015f\u0131d\u0131\u011f\u0131n\u0131 ve Irakl\u0131lar\u0131n hem ulusal d\u00fczeyde, hem de \u00f6zellikle b\u00f6lgesel K\u00fcrt y\u00f6netimi d\u00fczeyinde, PKK&#8217;ya bask\u0131 uygulamada atabilecekleri her ad\u0131m\u0131 atmalar\u0131n\u0131n en \u00f6nemli \u015feylerden biri oldu\u011funu belirtti.&#8221;<\/p>\n<p style=\"text-align: justify;\">Yetkili, &#8220;T\u00fcrkiye&#8217;nin kuzey Irak&#8217;taki operasyonlar\u0131 devam ederse, Irak&#8217;\u0131n istikrar\u0131 a\u00e7\u0131s\u0131ndan bu bir problem yarat\u0131r m\u0131?&#8221; sorusu \u00fczerine de, &#8220;PKK sorununun T\u00fcrklere kar\u015f\u0131 daha fazla \u015fiddete ve di\u011fer sorunlara yol a\u00e7mayacak bi\u00e7imde etkili bir \u015fekilde ele al\u0131nmas\u0131, Irak&#8217;taki ulusal h\u00fck\u00fcmetin, b\u00f6lgesel K\u00fcrt y\u00f6netiminin ve T\u00fcrklerin, herkesin \u00e7\u0131kar\u0131na&#8221; dedi.<\/p>\n<p style=\"text-align: justify;\"><strong>-&#8220;\u0130ran&#8217;a kar\u015f\u0131 bask\u0131 s\u00fcrd\u00fcr\u00fclmeli&#8221;-\u00a0<\/strong><\/p>\n<p style=\"text-align: justify;\">\u0130ran konusunda ise Biden, \u0130ran&#8217;\u0131n b\u00f6lgedeki etkisinin azalmakta, izolasyonunun ise artmakta oldu\u011fu \u015feklindeki de\u011ferlendirmelerini dile getirdi.<\/p>\n<p style=\"text-align: justify;\">\u0130ran&#8217;\u0131n &#8220;n\u00fckleer silahlar\u0131n yay\u0131lmas\u0131n\u0131n \u00f6nlenmesi anla\u015fmas\u0131na ve n\u00fckleer programlar\u0131 konusunda uluslararas\u0131 topluma kar\u015f\u0131 y\u00fck\u00fcml\u00fcl\u00fcklerine ald\u0131r\u0131\u015f etmemesi, Tahran&#8217;daki \u0130ngiliz B\u00fcy\u00fckel\u00e7ili\u011fine sald\u0131r\u0131, Suudi Arabistan Washington B\u00fcy\u00fckel\u00e7isine suikast plan\u0131&#8221; gibi eylemlerinden \u00f6rnekler veren Biden, bunlar\u0131n \u0130ran rejiminin b\u00f6lgedeki izolasyonunun daha da art\u0131rd\u0131\u011f\u0131n\u0131 s\u00f6yledi.<\/p>\n<p style=\"text-align: justify;\">Biden, ABD Ba\u015fkan\u0131 Barack Obama ve y\u00f6netimin, g\u00f6reve ilk geldi\u011findeki \u0130ran&#8217;a a\u00e7\u0131lma \u00e7abalar\u0131na kar\u015f\u0131l\u0131k g\u00f6rmediklerini hat\u0131rlatarak, d\u00fcnyan\u0131n bu a\u00e7\u0131l\u0131m\u0131 g\u00f6rd\u00fc\u011f\u00fcn\u00fc ve bunun, ge\u00e7mi\u015fteki &#8220;ABD&#8217;nin \u0130ran&#8217;la diyalo\u011fa ge\u00e7meye \u00e7al\u0131\u015fmad\u0131\u011f\u0131 ve bu y\u00fcz\u00fcnden \u0130ran yerine asl\u0131nda ABD&#8217;nin izole oldu\u011fu&#8221; y\u00f6n\u00fcndeki baz\u0131 anlay\u0131\u015flar\u0131 da tersine \u00e7evirdi\u011fini belirtti. Biden, bunun sonucunda da \u015fu anda, \u0130ran&#8217;a bask\u0131 uygulamada uluslararas\u0131 boyutta &#8220;yak\u0131n tarihin en geni\u015f koalisyonunun&#8221; kuruldu\u011funa dikkati \u00e7ekti.<\/p>\n<p style=\"text-align: justify;\">Biden, \u0130ran&#8217;\u0131n tavr\u0131n\u0131 de\u011fi\u015ftirmenin en uygun yolunun bask\u0131y\u0131 s\u00fcrd\u00fcrmek oldu\u011funu ifade etti.<\/p>\n<p style=\"text-align: justify;\">\u00dcst d\u00fczey yetkili, &#8220;Biden, T\u00fcrkiye&#8217;nin \u0130ran&#8217;a daha fazla yapt\u0131r\u0131m uygulamas\u0131 \u00e7a\u011fr\u0131s\u0131 yapt\u0131 m\u0131?&#8221; sorusuna cevaben, Biden&#8217;\u0131n, yapt\u0131r\u0131mlar\u0131n \u0130ran \u00fczerinde g\u00f6zle g\u00f6r\u00fcl\u00fcr etkide bulundu\u011funu s\u00f6yledi\u011fini aktard\u0131. T\u00fcrkiye&#8217;nin de bu yapt\u0131r\u0131mlara kat\u0131ld\u0131\u011f\u0131n\u0131 ve bunu \u00f6nemli bulduklar\u0131n\u0131 belirten yetkili, yapt\u0131r\u0131mlara dair spesifik bir konu\u015fman\u0131n olmad\u0131\u011f\u0131n\u0131 belirtti.<\/p>\n<p style=\"text-align: justify;\"><strong>-Suriye konu\u015fuldu&#8230;-\u00a0<\/strong><\/p>\n<p style=\"text-align: justify;\">Yetkiliye g\u00f6re, g\u00f6r\u00fc\u015fmede k\u0131saca Suriye konusu da konu\u015fuldu. Bu kapsamda da ABD Ba\u015fkan Yard\u0131mc\u0131s\u0131 Biden, Suriye Devlet Ba\u015fkan\u0131 Be\u015f\u015far Esad ve yak\u0131n \u00e7evresinin, kendi halk\u0131n\u0131 \u00f6ld\u00fcrmeleri nedeniyle sorun ve istikrars\u0131zl\u0131\u011f\u0131n kayna\u011f\u0131 oldu\u011fu \u015feklindeki inanc\u0131n\u0131 ortaya koyarak, Esad&#8217;\u0131n iktidar\u0131 terk etmesi gerekti\u011fi y\u00f6n\u00fcndeki uluslararas\u0131 konsens\u00fcs\u00fcn giderek b\u00fcy\u00fcd\u00fc\u011f\u00fcne dikkati \u00e7ekti.<\/p>\n<p style=\"text-align: justify;\">Yetkili, T\u00fcrklerin bu konsens\u00fcs\u00fcn olu\u015fturulmas\u0131nda \u00f6nc\u00fcl\u00fck yapt\u0131\u011f\u0131n\u0131 belirtti.<\/p>\n<p style=\"text-align: justify;\">&#8220;Suriye&#8217;de bundan sonra neler yap\u0131labilece\u011fi konu\u015fuldu mu?&#8221; sorusu \u00fczerine yetkili, Esad&#8217;\u0131n iktidar\u0131 terk etmesi ve \u015fiddete son verilmesi gerekti\u011fi de\u011ferlendirmesi d\u0131\u015f\u0131nda Suriye ile ilgili bir unsurun konu\u015fulmad\u0131\u011f\u0131n\u0131 s\u00f6yledi.<\/p>\n<p style=\"text-align: justify;\">Yetkili, bir ba\u015fka soru \u00fczerine,, Suriye&#8217;de uluslararas\u0131 bir tampon b\u00f6lge olu\u015fturulmas\u0131 konusunun da konu\u015fulmad\u0131\u011f\u0131n\u0131 belirtti.<\/p>\n<p style=\"text-align: justify;\"><strong>-&#8220;T\u00fcrkiye ve \u0130srail&#8217;in tamamen normal bir ili\u015fkiye d\u00f6nd\u00fc\u011f\u00fcn\u00fc g\u00f6rmek istiyoruz&#8221;\u00a0<\/strong><\/p>\n<p style=\"text-align: justify;\">Biden, g\u00f6r\u00fc\u015fmede, T\u00fcrkiye&#8217;nin \u0130srail ile ili\u015fkilerinden de s\u00f6z\u00fc a\u00e7t\u0131.<\/p>\n<p style=\"text-align: justify;\">T\u00fcrkler ve \u0130sraillilerin, ili\u015fkilerini g\u00fc\u00e7lendirecek f\u0131rsatlar\u0131n aray\u0131\u015f\u0131 i\u00e7inde olacaklar\u0131 ve aralar\u0131ndaki gerginliklerin \u00fcstesinden gelecekleri y\u00f6n\u00fcndeki umudunu dile getiren Biden, ABD&#8217;nin iki yak\u0131n dostu ve orta\u011f\u0131n\u0131n iyi ge\u00e7inemiyor olmas\u0131n\u0131n kendilerini \u00fczd\u00fc\u011f\u00fcn\u00fc ve iki taraf\u0131 da ili\u015fkilerini g\u00fc\u00e7lendirecek f\u0131rsatlar\u0131 arama yolunda te\u015fvik etmeyi s\u00fcrd\u00fcreceklerini kaydetti.<\/p>\n<p style=\"text-align: justify;\">\u00dcst d\u00fczey yetkili, bir gazetecinin, &#8220;\u0130srail konusundaki s\u00f6zlerinizde k\u0131zg\u0131nl\u0131ktan \u00e7ok bir \u00fcz\u00fcnt\u00fc dile getiriyor gibisiniz&#8221; s\u00f6zleri \u00fczerine, &#8220;Evet, tabii ki bu k\u0131zg\u0131nl\u0131k ifadesi de\u011fil&#8221; dedi. Yetkili, &#8220;Biden, &#8216;bak\u0131n, bu sorunu \u00e7\u00f6zmelisiniz&#8217; gibi bir s\u00f6ylemde bulunmad\u0131 m\u0131 yani?&#8221; sorusunu da \u015f\u00f6yle yan\u0131tlad\u0131:<\/p>\n<p style=\"text-align: justify;\">&#8220;Bunu s\u00f6yleyecek bir pozisyonda de\u011filiz. \u0130li\u015fkilerinde \u015fu anda baz\u0131 gerginlikler ya\u015fayan iki yak\u0131n dostumuz ve orta\u011f\u0131m\u0131z var ve yard\u0131mc\u0131 olup olamayaca\u011f\u0131m\u0131za bakmak istiyoruz, yard\u0131mc\u0131 olmak niyetindeyiz. Ayn\u0131 \u015feyleri \u0130sraillilere de s\u00f6yl\u00fcyoruz, &#8216;ili\u015fkilerinizi g\u00fc\u00e7lendirmek i\u00e7in her f\u0131rsat\u0131 de\u011ferlendirmenizi umuyoruz&#8217; diyoruz. T\u00fcrkiye ve \u0130srail&#8217;in son g\u00fcnlerde, Van&#8217;daki deprem, Gilad \u015ealit ve di\u011fer konularda ileriye d\u00f6n\u00fck att\u0131klar\u0131 baz\u0131 olumlu ad\u0131mlar var. Ancak biz ideal olarak, bu iki \u00fclkenin tamamen normal bir ili\u015fkiye d\u00f6nd\u00fc\u011f\u00fcn\u00fc g\u00f6rmek istiyoruz.&#8221;<\/p>\n<p style=\"text-align: justify;\">G\u00f6r\u00fc\u015fmede, M\u0131s\u0131r&#8217;daki se\u00e7imler, Libya, Balkanlar, Kosova ve Bosna konular\u0131 da ele al\u0131n\u0131rken, Biden, K\u0131br\u0131s ve Heybeliada Ruhban Okulu konular\u0131n\u0131 da masaya getirdi.<\/p>\n<p style=\"text-align: justify;\">K\u0131br\u0131s konusunda Biden, BM himayesindeki m\u00fczakerelerde ger\u00e7ek ilerleme sa\u011flayacaklar\u0131 umudunu dile getirdi ve bu s\u00fcreci desteklemek i\u00e7in ellerinden geleni yapmaya haz\u0131r olduklar\u0131n\u0131 vurgulad\u0131.<\/p>\n<p style=\"text-align: justify;\">Biden, Heybeliada Ruhban Okulu&#8217;nun yeniden a\u00e7\u0131lmas\u0131n\u0131 umdu\u011funu ifade etti ve Ba\u015fbakan Erdo\u011fan&#8217;\u0131n, az\u0131nl\u0131k mallar\u0131n\u0131n iadesi konusunda att\u0131\u011f\u0131 ad\u0131mlar\u0131 \u00f6verek, bu ad\u0131mlar\u0131 \u00e7ok \u00f6nemli buldu\u011funu s\u00f6yledi.<\/p>\n<p style=\"text-align: justify;\">ABD Ba\u015fkan Yard\u0131mc\u0131s\u0131 Biden ayr\u0131ca, T\u00fcrkiye&#8217;deki anayasal reform s\u00fcrecinden takdirle s\u00f6z ederken, bunun T\u00fcrkiye&#8217;deki dini \u00f6zg\u00fcrl\u00fckleri daha da geli\u015ftirece\u011fi \u00fcmidini ortaya koydu.<\/p>\n<p style=\"text-align: justify;\">T\u00fcrkiye-Ermenistan ili\u015fkilerinin de konu\u015fuldu\u011fu g\u00f6r\u00fc\u015fmede Biden, protokollerin TBMM&#8217;nin g\u00fcndemine getirilmesiyle, T\u00fcrkiye&#8217;nin bu protokoller konusunda \u00f6n\u00fcm\u00fczdeki aylarda ad\u0131m atabilece\u011fini umdu\u011funu s\u00f6yledi.<\/p>\n<p style=\"text-align: justify;\">Amerikal\u0131 yetkili, Erdo\u011fan&#8217;\u0131n sa\u011fl\u0131k durumunun nas\u0131l g\u00f6r\u00fcnd\u00fc\u011f\u00fc, y\u00fcr\u00fcy\u00fcp y\u00fcr\u00fcmedi\u011fi, aya\u011fa kalk\u0131p kalkmad\u0131\u011f\u0131 gibi \u0131srarl\u0131 sorular \u00fczerine, &#8220;Doktor de\u011filim, ama \u00e7ok iyi g\u00f6r\u00fcn\u00fcyordu. Bizi kap\u0131da kar\u015f\u0131lad\u0131, giri\u015fte e\u015flik etti&#8221; dedi.<\/p>\n<p style=\"text-align: justify;\"><a href=\"http:\/\/www.cnnturk.com\/2011\/turkiye\/12\/04\/biden.erdogandan.ne.istedi\/639170.0\/index.html\" target=\"_blank\">Kaynak : CNN T\u00dcRK<\/a><\/p>\n","protected":false},"excerpt":{"rendered":"<p style=\"text-align: center;\">\n<p style=\"text-align: justify;\">Amerikal\u0131 \u00fcst d\u00fczey bir yetkiliye g\u00f6re, Ba\u015fbakan Recep Tayyip Erdo\u011fan ile ABD Ba\u015fkan Yard\u0131mc\u0131s\u0131 Joe Biden&#8217;\u0131n g\u00f6r\u00fc\u015fmesinin yar\u0131ya yak\u0131n b\u00f6l\u00fcm\u00fcnde Irak konu\u015fulurken, ter\u00f6r \u00f6rg\u00fct\u00fc PKK ile m\u00fccadele, Suriye, \u0130ran, T\u00fcrkiye-\u0130srail aras\u0131ndaki gerginlik, K\u0131br\u0131s, Balkanlar, T\u00fcrkiye-Ermenistan ili\u015fkileri, Heybeliada Ruhban Okulu, yeni Anayasa s\u00fcreci gibi konular da g\u00fcndeme geldi. <\/p>\n","protected":false},"author":1,"featured_media":0,"comment_status":"open","ping_status":"open","sticky":false,"template":"","format":"standard","meta":{"footnotes":""},"categories":[105],"tags":[],"class_list":["post-43705","post","type-post","status-publish","format-standard","hentry","category-gundem","odd"],"_links":{"self":[{"href":"http:\/\/www.korhanyilmaz.com\/index.php?rest_route=\/wp\/v2\/posts\/43705","targetHints":{"allow":["GET"]}}],"collection":[{"href":"http:\/\/www.korhanyilmaz.com\/index.php?rest_route=\/wp\/v2\/posts"}],"about":[{"href":"http:\/\/www.korhanyilmaz.com\/index.php?rest_route=\/wp\/v2\/types\/post"}],"author":[{"embeddable":true,"href":"http:\/\/www.korhanyilmaz.com\/index.php?rest_route=\/wp\/v2\/users\/1"}],"replies":[{"embeddable":true,"href":"http:\/\/www.korhanyilmaz.com\/index.php?rest_route=%2Fwp%2Fv2%2Fcomments&post=43705"}],"version-history":[{"count":0,"href":"http:\/\/www.korhanyilmaz.com\/index.php?rest_route=\/wp\/v2\/posts\/43705\/revisions"}],"wp:attachment":[{"href":"http:\/\/www.korhanyilmaz.com\/index.php?rest_route=%2Fwp%2Fv2%2Fmedia&parent=43705"}],"wp:term":[{"taxonomy":"category","embeddable":true,"href":"http:\/\/www.korhanyilmaz.com\/index.php?rest_route=%2Fwp%2Fv2%2Fcategories&post=43705"},{"taxonomy":"post_tag","embeddable":true,"href":"http:\/\/www.korhanyilmaz.com\/index.php?rest_route=%2Fwp%2Fv2%2Ftags&post=43705"}],"curies":[{"name":"wp","href":"https:\/\/api.w.org\/{rel}","templated":true}]}}