{"id":43695,"date":"2011-12-03T17:45:33","date_gmt":"2011-12-03T15:45:33","guid":{"rendered":"http:\/\/www.korhanyilmaz.com\/?p=43695"},"modified":"2011-12-04T09:49:53","modified_gmt":"2011-12-04T07:49:53","slug":"izmir-adalet-icin-yurudu","status":"publish","type":"post","link":"http:\/\/www.korhanyilmaz.com\/?p=43695","title":{"rendered":"\u0130zmir adalet i\u00e7in y\u00fcr\u00fcd\u00fc"},"content":{"rendered":"<p style=\"text-align: center;\"><a href=\"http:\/\/www.korhanyilmaz.com\/wp-content\/uploads\/2011\/12\/7432.jpg\"  class=\"lightview\"><img loading=\"lazy\" decoding=\"async\" class=\"aligncenter  wp-image-43696\" src=\"http:\/\/www.korhanyilmaz.com\/wp-content\/uploads\/2011\/12\/7432.jpg\" alt=\"\" width=\"304\" height=\"228\" \/><\/a><\/p>\n<p style=\"text-align: justify;\">D\u0130SK, KESK ve TMMOB \u0130zmir bile\u015fenleri taraf\u0131ndan d\u00fczenlenen &#8220;Adalet ve Demokrasi&#8221; konulu kitlesel g\u00f6steride, AKP H\u00fck\u00fcmeti\u2019nin, T\u00fcrkiye\u2019yi a\u00e7\u0131k bir cezaevine d\u00f6n\u00fc\u015ft\u00fcrd\u00fc\u011f\u00fc vurguland\u0131.<!--more--><\/p>\n<p style=\"text-align: justify;\">\u0130zmir- \u0130zmir&#8217;de ger\u00e7ekle\u015ftirilen protesto g\u00f6sterisinde D\u0130SK Ege B\u00f6lge Temsilcisi Ali \u00c7eltek, TMMOB \u0130zmir \u0130l Koordinasyon Kurulu D\u00f6nem S\u00f6zc\u00fcs\u00fc Ferdan \u00c7ift\u00e7i, KESK\u2019e ba\u011fl\u0131 \u015fubelerin temsilcileri ve yan\u0131 s\u0131ra CHP \u0130zmir \u0130l Ba\u015fkan\u0131 Tacettin Bay\u0131r, CHP \u0130zmir milletvekili Musa \u00c7am, Mustafa Moro\u011flu, Alaattin Y\u00fcksel, H\u00fclya G\u00fcven, CHP \u0130stanbul Milletvekili G\u00fcrsel Tekin de yer ald\u0131. D\u0130SK, KESK ve TMMOB \u00fcyelerinin yan\u0131 s\u0131ra siyasi parti temsilcileri ve \u00fcyelerinin de yer ald\u0131\u011f\u0131 etkinli\u011fe yakla\u015f\u0131k 3 bin ki\u015fi kat\u0131ld\u0131.<\/p>\n<p style=\"text-align: justify;\">Kitle ad\u0131na Konak Meydan\u0131\u2019nda yap\u0131lan bas\u0131n a\u00e7\u0131klamas\u0131n\u0131 okuyan KESK MYK \u00dcyesi Ali K\u0131l\u0131\u00e7, \u201cT\u00fcrkiye&#8217;yi a\u00e7\u0131k bir cezaevine d\u00f6n\u00fc\u015ft\u00fcrd\u00fcler. Paras\u0131z e\u011fitim isteyen gen\u00e7leri, do\u011frular\u0131 yazan gazetecileri, adalet isteyen hukuk\u00e7ular\u0131, hak arayan \u00e7ift\u00e7ileri, do\u011fa m\u00fccadelesi veren k\u00f6yl\u00fcleri tutuklamaktan \u00e7ekinmiyorlar\u201d dedi.<\/p>\n<p style=\"text-align: justify;\">TBMM\u2019nin, KHK\u2019lerle saf d\u0131\u015f\u0131 b\u0131rakd\u0131\u011f\u0131n\u0131 s\u00f6yleyen K\u0131l\u0131\u00e7, \u201cEmperyalizmin jandarmal\u0131\u011f\u0131nda her yerde korku sal\u0131yorlar. Y\u0131llarca, susma sustuk\u00e7a s\u0131ra sana gelecek dedik. Geldi\u011fimiz noktada, daha fazla suskun kal\u0131nmas\u0131 halinde, s\u0131ra herkeze gelecek. Ya\u015fad\u0131\u011f\u0131m\u0131z s\u00fcre\u00e7te \u00f6zel yetkili mahkemeler DGM&#8217;lere rahmet okutur hale geldi. T\u00fcm demokratik dinamikler bu s\u00fcre\u00e7te birlik ve beraberlik i\u00e7inde olmal\u0131\u201d diye konu\u015ftu.<\/p>\n<p style=\"text-align: justify;\"><a href=\"http:\/\/www.cumhuriyet.com.tr\/?hn=297762&amp;kw=%DDzmir+adalet+i%E7in+y%FCr%FCd%FC\" target=\"_blank\">Kaynak : Cumhuriyet haber Portal\u0131<\/a><\/p>\n","protected":false},"excerpt":{"rendered":"<p style=\"text-align: center;\">\n<p style=\"text-align: justify;\">D\u0130SK, KESK ve TMMOB \u0130zmir bile\u015fenleri taraf\u0131ndan d\u00fczenlenen &#8220;Adalet ve Demokrasi&#8221; konulu kitlesel g\u00f6steride, AKP H\u00fck\u00fcmeti\u2019nin, T\u00fcrkiye\u2019yi a\u00e7\u0131k bir cezaevine d\u00f6n\u00fc\u015ft\u00fcrd\u00fc\u011f\u00fc vurguland\u0131.<\/p>\n","protected":false},"author":1,"featured_media":0,"comment_status":"open","ping_status":"open","sticky":false,"template":"","format":"standard","meta":{"footnotes":""},"categories":[105],"tags":[],"class_list":["post-43695","post","type-post","status-publish","format-standard","hentry","category-gundem","odd"],"_links":{"self":[{"href":"http:\/\/www.korhanyilmaz.com\/index.php?rest_route=\/wp\/v2\/posts\/43695","targetHints":{"allow":["GET"]}}],"collection":[{"href":"http:\/\/www.korhanyilmaz.com\/index.php?rest_route=\/wp\/v2\/posts"}],"about":[{"href":"http:\/\/www.korhanyilmaz.com\/index.php?rest_route=\/wp\/v2\/types\/post"}],"author":[{"embeddable":true,"href":"http:\/\/www.korhanyilmaz.com\/index.php?rest_route=\/wp\/v2\/users\/1"}],"replies":[{"embeddable":true,"href":"http:\/\/www.korhanyilmaz.com\/index.php?rest_route=%2Fwp%2Fv2%2Fcomments&post=43695"}],"version-history":[{"count":0,"href":"http:\/\/www.korhanyilmaz.com\/index.php?rest_route=\/wp\/v2\/posts\/43695\/revisions"}],"wp:attachment":[{"href":"http:\/\/www.korhanyilmaz.com\/index.php?rest_route=%2Fwp%2Fv2%2Fmedia&parent=43695"}],"wp:term":[{"taxonomy":"category","embeddable":true,"href":"http:\/\/www.korhanyilmaz.com\/index.php?rest_route=%2Fwp%2Fv2%2Fcategories&post=43695"},{"taxonomy":"post_tag","embeddable":true,"href":"http:\/\/www.korhanyilmaz.com\/index.php?rest_route=%2Fwp%2Fv2%2Ftags&post=43695"}],"curies":[{"name":"wp","href":"https:\/\/api.w.org\/{rel}","templated":true}]}}