{"id":43690,"date":"2011-12-02T22:24:11","date_gmt":"2011-12-02T20:24:11","guid":{"rendered":"http:\/\/www.korhanyilmaz.com\/?p=43690"},"modified":"2011-12-03T00:11:03","modified_gmt":"2011-12-02T22:11:03","slug":"kosk-veto-etti-3-buyukler-sessizlige-burundu","status":"publish","type":"post","link":"http:\/\/www.korhanyilmaz.com\/?p=43690","title":{"rendered":"K\u00f6\u015fk veto etti, 3 b\u00fcy\u00fckler sessizli\u011fe b\u00fcr\u00fcnd\u00fc"},"content":{"rendered":"<p style=\"text-align: center;\"><a href=\"http:\/\/www.korhanyilmaz.com\/wp-content\/uploads\/2011\/12\/7431.jpg\"  class=\"lightview\"><img loading=\"lazy\" decoding=\"async\" class=\"aligncenter  wp-image-43691\" src=\"http:\/\/www.korhanyilmaz.com\/wp-content\/uploads\/2011\/12\/7431.jpg\" alt=\"\" width=\"396\" height=\"180\" \/><\/a><\/p>\n<p style=\"text-align: justify;\">Fenerbah\u00e7e, Galatasaray ve Be\u015fikta\u015f, Cumhurba\u015fkan\u0131 G\u00fcl&#8217;\u00fcn geri \u00e7evirdi\u011fi yasa tasar\u0131s\u0131 hakk\u0131nda yorumda bulunmad\u0131.<\/p>\n<p style=\"text-align: justify;\">Fenerbah\u00e7e, Galatasaray ve Be\u015fikta\u015f kul\u00fcpleri, Cumhurba\u015fkan\u0131 Abdullah G\u00fcl&#8217;\u00fcn, &#8220;Sporda \u015eiddet ve D\u00fczensizli\u011fin \u00d6nlenmesine Dair Kanunda De\u011fi\u015fiklik Yap\u0131lmas\u0131 Hakk\u0131nda Kanun&#8221;u tekrar g\u00f6r\u00fc\u015f\u00fclmesi i\u00e7in TBMM&#8217;ye iade etmesiyle ilgili hen\u00fcz bir a\u00e7\u0131klama yapmayacaklar\u0131n\u0131 bildirdiler.\u00a0<!--more--><\/p>\n<p style=\"text-align: justify;\">Fenerbah\u00e7e Y\u00f6netim Kurulu \u00dcyeleri \u00d6mer Temelli ve Abdullah Ki\u011f\u0131l\u0131, kul\u00fcb\u00fcn avukatlar\u0131 ile g\u00f6r\u00fc\u015ft\u00fcklerini ve y\u00f6netim olarak gerekli \u00e7al\u0131\u015fmalar\u0131 yapt\u0131klar\u0131n\u0131 ifade ederlerken, iddianamenin a\u00e7\u0131klanmas\u0131ndan sonra y\u00f6netim olarak gerekli a\u00e7\u0131klamay\u0131 yapacaklar\u0131n\u0131 s\u00f6ylediler.<\/p>\n<p style=\"text-align: justify;\">\u00a0Be\u015fikta\u015f Kul\u00fcb\u00fc Hukuk \u0130\u015flerinden Sorumlu \u00dcye Ahmet Akp\u0131nar da herhangi bir yorum yapmayacaklar\u0131n\u0131 ifade etti. Akp\u0131nar, iddianamenin \u00e7\u0131kmas\u0131n\u0131 beklediklerini, yapacaklar\u0131 a\u00e7\u0131klaman\u0131n iddianamenin \u00e7\u0131k\u0131\u015f\u0131ndan sonra olaca\u011f\u0131n\u0131 s\u00f6yledi. Ahmet Akp\u0131nar ayr\u0131ca gerek g\u00f6r\u00fclmesi halinde bir bas\u0131n toplant\u0131s\u0131 d\u00fczenleyerek,. Be\u015fikta\u015f y\u00f6netimi olarak merak edilen sorular\u0131 cevaplayacaklar\u0131n\u0131 s\u00f6zlerine ekledi.<\/p>\n<p style=\"text-align: justify;\">Galatasaray Kul\u00fcb\u00fc \u0130kinci Ba\u015fkan\u0131 Ali D\u00fcr\u00fcst ve ba\u015fkan yard\u0131mc\u0131s\u0131 Adnan \u00d6zt\u00fcrk ise sar\u0131-k\u0131rm\u0131z\u0131l\u0131 kul\u00fcp olarak bu konuda herhangi bir yorumda bulunmayacaklar\u0131n\u0131 ifade ettiler.<\/p>\n<p style=\"text-align: justify;\"><a href=\"http:\/\/www.gazeteport.com.tr\/haber\/66155\/kosk_veto_etti_buyukler_sessizlige_burundu\" target=\"_blank\">Kaynak : GAZETEPORT<\/a><\/p>\n","protected":false},"excerpt":{"rendered":"<p style=\"text-align: center;\">\n<p style=\"text-align: justify;\">Fenerbah\u00e7e, Galatasaray ve Be\u015fikta\u015f, Cumhurba\u015fkan\u0131 G\u00fcl&#8217;\u00fcn geri \u00e7evirdi\u011fi yasa tasar\u0131s\u0131 hakk\u0131nda yorumda bulunmad\u0131.<\/p>\n<p style=\"text-align: justify;\">Fenerbah\u00e7e, Galatasaray ve Be\u015fikta\u015f kul\u00fcpleri, Cumhurba\u015fkan\u0131 Abdullah G\u00fcl&#8217;\u00fcn, &#8220;Sporda \u015eiddet ve D\u00fczensizli\u011fin \u00d6nlenmesine Dair Kanunda De\u011fi\u015fiklik Yap\u0131lmas\u0131 Hakk\u0131nda Kanun&#8221;u tekrar g\u00f6r\u00fc\u015f\u00fclmesi i\u00e7in TBMM&#8217;ye iade etmesiyle ilgili hen\u00fcz bir a\u00e7\u0131klama yapmayacaklar\u0131n\u0131 bildirdiler. <\/p>\n","protected":false},"author":1,"featured_media":0,"comment_status":"open","ping_status":"open","sticky":false,"template":"","format":"standard","meta":{"footnotes":""},"categories":[42],"tags":[],"class_list":["post-43690","post","type-post","status-publish","format-standard","hentry","category-spor","odd"],"_links":{"self":[{"href":"http:\/\/www.korhanyilmaz.com\/index.php?rest_route=\/wp\/v2\/posts\/43690","targetHints":{"allow":["GET"]}}],"collection":[{"href":"http:\/\/www.korhanyilmaz.com\/index.php?rest_route=\/wp\/v2\/posts"}],"about":[{"href":"http:\/\/www.korhanyilmaz.com\/index.php?rest_route=\/wp\/v2\/types\/post"}],"author":[{"embeddable":true,"href":"http:\/\/www.korhanyilmaz.com\/index.php?rest_route=\/wp\/v2\/users\/1"}],"replies":[{"embeddable":true,"href":"http:\/\/www.korhanyilmaz.com\/index.php?rest_route=%2Fwp%2Fv2%2Fcomments&post=43690"}],"version-history":[{"count":0,"href":"http:\/\/www.korhanyilmaz.com\/index.php?rest_route=\/wp\/v2\/posts\/43690\/revisions"}],"wp:attachment":[{"href":"http:\/\/www.korhanyilmaz.com\/index.php?rest_route=%2Fwp%2Fv2%2Fmedia&parent=43690"}],"wp:term":[{"taxonomy":"category","embeddable":true,"href":"http:\/\/www.korhanyilmaz.com\/index.php?rest_route=%2Fwp%2Fv2%2Fcategories&post=43690"},{"taxonomy":"post_tag","embeddable":true,"href":"http:\/\/www.korhanyilmaz.com\/index.php?rest_route=%2Fwp%2Fv2%2Ftags&post=43690"}],"curies":[{"name":"wp","href":"https:\/\/api.w.org\/{rel}","templated":true}]}}