{"id":43687,"date":"2011-12-02T20:20:12","date_gmt":"2011-12-02T18:20:12","guid":{"rendered":"http:\/\/www.korhanyilmaz.com\/?p=43687"},"modified":"2011-12-03T00:07:28","modified_gmt":"2011-12-02T22:07:28","slug":"cumhurbaskani-gul-yasayi-veto-etti","status":"publish","type":"post","link":"http:\/\/www.korhanyilmaz.com\/?p=43687","title":{"rendered":"Cumhurba\u015fkan\u0131 G\u00fcl yasay\u0131 veto etti&#8230;"},"content":{"rendered":"<p style=\"text-align: center;\"><a href=\"http:\/\/www.korhanyilmaz.com\/wp-content\/uploads\/2011\/12\/7430.jpg\"  class=\"lightview\"><img loading=\"lazy\" decoding=\"async\" class=\"aligncenter  wp-image-43688\" src=\"http:\/\/www.korhanyilmaz.com\/wp-content\/uploads\/2011\/12\/7430.jpg\" alt=\"\" width=\"309\" height=\"240\" \/><\/a><\/p>\n<p style=\"text-align: justify;\">\u015eike yasas\u0131 olarak bilinen &#8220;Sporda \u015eiddet ve D\u00fczensizli\u011fin \u00d6nlenmesine Dair Kanunda De\u011fi\u015fiklik Yap\u0131lmas\u0131 Hakk\u0131nda Kanun&#8221;, Cumhurba\u015fkan\u0131 Abdullah G\u00fcl taraf\u0131ndan bir kez daha g\u00f6r\u00fc\u015f\u00fclmesi i\u00e7in, TBMM&#8217;ye geri g\u00f6nderildi.<\/p>\n<p style=\"text-align: justify;\">Cumhurba\u015fkan\u0131 Abdullah G\u00fcl, Sporda \u015eiddet Yasas\u0131 i\u00e7in \u00f6ng\u00f6r\u00fclen yasa de\u011fi\u015fikli\u011fini veto etti ve meclise geri g\u00f6nderdi.\u00a0<!--more--><\/p>\n<p style=\"text-align: justify;\">Cumhurba\u015fkanl\u0131\u011f\u0131&#8217;ndan yap\u0131lan a\u00e7\u0131klamada \u015fu ifadelere yer verildi:<\/p>\n<p style=\"text-align: justify;\">&#8220;Say\u0131n Cumhurba\u015fkan\u0131m\u0131z taraf\u0131ndan yay\u0131mlanmas\u0131 uygun bulunmayan 6250 say\u0131l\u0131 &#8220;Sporda \u015eiddet ve D\u00fczensizli\u011fin \u00d6nlenmesine Dair Kanunda De\u011fi\u015fiklik Yap\u0131lmas\u0131 Hakk\u0131nda Kanun&#8221;, bir kez daha g\u00f6r\u00fc\u015f\u00fclmesi i\u00e7in, Anayasan\u0131n 89 ve 104 \u00fcnc\u00fc maddeleri uyar\u0131nca T\u00fcrkiye B\u00fcy\u00fck Millet Meclisi Ba\u015fkanl\u0131\u011f\u0131na geri g\u00f6nderilmi\u015ftir. S\u00f6z konusu Kanunun T\u00fcrkiye B\u00fcy\u00fck Millet Meclisi Ba\u015fkanl\u0131\u011f\u0131na geri g\u00f6nderilmesinin gerek\u00e7eleri a\u015fa\u011f\u0131da sunulmaktad\u0131r:<\/p>\n<p style=\"text-align: justify;\">&#8216;T\u00fcrkiye B\u00fcy\u00fck Millet Meclisi Genel Kurulunca 24\/11\/2011 tarihinde kabul edilen 6250 say\u0131l\u0131 &#8220;Sporda \u015eiddet ve D\u00fczensizli\u011fin \u00d6nlenmesine Dair Kanunda De\u011fi\u015fiklik Yap\u0131lmas\u0131 Hakk\u0131nda Kanun&#8217; incelenmi\u015ftir. Sportif faaliyet ve organizasyonlarda d\u00fczenin sa\u011flanarak sporun kitlelere yay\u0131lmas\u0131n\u0131n te\u015fvik edilmesi amac\u0131yla y\u00fcr\u00fcrl\u00fc\u011fe konulan 5149 say\u0131l\u0131 Kanunun, y\u00fcr\u00fcrl\u00fc\u011fe girdi\u011fi 2004 y\u0131l\u0131ndan itibaren spor m\u00fcsabakalar\u0131nda \u015fiddet ve d\u00fczensizli\u011fi \u00f6nlemede yetersiz kald\u0131\u011f\u0131 g\u00f6r\u00fclm\u00fc\u015f ve an\u0131lan yetersizlikler ile uygulamada kar\u015f\u0131la\u015f\u0131lan noksanl\u0131klar\u0131n giderilmesi i\u00e7in T\u00fcrkiye B\u00fcy\u00fck Millet Meclisince 6222 say\u0131l\u0131 Sporda \u015eiddet ve D\u00fczensizli\u011fin \u00d6nlenmesine Dair Kanun kabul edilerek 14\/4\/2011 tarihinde y\u00fcr\u00fcrl\u00fc\u011fe girmi\u015ftir. Genel gerek\u00e7esinde, di\u011fer \u00fclkelerin ve uluslararas\u0131 spor \u00f6rg\u00fctlerinin d\u00fczenlemeleri ile team\u00fcllerinin g\u00f6z\u00f6n\u00fcnde bulundurularak haz\u0131rland\u0131\u011f\u0131 ve uluslararas\u0131 s\u00f6zle\u015fmeler ile geli\u015fmelere paralellik sa\u011fland\u0131\u011f\u0131 belirtilen 6222 say\u0131l\u0131 Kanunla spor alan\u0131nda faaliyet g\u00f6sterenlerin ve taraftarlar\u0131n haklar\u0131n\u0131n korunmas\u0131, d\u00fczensizlik ve \u015fiddet olaylar\u0131n\u0131n \u00f6nlenmesi amac\u0131yla bu alana \u00f6zg\u00fc su\u00e7lar ve cezalar\u0131 d\u00fczenlenmi\u015ftir.<\/p>\n<p style=\"text-align: justify;\">\u0130ncelenen Kanunla ise, \u015fike ve te\u015fvik primi su\u00e7u ba\u015fta olmak \u00fczere 6222 say\u0131l\u0131 Kanunda \u00e7e\u015fitli su\u00e7lar i\u00e7in getirilen hapis cezalar\u0131n\u0131n indirilmesi, baz\u0131 fiiller i\u00e7in \u00f6ng\u00f6r\u00fclen hapis cezalar\u0131n\u0131n yerine adli para cezas\u0131 verilmesi ve bu de\u011fi\u015fikliklere ba\u011fl\u0131 olarak g\u00f6revli mahkemelerin de\u011fi\u015ftirilmesi \u00f6ng\u00f6r\u00fclm\u00fc\u015ft\u00fcr.<\/p>\n<p style=\"text-align: justify;\">Bilindi\u011fi gibi, hukuk devletinde, ceza ve ceza yerine ge\u00e7en g\u00fcvenlik tedbirlerine ili\u015fkin kurallar, ceza hukukunun temel ilkeleri ile Anayasan\u0131n ilgili h\u00fck\u00fcmleri ba\u015fta olmak \u00fczere, \u00fclkenin sosyal ve k\u00fclt\u00fcrel yap\u0131s\u0131, etik de\u011ferleri ve ekonomik hayat\u0131n ihtiya\u00e7lar\u0131 g\u00f6z\u00f6n\u00fcne al\u0131narak tespit edilecek ceza siyasetine g\u00f6re belirlenir.<\/p>\n<p style=\"text-align: justify;\">Kanun koyucu, cezaland\u0131rma yetkisini kullan\u0131rken hangi fiillerin su\u00e7 say\u0131laca\u011f\u0131, bunlar\u0131n hangi t\u00fcr ve \u00f6l\u00e7\u00fcdeki ceza m\u00fceyyideleri ile kar\u015f\u0131lanaca\u011f\u0131, nelerin a\u011f\u0131rla\u015ft\u0131r\u0131c\u0131 veya hafifletici sebep olarak kabul edilebilece\u011fi konular\u0131nda takdir yetkisine sahiptir. Bu yetki kullan\u0131l\u0131rken su\u00e7 ve ceza aras\u0131ndaki adil dengenin korunmas\u0131n\u0131n sa\u011flanmas\u0131 ve \u00f6ng\u00f6r\u00fclen cezan\u0131n, cezaland\u0131rmada g\u00fcd\u00fclen amac\u0131 ger\u00e7ekle\u015ftirmeye elveri\u015fli olmas\u0131 gibi esaslar dikkate al\u0131n\u0131r. Su\u00e7 ve ceza aras\u0131nda adalete uygun bir oran\u0131n bulunup bulunmad\u0131\u011f\u0131n\u0131n tespitinde ise o su\u00e7un toplumda do\u011furdu\u011fu infial ve etki, ki\u015filer \u00fczerinde olu\u015fturdu\u011fu tehlike ve zarar ile bunlar\u0131n azl\u0131\u011f\u0131 veya \u00e7oklu\u011fu, su\u00e7un i\u015flenme oran\u0131ndaki azalma veya art\u0131\u015f gibi fakt\u00f6rlerin de dikkate al\u0131nmas\u0131 gerekir. Aksi takdirde, yap\u0131lan d\u00fczenleme ger\u00e7ek amac\u0131n\u0131n d\u0131\u015f\u0131nda sonu\u00e7lar do\u011furabilece\u011fi gibi toplumun adalete olan g\u00fcven duygusunun sars\u0131lmas\u0131na da sebep olur.<\/p>\n<p style=\"text-align: justify;\">Bu itibarla, incelenen Kanunla \u00f6ng\u00f6r\u00fclen de\u011fi\u015fikliklerin, \u00f6l\u00e7\u00fcl\u00fcl\u00fck ve cayd\u0131r\u0131c\u0131l\u0131k gibi ceza hukukunun temel prensiplerini etkisiz k\u0131laca\u011f\u0131 ve yukar\u0131da belirtilen sak\u0131ncalar\u0131 do\u011furabilece\u011fi d\u00fc\u015f\u00fcn\u00fclmektedir. Di\u011fer taraftan, 6222 say\u0131l\u0131 Kanunda de\u011fi\u015fiklik \u00f6ng\u00f6ren bu Kanunun gerek\u00e7esinde, yap\u0131lan de\u011fi\u015fikliklerin, di\u011fer kanunlarda \u00f6ng\u00f6r\u00fclen su\u00e7lara verilen cezalar dikkate al\u0131nmak suretiyle adil ve hakkaniyete uygun cezalar belirlenmesi amac\u0131yla ger\u00e7ekle\u015ftirildi\u011fi belirtilmekte ise de, kamuoyunda, genel ve gereklilikten do\u011fan bir d\u00fczenleme olmaktan ziyade, halen y\u00fcr\u00fct\u00fclmekte olan bir soru\u015fturma kapsam\u0131nda bulunan ki\u015filere y\u00f6nelik \u00f6zel bir d\u00fczenleme oldu\u011fu intiba\u0131n\u0131 uyand\u0131rd\u0131\u011f\u0131, bu durumun da de\u011fi\u015fikli\u011fin esas amac\u0131 d\u0131\u015f\u0131nda \u00f6zel bir saikle haz\u0131rland\u0131\u011f\u0131 ele\u015ftirilerine sebebiyet verdi\u011fi g\u00f6r\u00fclmektedir.<\/p>\n<p style=\"text-align: justify;\">Yay\u0131mlanmas\u0131 yukar\u0131da a\u00e7\u0131klanan gerek\u00e7elerle uygun g\u00f6r\u00fclmeyen 6250 say\u0131l\u0131 &#8220;Sporda \u015eiddet ve D\u00fczensizli\u011fin \u00d6nlenmesine Dair Kanunda De\u011fi\u015fiklik Yap\u0131lmas\u0131 Hakk\u0131nda Kanu,\u00f6 T\u00fcrkiye B\u00fcy\u00fck Millet Meclisince bir kez daha g\u00f6r\u00fc\u015f\u00fclmesi i\u00e7in, Anayasan\u0131n de\u011fi\u015fik 89 ve 104 \u00fcnc\u00fc maddeleri uyar\u0131nca ili\u015fikte geri g\u00f6nderilmi\u015ftir&#8221; denildi.<\/p>\n<p style=\"text-align: justify;\"><a href=\"http:\/\/www.gazeteport.com.tr\/haber\/66150\/cumhurbaskani_gul_yasayi_veto_etti\" target=\"_blank\">Kaynak : GAZETEPORT<\/a><\/p>\n","protected":false},"excerpt":{"rendered":"<p style=\"text-align: center;\">\n<p style=\"text-align: justify;\">\u015eike yasas\u0131 olarak bilinen &#8220;Sporda \u015eiddet ve D\u00fczensizli\u011fin \u00d6nlenmesine Dair Kanunda De\u011fi\u015fiklik Yap\u0131lmas\u0131 Hakk\u0131nda Kanun&#8221;, Cumhurba\u015fkan\u0131 Abdullah G\u00fcl taraf\u0131ndan bir kez daha g\u00f6r\u00fc\u015f\u00fclmesi i\u00e7in, TBMM&#8217;ye geri g\u00f6nderildi.<\/p>\n<p style=\"text-align: justify;\">Cumhurba\u015fkan\u0131 Abdullah G\u00fcl, Sporda \u015eiddet Yasas\u0131 i\u00e7in \u00f6ng\u00f6r\u00fclen yasa de\u011fi\u015fikli\u011fini veto etti ve meclise geri g\u00f6nderdi. <\/p>\n","protected":false},"author":1,"featured_media":0,"comment_status":"open","ping_status":"open","sticky":false,"template":"","format":"standard","meta":{"footnotes":""},"categories":[105],"tags":[],"class_list":["post-43687","post","type-post","status-publish","format-standard","hentry","category-gundem","odd"],"_links":{"self":[{"href":"http:\/\/www.korhanyilmaz.com\/index.php?rest_route=\/wp\/v2\/posts\/43687","targetHints":{"allow":["GET"]}}],"collection":[{"href":"http:\/\/www.korhanyilmaz.com\/index.php?rest_route=\/wp\/v2\/posts"}],"about":[{"href":"http:\/\/www.korhanyilmaz.com\/index.php?rest_route=\/wp\/v2\/types\/post"}],"author":[{"embeddable":true,"href":"http:\/\/www.korhanyilmaz.com\/index.php?rest_route=\/wp\/v2\/users\/1"}],"replies":[{"embeddable":true,"href":"http:\/\/www.korhanyilmaz.com\/index.php?rest_route=%2Fwp%2Fv2%2Fcomments&post=43687"}],"version-history":[{"count":0,"href":"http:\/\/www.korhanyilmaz.com\/index.php?rest_route=\/wp\/v2\/posts\/43687\/revisions"}],"wp:attachment":[{"href":"http:\/\/www.korhanyilmaz.com\/index.php?rest_route=%2Fwp%2Fv2%2Fmedia&parent=43687"}],"wp:term":[{"taxonomy":"category","embeddable":true,"href":"http:\/\/www.korhanyilmaz.com\/index.php?rest_route=%2Fwp%2Fv2%2Fcategories&post=43687"},{"taxonomy":"post_tag","embeddable":true,"href":"http:\/\/www.korhanyilmaz.com\/index.php?rest_route=%2Fwp%2Fv2%2Ftags&post=43687"}],"curies":[{"name":"wp","href":"https:\/\/api.w.org\/{rel}","templated":true}]}}