{"id":43684,"date":"2011-12-02T17:52:28","date_gmt":"2011-12-02T15:52:28","guid":{"rendered":"http:\/\/www.korhanyilmaz.com\/?p=43684"},"modified":"2011-12-02T18:24:36","modified_gmt":"2011-12-02T16:24:36","slug":"biden-erdogani-evinde-ziyaret-edecek","status":"publish","type":"post","link":"http:\/\/www.korhanyilmaz.com\/?p=43684","title":{"rendered":"Biden, Erdo\u011fan&#8217;\u0131 evinde ziyaret edecek"},"content":{"rendered":"<p style=\"text-align: justify;\"><a href=\"http:\/\/www.korhanyilmaz.com\/wp-content\/uploads\/2011\/12\/7429.jpg\"  class=\"lightview\"><img loading=\"lazy\" decoding=\"async\" class=\"aligncenter size-full wp-image-43685\" title=\"\" src=\"http:\/\/www.korhanyilmaz.com\/wp-content\/uploads\/2011\/12\/7429.jpg\" alt=\"\" width=\"313\" height=\"210\" \/><\/a><\/p>\n<p style=\"text-align: justify;\">ABD Ba\u015fkan Yard\u0131mc\u0131s\u0131 Joe Biden T\u00fcrkiye&#8217;de. Ankara&#8217;da TBMM Ba\u015fkan\u0131 Cemil \u00c7i\u00e7ek ve Cumhurba\u015fkan\u0131 Abdullah G\u00fcl ile g\u00f6r\u00fc\u015fen Biden, \u0130stanbul&#8217;a ge\u00e7ti. Joe Biden, Ba\u015fbakan Erdo\u011fan&#8217;\u0131 \u00dcsk\u00fcdar K\u0131s\u0131kl\u0131&#8217;daki konutunda ziyaret edecek.\u00a0<!--more--><\/p>\n<p style=\"text-align: justify;\">Biden ve beraberindeki heyeti ta\u015f\u0131yan &#8220;Air Force Two&#8221; u\u00e7a\u011f\u0131, saat 23.30&#8217;da Esenbo\u011fa Havaalan\u0131&#8217;na indi. Biden&#8217;\u0131 alanda T\u00fcrkiye&#8217;nin WashingtonB\u00fcy\u00fckel\u00e7isi Nam\u0131k Tan, ABD&#8217;nin Ankara B\u00fcy\u00fckel\u00e7isi Francis Ricciardone ve AnkaraVali Yard\u0131mc\u0131s\u0131 Mehmet Ali Uluta\u015f ile di\u011fer yetkililer kar\u015f\u0131lad\u0131.<\/p>\n<p style=\"text-align: justify;\">Biden ilk olarak TBMM Ba\u015fkan\u0131 Cemil \u00c7i\u00e7ek ile g\u00f6r\u00fc\u015ft\u00fc. \u00c7i\u00e7ek, ABD Ba\u015fkan Yard\u0131mc\u0131s\u0131 Joe Biden&#8217;a kahvalt\u0131 verdi.<\/p>\n<p style=\"text-align: justify;\">Mecliste verilen kahvalt\u0131da, D\u0131\u015fi\u015fleri Bakanl\u0131\u011f\u0131 M\u00fcste\u015far\u0131 Feridun Sinirlio\u011flu, T\u00fcrkiye&#8217;nin Washington B\u00fcy\u00fckel\u00e7isi Nam\u0131k Tan ile Ba\u015fbakanl\u0131k Ba\u015fdan\u0131\u015fman\u0131 ve Kamu Diplomasisi Koordinat\u00f6r\u00fc \u0130brahim Kal\u0131n da bulundu.<\/p>\n<p style=\"text-align: justify;\"><strong>G\u00fcl ile Biden ne konu\u015ftu?\u00a0<\/strong><\/p>\n<p style=\"text-align: justify;\">Daha sonra An\u0131tkabir&#8217;i ziyaret eden Biden, \u00c7ankaya K\u00f6\u015fk\u00fc&#8217;nde Cumhurba\u015fkan\u0131 Abdullah G\u00fcl ile 2 saatlik bir g\u00f6r\u00fc\u015fme yapt\u0131.<\/p>\n<p style=\"text-align: justify;\">Biden ile yapt\u0131\u011f\u0131 g\u00f6r\u00fc\u015fme hakk\u0131nda a\u00e7\u0131klamalarda bulunan G\u00fcl, T\u00fcrkiye ve ABD&#8217;nin ter\u00f6r \u00f6rg\u00fct\u00fc PKK&#8217;ya kar\u015f\u0131 m\u00fccadelesinin daha g\u00fc\u00e7l\u00fc bir \u015fekilde devam edece\u011fini s\u00f6yledi.<\/p>\n<p style=\"text-align: justify;\">ABD Ba\u015fkan Yard\u0131mc\u0131s\u0131 Joseph Biden&#8217;i ABD Senatosu D\u0131\u015fili\u015fkiler Komitesi Ba\u015fkanl\u0131\u011f\u0131 d\u00f6neminden beri tan\u0131d\u0131\u011f\u0131n\u0131 belirten Cumhurba\u015fkan\u0131 Abdullah G\u00fcl, &#8220;Hukukumuz oldu\u011fu i\u00e7in g\u00f6r\u00fc\u015fme biraz uzun s\u00fcrd\u00fc. G\u00f6r\u00fc\u015fmede genellikle b\u00f6lge meselelerini konu\u015ftuk. T\u00fcrk-Amerikan ili\u015fkilerinde \u00e7ok \u00f6nemli yeri olan dosyalar\u0131 da g\u00f6r\u00fc\u015fme f\u0131rsat\u0131 bulduk&#8221; dedi.<\/p>\n<p style=\"text-align: justify;\">Curba\u015fkan\u0131 G\u00fcl, &#8220;ABD, PKK&#8217;ya kar\u015f\u0131 m\u00fccadelede yeni bir a\u00e7\u0131l\u0131m yapabilecek mi?&#8221; sorusunu ise &#8220;Daha g\u00fc\u00e7l\u00fc bir \u015fekilde devam edecek. Bunun \u00e7ok iyi fark\u0131ndalar. Bu konuda Irak&#8217;ta yapt\u0131\u011f\u0131 g\u00f6r\u00fc\u015fmeler hakk\u0131nda bir \u00e7ok kesin, kati bilgi verdi. Hem de burada s\u00f6yledi\u011fi \u015feyler iyi \u015feylerdi. Bunlar\u0131 kar\u015f\u0131l\u0131kl\u0131 takip edece\u011fiz&#8221; diye yan\u0131tlad\u0131.<\/p>\n<p style=\"text-align: justify;\"><strong>\u0130stanbul&#8217;a ge\u00e7ti, Erdo\u011fan&#8217;\u0131 ziyaret edecek\u00a0<\/strong><\/p>\n<p style=\"text-align: justify;\">Ankara&#8217;daki temaslar\u0131n\u0131 tamamlayan Biden&#8217;i ta\u015f\u0131yan \u00f6zel u\u00e7ak, saat 16.00&#8217;da Atat\u00fcrk Havaliman\u0131na indi. Biden&#8217;i, Atat\u00fcrk Havaliman\u0131 Devlet Konukevinde ABD&#8217;nin \u0130stanbul Ba\u015fkonsolosu Scott F. Kilner ile \u00f6teki yetkililer kar\u015f\u0131lad\u0131.<\/p>\n<p style=\"text-align: justify;\">Bu arada, Biden&#8217;i ta\u015f\u0131yan \u00f6zel u\u00e7a\u011f\u0131n Atat\u00fcrk Havaliman\u0131na inmesinden saatler \u00f6nce devlet konukevi ve \u00e7evresinde yo\u011fun g\u00fcvenlik \u00f6nlemlerinin al\u0131nd\u0131\u011f\u0131 g\u00f6r\u00fcld\u00fc.<\/p>\n<p style=\"text-align: justify;\">Konukevinin \u00f6n\u00fcnde park edilen ara\u00e7lar, \u00e7ekici yard\u0131m\u0131yla kald\u0131r\u0131ld\u0131.<\/p>\n<p style=\"text-align: justify;\">ABD&#8217;li korumalar taraf\u0131ndan devlet konukevinin otopark\u0131nda bulunan otomobiller ve kendi kullanacaklar\u0131 ara\u00e7lar e\u011fitimli k\u00f6pekler yard\u0131m\u0131yla kontrol edildi.<\/p>\n<p style=\"text-align: justify;\">Biden, yar\u0131n Ba\u015fbakan Recep Tayyip Erdo\u011fan&#8217;\u0131 \u00dcsk\u00fcdar K\u0131s\u0131kl\u0131&#8217;daki konutunda ziyaret edecek. Ba\u015fbakanl\u0131k kaynaklar\u0131ndan edinilen bilgiye g\u00f6re, Biden&#8217;in Erdo\u011fan&#8217;a ziyaretinin saat 13.30 s\u0131ralar\u0131nda ger\u00e7ekle\u015fmesi \u00f6ng\u00f6r\u00fcl\u00fcyor.<\/p>\n<p style=\"text-align: justify;\">Bu arada, ABD Ba\u015fkan Yard\u0131mc\u0131s\u0131 Biden&#8217;in yar\u0131n yapaca\u011f\u0131 ziyaret nedeniyle ABD&#8217;li bir heyet, Ba\u015fbakan Erdo\u011fan&#8217;\u0131n K\u0131s\u0131kl\u0131&#8217;daki konutunun \u00e7evresinde incelemelerde bulundu.<\/p>\n<p style=\"text-align: justify;\">Biden, T\u00fcrkiye&#8217;nin ard\u0131ndan temaslarda bulunmak \u00fczere Yunanistan&#8217;age\u00e7erek, 5 Aral\u0131k&#8217;ta ABD&#8217;ye d\u00f6necek.<\/p>\n<p style=\"text-align: justify;\"><strong>-Ziyarette neler konu\u015fulacak-\u00a0<\/strong><\/p>\n<p style=\"text-align: justify;\">Biden&#8217;\u0131n ziyareti s\u0131ras\u0131nda yap\u0131lacak g\u00f6r\u00fc\u015fmelerde T\u00fcrkiye ile ABD&#8217;nin PKK ile m\u00fccadele konusundaki i\u015fbirli\u011fi, &#8220;Arap bahar\u0131&#8221;yla ilgili geli\u015fmeler ve bu \u00e7er\u00e7evede Suriye&#8217;yle ilgili son durum, K\u0131br\u0131s sorunu ve devameden m\u00fczakereler, T\u00fcrkiye-ABD ikili ili\u015fkileri ba\u015fta olmak \u00fczere \u00e7ok geni\u015f bir yelpazedeki konular\u0131n ele al\u0131nmas\u0131 bekleniyor.<\/p>\n<p style=\"text-align: justify;\">Joe Biden&#8217;\u0131n Ulusal G\u00fcvenlik Dan\u0131\u015fman\u0131 Tony Blinken, ziyaret hakk\u0131nda yapt\u0131\u011f\u0131 bilgilendirmede, ABD Ba\u015fkan Yard\u0131mc\u0131s\u0131n\u0131n T\u00fcrkiye&#8217;de ilk olarak ter\u00f6r\u00f6rg\u00fct\u00fc PKK ile m\u00fccadelede ABD&#8217;nin T\u00fcrkiye&#8217;ye sa\u011flad\u0131\u011f\u0131 yard\u0131m\u0131 konu\u015faca\u011f\u0131n\u0131 belirtmi\u015fti.<\/p>\n<p style=\"text-align: justify;\">Blinken, Heybeliada Ruhban Okulu&#8217;nun tekrar a\u00e7\u0131lmas\u0131, Afganistan,T\u00fcrkiye-\u0130srail ve T\u00fcrkiye-Ermenistan ili\u015fkilerinin de g\u00fcndeme gelece\u011fini belirtmi\u015fti.<\/p>\n<p style=\"text-align: justify;\"><a href=\"http:\/\/www.cnnturk.com\/2011\/turkiye\/12\/02\/biden.erdogani.evinde.ziyaret.edecek\/638941.0\/index.html\" target=\"_blank\">Kaynak : CNN T\u00dcRK<\/a><\/p>\n","protected":false},"excerpt":{"rendered":"<p style=\"text-align: justify;\">\n<p style=\"text-align: justify;\">ABD Ba\u015fkan Yard\u0131mc\u0131s\u0131 Joe Biden T\u00fcrkiye&#8217;de. Ankara&#8217;da TBMM Ba\u015fkan\u0131 Cemil \u00c7i\u00e7ek ve Cumhurba\u015fkan\u0131 Abdullah G\u00fcl ile g\u00f6r\u00fc\u015fen Biden, \u0130stanbul&#8217;a ge\u00e7ti. Joe Biden, Ba\u015fbakan Erdo\u011fan&#8217;\u0131 \u00dcsk\u00fcdar K\u0131s\u0131kl\u0131&#8217;daki konutunda ziyaret edecek. <\/p>\n","protected":false},"author":1,"featured_media":0,"comment_status":"open","ping_status":"open","sticky":false,"template":"","format":"standard","meta":{"footnotes":""},"categories":[105],"tags":[],"class_list":["post-43684","post","type-post","status-publish","format-standard","hentry","category-gundem","odd"],"_links":{"self":[{"href":"http:\/\/www.korhanyilmaz.com\/index.php?rest_route=\/wp\/v2\/posts\/43684","targetHints":{"allow":["GET"]}}],"collection":[{"href":"http:\/\/www.korhanyilmaz.com\/index.php?rest_route=\/wp\/v2\/posts"}],"about":[{"href":"http:\/\/www.korhanyilmaz.com\/index.php?rest_route=\/wp\/v2\/types\/post"}],"author":[{"embeddable":true,"href":"http:\/\/www.korhanyilmaz.com\/index.php?rest_route=\/wp\/v2\/users\/1"}],"replies":[{"embeddable":true,"href":"http:\/\/www.korhanyilmaz.com\/index.php?rest_route=%2Fwp%2Fv2%2Fcomments&post=43684"}],"version-history":[{"count":0,"href":"http:\/\/www.korhanyilmaz.com\/index.php?rest_route=\/wp\/v2\/posts\/43684\/revisions"}],"wp:attachment":[{"href":"http:\/\/www.korhanyilmaz.com\/index.php?rest_route=%2Fwp%2Fv2%2Fmedia&parent=43684"}],"wp:term":[{"taxonomy":"category","embeddable":true,"href":"http:\/\/www.korhanyilmaz.com\/index.php?rest_route=%2Fwp%2Fv2%2Fcategories&post=43684"},{"taxonomy":"post_tag","embeddable":true,"href":"http:\/\/www.korhanyilmaz.com\/index.php?rest_route=%2Fwp%2Fv2%2Ftags&post=43684"}],"curies":[{"name":"wp","href":"https:\/\/api.w.org\/{rel}","templated":true}]}}