{"id":43680,"date":"2011-12-02T14:52:29","date_gmt":"2011-12-02T12:52:29","guid":{"rendered":"http:\/\/www.korhanyilmaz.com\/?p=43680"},"modified":"2011-12-02T18:19:37","modified_gmt":"2011-12-02T16:19:37","slug":"vural-vicdanlarda-mahkum-oldunuz","status":"publish","type":"post","link":"http:\/\/www.korhanyilmaz.com\/?p=43680","title":{"rendered":"Vural: &#8220;Vicdanlarda mahkum oldunuz&#8221;"},"content":{"rendered":"<p style=\"text-align: justify;\"><a href=\"http:\/\/www.korhanyilmaz.com\/wp-content\/uploads\/2011\/12\/7428.jpg\"  class=\"lightview\"><img loading=\"lazy\" decoding=\"async\" class=\"aligncenter size-full wp-image-43681\" title=\"\" src=\"http:\/\/www.korhanyilmaz.com\/wp-content\/uploads\/2011\/12\/7428.jpg\" alt=\"\" width=\"313\" height=\"208\" \/><\/a><\/p>\n<p style=\"text-align: justify;\">MHP Grup Ba\u015fkanvekili Oktay Vural, TBMM Genel Kurulunda, Ba\u015fbakan Yard\u0131mc\u0131s\u0131 Be\u015fir Atalay hakk\u0131ndaki gensoru \u00f6nergesinin g\u00fcndeme al\u0131nmas\u0131n\u0131n kabul edilmedi\u011fini an\u0131msatarak, &#8220;Zannediyor musunuz d\u00fcn parmaklar sizi aklad\u0131, vicdanlarda siz mahkum oldunuz&#8221; dedi.\u00a0<!--more--><\/p>\n<p style=\"text-align: justify;\">Vural, TBMM&#8217;de d\u00fczenledi\u011fi bas\u0131n toplant\u0131s\u0131nda, Atalay hakk\u0131nda verdikleri gensoru \u00f6negesinin g\u00fcndeme al\u0131nmas\u0131n\u0131n, &#8220;AK Parti ve BDP ittifak\u0131yla&#8221; Genel Kurulda g\u00fcndeme al\u0131nmad\u0131\u011f\u0131n\u0131, sorumlular\u0131n, millete hesap vermesinin, siyasi ama\u00e7larla engellendi\u011fini savundu. Depremde otel enkaz\u0131nda ya\u015fam\u0131n\u0131 yitiren gazeteciler Cem Emir ve Sebahattin Y\u0131lmaz ile Miyazaki&#8217;nin kanlar\u0131n\u0131n yerde kald\u0131\u011f\u0131n\u0131 iddia eden Vural, &#8220;Onlar\u0131n haklar\u0131na sahip \u00e7\u0131kam\u0131yorsak, ya\u015fayanlar\u0131n haklar\u0131na nas\u0131l sahip \u00e7\u0131kaca\u011f\u0131z? Bunun yasal sorumlusu varsa, siyasal sorumlusu kimdir?&#8221; diye sordu.<\/p>\n<p style=\"text-align: justify;\">\u00c7evre ve \u015eehircilik Bakan\u0131 Erdo\u011fan Bayraktar&#8217;\u0131n &#8220;Az hasarl\u0131 evlere girilebilir&#8221; y\u00f6n\u00fcndeki a\u00e7\u0131klamas\u0131n\u0131 iPad&#8217;inden dinleten Vural, &#8220;\u0130nand\u0131lar, girdiler ve \u00f6ld\u00fcler&#8230;&#8221; dedi. Bayraktar&#8217;\u0131n daha sonra &#8220;O binalara girin de girmeyin de demedik&#8221; a\u00e7\u0131klamas\u0131nda bulundu\u011funu belirten Vural, s\u00f6zlerini \u015f\u00f6yle s\u00fcrd\u00fcrd\u00fc:<\/p>\n<p style=\"text-align: justify;\">&#8220;Su\u00e7lu kim, Cem, Sebahattin, Miyazaki ve onlar\u0131n yan\u0131nda \u00f6len 40 ki\u015fi. T\u00fcylerim diken diken oluyor. Bu vicdani sorumlulu\u011fu yerine getirmeyenler Allah indinde de sorumludurlar. Bu kadar acziyet olmaz. Siyasal ama\u00e7larla kald\u0131r\u0131lan, ne vicdana ne akla dokunmayan parmaklar, bunun hesab\u0131n\u0131 vermeyecek mi? Bu binalara girin, girilebilir diyenler, zannediyor musunuz d\u00fcn parmaklar sizi aklad\u0131, vicdanlarda siz mahkum oldunuz. BDP, gensoruyu a\u00e7\u0131l\u0131m saikiyle reddediyor. A\u00e7\u0131l\u0131m konusunda Be\u015fir Atalay&#8217;\u0131n \u00f6n\u00fc a\u00e7\u0131lmak isteniyor.&#8221;<\/p>\n<p style=\"text-align: justify;\">Vural, Palu&#8217;dan Sincik&#8217;e giden Do\u011fu Anadolu fay hatt\u0131 \u00fczerinde yap\u0131lan, 8 Kas\u0131m 2006 tarihli teknik incelemede, yakla\u015f\u0131k 240 bin yap\u0131n\u0131n hi\u00e7birin depreme dayan\u0131kl\u0131 olmad\u0131\u011f\u0131 tespiti yap\u0131ld\u0131\u011f\u0131n\u0131 s\u00f6yledi. Burada, deprem olma ihtimalinin y\u00fcksek oldu\u011fu, binalar\u0131n yeniden yap\u0131lmas\u0131 gerekti\u011finin belirtildi\u011fini ifade eden Vural, 2010&#8217;daki depremde 42 vatanda\u015f\u0131n hayat\u0131n\u0131 kaybetti\u011fini an\u0131msatt\u0131. Vural, burada deprem olaca\u011f\u0131n\u0131n bilinmesine, \u00f6n et\u00fcd raporuna ra\u011fmen bile bile \u00f6l\u00fcmlerin \u00f6n\u00fcn\u00fcn a\u00e7\u0131ld\u0131\u011f\u0131n\u0131 kaydetti.<\/p>\n<p style=\"text-align: justify;\"><strong>Katsay\u0131 teklifi yenileniyor\u00a0<\/strong><\/p>\n<p style=\"text-align: justify;\">Y\u00d6K&#8217;\u00fcn, \u00fcniversiteye yerle\u015ftirme puan\u0131 hesaplanmas\u0131nda farkl\u0131 katsay\u0131 uygulanmas\u0131n\u0131 y\u00fcr\u00fcrl\u00fckten kald\u0131rd\u0131\u011f\u0131n\u0131 an\u0131msatan Oktay Vural, MHP&#8217;nin 2010&#8217;da katsay\u0131n\u0131n e\u015fitlenmesi i\u00e7in kanun teklifi verdi\u011fini an\u0131msatt\u0131. Vural, kanun tekliflerini bug\u00fcn yenileyeceklerini bildirdi.<\/p>\n<p style=\"text-align: justify;\">Vural, Y\u00d6K&#8217;\u00fcn ald\u0131\u011f\u0131 bu t\u00fcr kararlar\u0131n, mahkemeye g\u00f6t\u00fcr\u00fclerek iptal edildi\u011fini an\u0131msatarak, yap\u0131sal \u00e7\u00f6z\u00fcm \u00fcretilmesi gerekti\u011fini ancak h\u00fck\u00fcmetin k\u0131l\u0131n\u0131 k\u0131p\u0131rdatmad\u0131\u011f\u0131n\u0131 \u00f6ne s\u00fcrd\u00fc. Vural, 2547 say\u0131l\u0131 yasan\u0131n 45. maddesinin a bendinin de\u011fi\u015ftirilmesi gerekti\u011fini, yap\u0131sal \u00e7\u00f6z\u00fcm\u00fcn b\u00f6yle geli\u015ftirilebilece\u011fini kaydetti.<\/p>\n<p style=\"text-align: justify;\"><strong>&#8220;Kimlerin yararlanaca\u011f\u0131na bakmak laz\u0131m&#8221;\u00a0<\/strong><\/p>\n<p style=\"text-align: justify;\">CHP&#8217;nin, tutukluluk s\u00fcrelerinin d\u00fc\u015f\u00fcr\u00fclmesine y\u00f6nelik kanun teklifi verdi\u011finin an\u0131msat\u0131lmas\u0131 \u00fczerine Vural, \u015funlar\u0131 s\u00f6yledi:<\/p>\n<p style=\"text-align: justify;\">&#8220;B\u00f6yle bir kanun teklifinin ba\u015fka kimler i\u00e7in kap\u0131 a\u00e7abilece\u011fi hususunu da dikkate almam\u0131z gerekiyor. B\u00f6yle bir d\u00fczenleme, ter\u00f6r faaliyetlerine bula\u015fm\u0131\u015f, milletvekili bile olmayan bir tak\u0131m ki\u015filerin \u00f6n\u00fcn\u00fc a\u00e7abilir mi? Hizbullah\u00e7\u0131lar vard\u0131, bu tip konular varken, ter\u00f6rle m\u00fccadele konusundaki kanunlar \u00e7er\u00e7evesinde kimlerin yararlanabilece\u011fine de bakmak laz\u0131m. Tutuklu milletvekilimiz Engin Alan, b\u00f6yle bir kanun teklifi oldu\u011fu zaman milletvekilleriyle ba\u015fkalar\u0131n\u0131 ayn\u0131 kefeye koyan yakla\u015f\u0131m\u0131 i\u00e7ine sindiremeyece\u011fini s\u00f6ylemi\u015fti. Bu \u00e7er\u00e7evede bakar\u0131z. Tutuklu milletvekillerinin bir an \u00f6nce yemin etmeleri konusunda \u00f6ncelikle yarg\u0131sal anlamda karar al\u0131nmas\u0131 gerekiyor. CHP&#8217;nin teklifini elbette de\u011ferlendirece\u011fiz ama \u00f6nce T\u00fcrkiye&#8217;ye, T\u00fcrk milletine bakar\u0131z. Tespitlerimizi s\u00fcbjektif olmaktan \u00e7\u0131kart\u0131r\u0131z, objektif de\u011ferlendirmelerle meseleye bakar\u0131z. Bu nedenle ben, o yok, objektif olarak b\u00f6yle bir kanun teklifinin hangi sonu\u00e7lar do\u011furabilece\u011fini de\u011ferlendiririz, sonra g\u00f6r\u00fc\u015flerimizi payla\u015f\u0131r\u0131z.&#8221;<\/p>\n<p style=\"text-align: justify;\">Vural, D\u0131\u015fi\u015fleri Bakan\u0131 Ahmet Davuto\u011flu&#8217;nun, bir gazeteye verdi\u011fi m\u00fclakatta, T\u00fcrkiye&#8217;yi &#8220;kasl\u0131 kollar\u0131, bo\u015f midesi, k\u00fc\u00e7\u00fck beyni, titrek kalbi olan bir adama&#8221; benzetti\u011fini ileri s\u00fcrerek, &#8220;T\u00fcrkiye&#8217;nin beyni \u015fimdi d\u0131\u015farda, midesi mide kanamas\u0131 ge\u00e7iriyor, kaslar\u0131n\u0131 BOP e\u015fba\u015fkan\u0131na teslim etmi\u015f, ona hizmet i\u00e7in kullanan bir T\u00fcrkiye haline d\u00f6n\u00fc\u015ft\u00fcrm\u00fc\u015fler. T\u00fcrkiye&#8217;nin geldi\u011fi durum bu&#8221; diye konu\u015ftu.<\/p>\n<p style=\"text-align: justify;\"><a href=\"http:\/\/www.cnnturk.com\/2011\/turkiye\/12\/02\/vural.vicdanlarda.mahkum.oldunuz\/639017.0\/index.html\" target=\"_blank\">Kaynak : CNN T\u00dcRK<\/a><\/p>\n","protected":false},"excerpt":{"rendered":"<p style=\"text-align: justify;\">\n<p style=\"text-align: justify;\">MHP Grup Ba\u015fkanvekili Oktay Vural, TBMM Genel Kurulunda, Ba\u015fbakan Yard\u0131mc\u0131s\u0131 Be\u015fir Atalay hakk\u0131ndaki gensoru \u00f6nergesinin g\u00fcndeme al\u0131nmas\u0131n\u0131n kabul edilmedi\u011fini an\u0131msatarak, &#8220;Zannediyor musunuz d\u00fcn parmaklar sizi aklad\u0131, vicdanlarda siz mahkum oldunuz&#8221; dedi. <\/p>\n","protected":false},"author":1,"featured_media":0,"comment_status":"open","ping_status":"open","sticky":false,"template":"","format":"standard","meta":{"footnotes":""},"categories":[105],"tags":[],"class_list":["post-43680","post","type-post","status-publish","format-standard","hentry","category-gundem","odd"],"_links":{"self":[{"href":"http:\/\/www.korhanyilmaz.com\/index.php?rest_route=\/wp\/v2\/posts\/43680","targetHints":{"allow":["GET"]}}],"collection":[{"href":"http:\/\/www.korhanyilmaz.com\/index.php?rest_route=\/wp\/v2\/posts"}],"about":[{"href":"http:\/\/www.korhanyilmaz.com\/index.php?rest_route=\/wp\/v2\/types\/post"}],"author":[{"embeddable":true,"href":"http:\/\/www.korhanyilmaz.com\/index.php?rest_route=\/wp\/v2\/users\/1"}],"replies":[{"embeddable":true,"href":"http:\/\/www.korhanyilmaz.com\/index.php?rest_route=%2Fwp%2Fv2%2Fcomments&post=43680"}],"version-history":[{"count":0,"href":"http:\/\/www.korhanyilmaz.com\/index.php?rest_route=\/wp\/v2\/posts\/43680\/revisions"}],"wp:attachment":[{"href":"http:\/\/www.korhanyilmaz.com\/index.php?rest_route=%2Fwp%2Fv2%2Fmedia&parent=43680"}],"wp:term":[{"taxonomy":"category","embeddable":true,"href":"http:\/\/www.korhanyilmaz.com\/index.php?rest_route=%2Fwp%2Fv2%2Fcategories&post=43680"},{"taxonomy":"post_tag","embeddable":true,"href":"http:\/\/www.korhanyilmaz.com\/index.php?rest_route=%2Fwp%2Fv2%2Ftags&post=43680"}],"curies":[{"name":"wp","href":"https:\/\/api.w.org\/{rel}","templated":true}]}}