{"id":43676,"date":"2011-12-02T13:07:56","date_gmt":"2011-12-02T11:07:56","guid":{"rendered":"http:\/\/www.korhanyilmaz.com\/?p=43676"},"modified":"2011-12-02T13:22:36","modified_gmt":"2011-12-02T11:22:36","slug":"saklanan-hastaligi-ortaya-cikti","status":"publish","type":"post","link":"http:\/\/www.korhanyilmaz.com\/?p=43676","title":{"rendered":"Saklanan hastal\u0131\u011f\u0131 ortaya \u00e7\u0131kt\u0131"},"content":{"rendered":"<p style=\"text-align: center;\"><a href=\"http:\/\/www.korhanyilmaz.com\/wp-content\/uploads\/2011\/12\/7427.jpg\"  class=\"lightview\"><img loading=\"lazy\" decoding=\"async\" class=\"aligncenter  wp-image-43677\" src=\"http:\/\/www.korhanyilmaz.com\/wp-content\/uploads\/2011\/12\/7427.jpg\" alt=\"\" width=\"396\" height=\"180\" \/><\/a><\/p>\n<p style=\"text-align: justify;\">Ba\u015fbakan Erdo\u011fan&#8217;\u0131n ameliyat \u00f6ncesinde biyopsi yapt\u0131rd\u0131\u011f\u0131, raporun Ankara&#8217;da uzmanlara &#8216;Erdo\u011fan&#8217;\u0131n bir akrabas\u0131na ait&#8217; denerek g\u00f6sterildi\u011fi \u00f6\u011frenildi.<\/p>\n<p style=\"text-align: justify;\">\u0130STANBUL &#8211; Ba\u015fbakan Recep Tayyip Erdo\u011fan\u2019a, ge\u00e7en hafta sonunda, Vill\u00f6z Adenom yani kal\u0131n ba\u011f\u0131rsak polipi te\u015fhisiyle ameliyat yap\u0131ld\u0131\u011f\u0131 \u00f6\u011frenildi. Erdo\u011fan\u2019\u0131n ameliyat\u0131 sonras\u0131 yap\u0131lan patolojik incelemenin sonu\u00e7lar\u0131na ili\u015fkin resmi bir bilgi bulunmazken, ba\u015fbakanl\u0131\u011fa yak\u0131n kaynaklar\u0131n, \u201ckanser \u015f\u00fcphesi vard\u0131 ama temiz \u00e7\u0131km\u0131\u015f\u201d iddia edildi.\u00a0<!--more--><\/p>\n<p style=\"text-align: justify;\">Ba\u015fbakan Erdo\u011fan\u2019\u0131n ameliyat \u00f6ncesinde biyopsi yapt\u0131rd\u0131\u011f\u0131, raporun Ankara\u2019da uzmanlara \u2018Erdo\u011fan\u2019\u0131n bir akrabas\u0131na ait\u2019 denerek g\u00f6sterildi\u011fi \u00f6\u011frenildi. Taraf gazetesinde yer alan haber \u015f\u00f6yle:<\/p>\n<p style=\"text-align: justify;\">Al\u0131nan bilgiye g\u00f6re Erdo\u011fan\u2019a, hafta sonunda ge\u00e7irdi\u011fi ameliyattan yakla\u015f\u0131k 15 g\u00fcn \u00f6nce kolonoskopi yap\u0131ld\u0131. Bu i\u015flem s\u0131ras\u0131nda tesbit edilen normal olmayan bir kitle al\u0131narak patolojiye g\u00f6nderilirken, \u00f6zel doktorlar\u0131, kolonoskopi s\u0131ras\u0131nda Erdo\u011fan\u2019dan al\u0131nan kitleye ili\u015fkin bulgular\u0131 i\u00e7eren \u00f6n pataloji raporunu, Ankara\u2019daki baz\u0131 meslekta\u015flar\u0131na da incelettirdi. \u00d6n patoloji raporunu \u201cBa\u015fbakan\u2019a yak\u0131n birisine ait\u201d diyerek meslekta\u015flar\u0131na g\u00f6steren Erdo\u011fan\u2019\u0131n doktorlar\u0131n\u0131n, ameliyat\u0131 ger\u00e7ekle\u015ftiren Prof. Dursun Bu\u011fra\u2019n\u0131n hekimli\u011findeki ehli konusunda da bilgi toplad\u0131\u011f\u0131 bildirildi.<\/p>\n<p style=\"text-align: justify;\"><strong>V\u0130LL\u00d6Z ADENOM TE\u015eH\u0130S\u0130<\/strong><\/p>\n<p style=\"text-align: justify;\">\u0130lk biyopsi sonucu konan te\u015fhisten hareketle, ileride ya da yak\u0131n zamanda kolon kanserine yakalanabilece\u011fi ku\u015fkusu ortaya \u00e7\u0131k\u0131nca Ba\u015fbakan ameliyata al\u0131nm\u0131\u015f. Konu\u015ftu\u011fumuz kaynaklar, ameliyat sonras\u0131 haz\u0131rlanan patoloji raporu hakk\u0131nda bilgileri olmad\u0131\u011f\u0131n\u0131 belirttiler. Erdo\u011fan\u2019\u0131n, 26 kas\u0131m cumartesi g\u00fcn\u00fc, Marmara \u00dcniversitesi Hastanesi\u2019nde ameliyat oldu\u011fu bas\u0131na sonradan yans\u0131m\u0131\u015ft\u0131.<\/p>\n<p style=\"text-align: justify;\">Ba\u015fbakanl\u0131k taraf\u0131ndan 28 kas\u0131mda yap\u0131lan a\u00e7\u0131klamada ise, Erdo\u011fan\u2019\u0131n laparoskopik y\u00f6ntemle, ba\u015far\u0131l\u0131 bir sindirim sistemi ameliyat\u0131 ge\u00e7irdi\u011fi bilgisi verilerek, \u201cDoktorlar\u0131n gerekli g\u00f6rd\u00fc\u011f\u00fc istirahat\u0131n ard\u0131ndan, Say\u0131n Ba\u015fbakan\u0131m\u0131z \u00e7al\u0131\u015fmalar\u0131na ba\u015flayacakt\u0131r\u201d denilmi\u015fti.<\/p>\n<p style=\"text-align: justify;\">Bas\u0131nda yer alan haberlere g\u00f6re, Erdo\u011fan\u2019\u0131n ameliyat\u0131n\u0131n ard\u0131ndan ba\u011f\u0131rsa\u011f\u0131ndan 18 cm\u2019lik b\u00f6l\u00fcm al\u0131nm\u0131\u015f ve kanser olup olmad\u0131\u011f\u0131n\u0131n te\u015fhisi i\u00e7in kitle patolojiye g\u00f6nderilmi\u015fti. Patoloji raporunun sonu\u00e7lar\u0131 hakk\u0131nda resmi bir bilgi bulunmamakla birlikte ba\u015fbakanl\u0131\u011fa yak\u0131n bir kaynak, Taraf \u2019a, \u201cKanser \u015f\u00fcphesi varm\u0131\u015f ama patoloji sonucu temiz \u00e7\u0131km\u0131\u015f\u201d dedi.<\/p>\n<p style=\"text-align: justify;\"><strong>POL\u0130P NED\u0130R?<\/strong><\/p>\n<p style=\"text-align: justify;\">Polipler mide, ince ba\u011f\u0131rsak ve kal\u0131n ba\u011f\u0131rsaktan kaynaklanan organ\u0131n i\u00e7 y\u00fczeyine do\u011fru b\u00fcy\u00fcyen kitle olarak biliniyor. Genelde eri\u015fkinlerin % 15-20\u2019sinde g\u00f6r\u00fcl\u00fcyor. Poliplerin \u00e7o\u011fu iyi huylu olmas\u0131na kar\u015f\u0131n baz\u0131lar\u0131nda kanser geli\u015fimi g\u00f6r\u00fcl\u00fcyor.<\/p>\n<p style=\"text-align: justify;\"><a href=\"http:\/\/www.gazeteport.com.tr\/haber\/66082\/saklanan_hastaligi_ortaya_cikti\" target=\"_blank\">Kaynak : GAZETEPORT<\/a><\/p>\n","protected":false},"excerpt":{"rendered":"<p style=\"text-align: center;\">\n<p style=\"text-align: justify;\">Ba\u015fbakan Erdo\u011fan&#8217;\u0131n ameliyat \u00f6ncesinde biyopsi yapt\u0131rd\u0131\u011f\u0131, raporun Ankara&#8217;da uzmanlara &#8216;Erdo\u011fan&#8217;\u0131n bir akrabas\u0131na ait&#8217; denerek g\u00f6sterildi\u011fi \u00f6\u011frenildi.<\/p>\n<p style=\"text-align: justify;\">\u0130STANBUL &#8211; Ba\u015fbakan Recep Tayyip Erdo\u011fan\u2019a, ge\u00e7en hafta sonunda, Vill\u00f6z Adenom yani kal\u0131n ba\u011f\u0131rsak polipi te\u015fhisiyle ameliyat yap\u0131ld\u0131\u011f\u0131 \u00f6\u011frenildi. Erdo\u011fan\u2019\u0131n ameliyat\u0131 sonras\u0131 yap\u0131lan patolojik incelemenin sonu\u00e7lar\u0131na ili\u015fkin resmi bir bilgi bulunmazken, ba\u015fbakanl\u0131\u011fa <\/p>\n","protected":false},"author":1,"featured_media":0,"comment_status":"open","ping_status":"open","sticky":false,"template":"","format":"standard","meta":{"footnotes":""},"categories":[105],"tags":[],"class_list":["post-43676","post","type-post","status-publish","format-standard","hentry","category-gundem","odd"],"_links":{"self":[{"href":"http:\/\/www.korhanyilmaz.com\/index.php?rest_route=\/wp\/v2\/posts\/43676","targetHints":{"allow":["GET"]}}],"collection":[{"href":"http:\/\/www.korhanyilmaz.com\/index.php?rest_route=\/wp\/v2\/posts"}],"about":[{"href":"http:\/\/www.korhanyilmaz.com\/index.php?rest_route=\/wp\/v2\/types\/post"}],"author":[{"embeddable":true,"href":"http:\/\/www.korhanyilmaz.com\/index.php?rest_route=\/wp\/v2\/users\/1"}],"replies":[{"embeddable":true,"href":"http:\/\/www.korhanyilmaz.com\/index.php?rest_route=%2Fwp%2Fv2%2Fcomments&post=43676"}],"version-history":[{"count":0,"href":"http:\/\/www.korhanyilmaz.com\/index.php?rest_route=\/wp\/v2\/posts\/43676\/revisions"}],"wp:attachment":[{"href":"http:\/\/www.korhanyilmaz.com\/index.php?rest_route=%2Fwp%2Fv2%2Fmedia&parent=43676"}],"wp:term":[{"taxonomy":"category","embeddable":true,"href":"http:\/\/www.korhanyilmaz.com\/index.php?rest_route=%2Fwp%2Fv2%2Fcategories&post=43676"},{"taxonomy":"post_tag","embeddable":true,"href":"http:\/\/www.korhanyilmaz.com\/index.php?rest_route=%2Fwp%2Fv2%2Ftags&post=43676"}],"curies":[{"name":"wp","href":"https:\/\/api.w.org\/{rel}","templated":true}]}}