{"id":43671,"date":"2011-12-02T13:18:21","date_gmt":"2011-12-02T11:18:21","guid":{"rendered":"http:\/\/www.korhanyilmaz.com\/?p=43671"},"modified":"2011-12-02T13:18:21","modified_gmt":"2011-12-02T11:18:21","slug":"erdogan-giderse-kim-gelsin","status":"publish","type":"post","link":"http:\/\/www.korhanyilmaz.com\/?p=43671","title":{"rendered":"Erdo\u011fan giderse kim gelsin?"},"content":{"rendered":"<p style=\"text-align: center;\"><a href=\"http:\/\/www.korhanyilmaz.com\/wp-content\/uploads\/2011\/12\/7426.jpg\"  class=\"lightview\"><img loading=\"lazy\" decoding=\"async\" class=\"aligncenter  wp-image-43672\" src=\"http:\/\/www.korhanyilmaz.com\/wp-content\/uploads\/2011\/12\/7426.jpg\" alt=\"\" width=\"319\" height=\"241\" \/><\/a><\/p>\n<p style=\"text-align: justify;\">Yabanc\u0131 bir kurulu\u015f anketle, &#8216;Erdo\u011fan giderse AKP&#8217;ye oy verir misiniz?&#8217; ve &#8220;Erdo\u011fan&#8217;\u0131n yerine AKP&#8217;nin lideri kim olsun?&#8221; sorular\u0131na cevap arad\u0131.<\/p>\n<p style=\"text-align: justify;\">\u0130stanbul- &#8220;Tam da Ba\u015fbakan Erdo\u011fan\u2019\u0131n sa\u011fl\u0131k sorunlar\u0131n\u0131n cidiyetinin sorguland\u0131\u011f\u0131 \u015fu d\u00f6nemde \u00e7arp\u0131c\u0131 bir kamuoyu ara\u015ft\u0131rmas\u0131n\u0131n sonu\u00e7lar\u0131 elime ge\u00e7ti&#8221; diyen Cumhuriyet Gazetesi Ankara Temsilcisi Utku \u00c7ak\u0131r\u00f6zer, 12 Haziran se\u00e7imlerinden sonra, yabanc\u0131 bir kurulu\u015fun talebiyle \u0130stanbul\u2019da bir ara\u015ft\u0131rma \u015firketi taraf\u0131ndan y\u00fcr\u00fct\u00fclen anket \u00e7al\u0131\u015fmas\u0131n\u0131n sonuncusunda sorulan &#8220;Erdo\u011fan&#8217;\u0131n yerine kim gelsin&#8221; sorusuna verilen sonu\u00e7lar\u0131 yay\u0131nlad\u0131.\u00a0<!--more--><\/p>\n<p style=\"text-align: justify;\"><strong>AKP bask\u0131n se\u00e7ime mi haz\u0131rlan\u0131yor?\u00a0<\/strong><\/p>\n<p style=\"text-align: justify;\">Anketleri yapt\u0131ran yabanc\u0131 kurulu\u015fun ve anketi ger\u00e7ekle\u015ftiren firman\u0131n ad\u0131n\u0131 vermeyen yazar\u0131n aktard\u0131\u011f\u0131 bilgilere g\u00f6re, ara\u015ft\u0131rma, T\u00fcrkiye\u2019nin 14 \u015fehrinde 2 bin ki\u015fi ile y\u00fcz y\u00fcze anketler yap\u0131lm\u0131\u015f. Son bir sene i\u00e7inde benzer \u00fc\u00e7 \u00e7al\u0131\u015fma daha yap\u0131lm\u0131\u015f ve kat\u0131lanlara y\u00fcz\u00fcn \u00fczerinde soru y\u00f6neltilmi\u015f.<\/p>\n<p style=\"text-align: justify;\">Son ankete, \u00f6ncekilerden farkl\u0131 olarak kritik bir ekleme yap\u0131lm\u0131\u015f ve \u201cBa\u015fbakan Tayyip Erdo\u011fan\u2019\u0131n yerine AKP\u2019nin yeni lideri olarak kimi g\u00f6rmek istersiniz\u201d sorusu y\u00f6neltilmi\u015f.<\/p>\n<p style=\"text-align: justify;\"><strong>Davuto\u011flu burun fark\u0131yla\u00a0<\/strong><\/p>\n<p style=\"text-align: justify;\">Anketler yap\u0131ld\u0131\u011f\u0131 d\u00f6nemde Ba\u015fbakan\u2019\u0131n sa\u011fl\u0131k durumunun iyi oldu\u011fu dikkate al\u0131n\u0131rsa, bu soru, Erdo\u011fan\u2019\u0131n cumhurba\u015fkan\u0131 olmas\u0131 olas\u0131l\u0131\u011f\u0131 d\u00fc\u015f\u00fcn\u00fclerek haz\u0131rlanm\u0131\u015f g\u00f6z\u00fck\u00fcyor.<\/p>\n<p style=\"text-align: justify;\">Ucu a\u00e7\u0131k b\u0131rak\u0131lan, yani kat\u0131l\u0131mc\u0131ya se\u00e7enek sunulmayan bu soruya, 2013 denekten 1381\u2019i \u201cBilmiyorum\u201d ya da \u201cCevap yok\u201d kar\u015f\u0131l\u0131\u011f\u0131n\u0131 vermi\u015f.<\/p>\n<p style=\"text-align: justify;\">Yan\u0131t veren 630 ki\u015finin g\u00f6n\u00fcllerinden ge\u00e7en \u201cAKP Genel Ba\u015fkan\u0131 ve Ba\u015fbakan\u201d adaylar\u0131 \u015f\u00f6yle s\u0131ralanm\u0131\u015f:<\/p>\n<p style=\"text-align: justify;\">&#8211; Ahmet Davuto\u011flu: 119 (Yan\u0131t verenlerin y\u00fczde 18.8\u2019\u00fc )<\/p>\n<p style=\"text-align: justify;\">&#8211; Abdullah G\u00fcl: 116 (Yan\u0131t verenlerin y\u00fczde 18.4\u2019\u00fc )<\/p>\n<p style=\"text-align: justify;\">&#8211; B\u00fclent Ar\u0131n\u00e7: 107 (Yan\u0131t verenlerin y\u00fczde 16.9\u2019u)<\/p>\n<p style=\"text-align: justify;\">&#8211; Ali Babacan: 86 (Yan\u0131t verenlerin y\u00fczde 13.6\u2019s\u0131)<\/p>\n<p style=\"text-align: justify;\"><strong>\u201cGiderse AKP\u2019ye vermem\u201d diyenler \u00e7o\u011funlukta\u00a0<\/strong><\/p>\n<p style=\"text-align: justify;\">Erdo\u011fan\u2019\u0131n \u00c7ankaya K\u00f6\u015fk\u00fc\u2019ne \u00e7\u0131karak aktif siyasetten \u00e7ekilmesi durumunda AKP\u2019nin gelece\u011finin ne olaca\u011f\u0131n\u0131 merak edenler olabilir. \u00c7al\u0131\u015fmaya bu nedenle \u015fu soru da eklenmi\u015f:<\/p>\n<p style=\"text-align: justify;\">\u201cErdo\u011fan\u2019dan ba\u015fka biri AKP\u2019ye liderlik ederse bu partiye oy verir misiniz?\u201d<\/p>\n<p style=\"text-align: justify;\">Sunulan se\u00e7enekler aras\u0131nda \u201ckesinlikle oy veririm (y\u00fczde 17.9)\u201d ve \u201cmuhtemelen veririm (y\u00fczde 17.9)\u201d \u015f\u0131klar\u0131n\u0131 i\u015faretleyenlerin oran\u0131 toplamda y\u00fczde 35.8\u2019e ula\u015f\u0131yor.<\/p>\n<p style=\"text-align: justify;\">Kar\u015f\u0131 tarafta ise \u201cKesinlikle vermem (y\u00fczde 32.4)\u201d ve \u201cMuhtemelen vermem (y\u00fczde 14.2)\u201d diyenler yer alm\u0131\u015f.<\/p>\n<p style=\"text-align: justify;\">Toplamlar\u0131 ise s\u00fcrpriz bir rakama ula\u015f\u0131yor: Y\u00fczde 46.8.<\/p>\n<p style=\"text-align: justify;\">Soruya \u201cBilmiyorum\u201d ya da \u201cYan\u0131t yok\u201d diyenlerin oran\u0131 ise y\u00fczde 17.6.<\/p>\n<p style=\"text-align: justify;\"><a href=\"http:\/\/www.cumhuriyet.com.tr\/?hn=297386&amp;kw=Erdo%F0an+giderse+kim+gelsin%3F\" target=\"_blank\">Kaynak : Cumhuriyet Haber Portal\u0131<\/a><\/p>\n","protected":false},"excerpt":{"rendered":"<p style=\"text-align: center;\">\n<p style=\"text-align: justify;\">Yabanc\u0131 bir kurulu\u015f anketle, &#8216;Erdo\u011fan giderse AKP&#8217;ye oy verir misiniz?&#8217; ve &#8220;Erdo\u011fan&#8217;\u0131n yerine AKP&#8217;nin lideri kim olsun?&#8221; sorular\u0131na cevap arad\u0131.<\/p>\n<p style=\"text-align: justify;\">\u0130stanbul- &#8220;Tam da Ba\u015fbakan Erdo\u011fan\u2019\u0131n sa\u011fl\u0131k sorunlar\u0131n\u0131n cidiyetinin sorguland\u0131\u011f\u0131 \u015fu d\u00f6nemde \u00e7arp\u0131c\u0131 bir kamuoyu ara\u015ft\u0131rmas\u0131n\u0131n sonu\u00e7lar\u0131 elime ge\u00e7ti&#8221; diyen Cumhuriyet Gazetesi Ankara Temsilcisi Utku \u00c7ak\u0131r\u00f6zer, 12 Haziran se\u00e7imlerinden <\/p>\n","protected":false},"author":1,"featured_media":0,"comment_status":"open","ping_status":"open","sticky":false,"template":"","format":"standard","meta":{"footnotes":""},"categories":[105],"tags":[],"class_list":["post-43671","post","type-post","status-publish","format-standard","hentry","category-gundem","odd"],"_links":{"self":[{"href":"http:\/\/www.korhanyilmaz.com\/index.php?rest_route=\/wp\/v2\/posts\/43671","targetHints":{"allow":["GET"]}}],"collection":[{"href":"http:\/\/www.korhanyilmaz.com\/index.php?rest_route=\/wp\/v2\/posts"}],"about":[{"href":"http:\/\/www.korhanyilmaz.com\/index.php?rest_route=\/wp\/v2\/types\/post"}],"author":[{"embeddable":true,"href":"http:\/\/www.korhanyilmaz.com\/index.php?rest_route=\/wp\/v2\/users\/1"}],"replies":[{"embeddable":true,"href":"http:\/\/www.korhanyilmaz.com\/index.php?rest_route=%2Fwp%2Fv2%2Fcomments&post=43671"}],"version-history":[{"count":0,"href":"http:\/\/www.korhanyilmaz.com\/index.php?rest_route=\/wp\/v2\/posts\/43671\/revisions"}],"wp:attachment":[{"href":"http:\/\/www.korhanyilmaz.com\/index.php?rest_route=%2Fwp%2Fv2%2Fmedia&parent=43671"}],"wp:term":[{"taxonomy":"category","embeddable":true,"href":"http:\/\/www.korhanyilmaz.com\/index.php?rest_route=%2Fwp%2Fv2%2Fcategories&post=43671"},{"taxonomy":"post_tag","embeddable":true,"href":"http:\/\/www.korhanyilmaz.com\/index.php?rest_route=%2Fwp%2Fv2%2Ftags&post=43671"}],"curies":[{"name":"wp","href":"https:\/\/api.w.org\/{rel}","templated":true}]}}