{"id":43664,"date":"2011-12-02T08:03:13","date_gmt":"2011-12-02T06:03:13","guid":{"rendered":"http:\/\/www.korhanyilmaz.com\/?p=43664"},"modified":"2011-12-02T13:19:42","modified_gmt":"2011-12-02T11:19:42","slug":"tbmmde-musavir-kayboldu","status":"publish","type":"post","link":"http:\/\/www.korhanyilmaz.com\/?p=43664","title":{"rendered":"TBMM&#8217;de M\u00fc\u015favir Skandal\u0131"},"content":{"rendered":"<p style=\"text-align: center;\"><a href=\"http:\/\/www.korhanyilmaz.com\/wp-content\/uploads\/2011\/12\/7424.jpg\"  class=\"lightview\"><img loading=\"lazy\" decoding=\"async\" class=\"aligncenter  wp-image-43665\" src=\"http:\/\/www.korhanyilmaz.com\/wp-content\/uploads\/2011\/12\/7424.jpg\" alt=\"\" width=\"452\" height=\"204\" \/><\/a><\/p>\n<p style=\"text-align: justify;\">TBMM\u2019de 87 m\u00fc\u015favir var. Bunlardan baz\u0131lar\u0131n\u0131n aydan aya bankamatikten maa\u015f ald\u0131klar\u0131, adreslerinin bile bilinmedi\u011fi ortaya \u00e7\u0131kt\u0131. TBMM\u2019de 5 bin 389 personel var.<\/p>\n<p style=\"text-align: justify;\">ANKARA &#8211; TBMM\u2019ye \u2018\u2019M\u00fc\u015favir\u2019\u2019 kadrosu alt\u0131na al\u0131nan baz\u0131 ki\u015filerin aydan aya bankamatikten maa\u015f ald\u0131klar\u0131 ve adreslerinin bile bilinmedi\u011fi ortaya \u00e7\u0131kt\u0131. 2003 y\u0131l\u0131nda 4 bin 100 olan TBMM personel say\u0131s\u0131 bug\u00fcn, 5 bin 389\u2019a ula\u015ft\u0131. Bunlardan bin 800\u2019\u00fcn\u00fcn fazla personel oldu\u011fu belirlendi. Meclis\u2019te 226 daire ba\u015fkan\u0131, m\u00fcd\u00fcr ve m\u00fcd\u00fcr yard\u0131mc\u0131s\u0131n\u0131n yan\u0131 s\u0131ra, 25 mimar, 62 de m\u00fchendis var.\u00a0<!--more--><\/p>\n<p style=\"text-align: justify;\">TBMM\u2019de Te\u015fkilat yasa teklifi g\u00f6r\u00fc\u015f\u00fcl\u00fcrken s\u00f6z alan MHP Konya milletvekili Mustafa Kalayc\u0131, \u2018\u2019Bu teklifi alt komisyonda incelerken, i\u015fe gelmeyen, adresi dahi tespit edilemeyen m\u00fc\u015favirler oldu\u011funu belirledik\u2019\u2019 dedi ve \u015funlar\u0131 s\u00f6yledi:<\/p>\n<p style=\"text-align: justify;\">\u2018\u2019 Ba\u015fkan ba\u015fm\u00fc\u015faviri, ba\u015fkan m\u00fc\u015faviri ve m\u00fc\u015favir kadrolar\u0131nda 87 ki\u015fi var. Bunlardan hangileri i\u015fe gelmiyor? \u0130\u015fe gelmeden maa\u015f alan ba\u015fka memurlar da var m\u0131? Kime g\u00fcvenerek i\u015fe gelmiyorlar? Kim bunlar, kimlerin yak\u0131n\u0131? Adresini bile tespit edemeyeceksin ama maa\u015flar\u0131n\u0131 t\u0131p\u0131\u015f t\u0131p\u0131\u015f hesaplar\u0131na yat\u0131racaks\u0131n. B\u00f6yle \u00e2cziyet olur mu? Mecliste memurlar\u0131n mesaiye gelip gitmedi\u011fi kontrol edilmiyor mu? Bunlara niye g\u00f6z yumuluyor.\u2019\u2019<\/p>\n<p style=\"text-align: justify;\"><strong>AKRABALAR \u0130\u015eE BA\u015eLADI<\/strong><\/p>\n<p style=\"text-align: justify;\">CHP Afyon milletvekili Ahmet Topta\u015f da, Meclis g\u00f6r\u00fc\u015fmeleri s\u0131ras\u0131nda, Ba\u015fbakan Yard\u0131mc\u0131s\u0131 Bekir Bozda\u011f ve AKP Konya milletvekili Ay\u015fe T\u00fcrkmeno\u011flu\u2019nun karde\u015flerinin de TBMM\u2019de i\u015fe al\u0131nd\u0131\u011f\u0131n\u0131 belirtti. Genel Sekreter Sadettin Kalkan\u2019\u0131n karde\u015fi de Meclis\u2019e ba\u011fl\u0131 Hereke Hal\u0131 Fabrikas\u0131nda i\u015fe girdi. Bir Genel Sekreter Yard\u0131mc\u0131s\u0131n\u0131n kay\u0131nbiraderi de Ar\u015fiv M\u00fcd\u00fcrl\u00fc\u011f\u00fcnde g\u00f6reve ba\u015flad\u0131.<\/p>\n<p style=\"text-align: justify;\">TBMM Ba\u015fkanvekili Sad\u0131k Yakut ise \u2018\u2019Akraba atamalar\u0131n\u0131 do\u011frulad\u0131\u2019\u2019 ve \u2018\u2019 Y\u0131llard\u0131r TBMM\u2019ye her siyasi partiden say\u0131n milletvekillerinin kendi iktidar d\u00f6nemleri olsun olmas\u0131n taleplerde bulunduklar\u0131, ancak bunlar\u0131n \u00f6zge\u00e7mi\u015flerine g\u00f6re de\u011ferlendirilip, s\u0131navs\u0131z al\u0131nd\u0131klar\u0131 bir ger\u00e7ektir\u2019\u2019 dedi.<\/p>\n<p style=\"text-align: justify;\"><a href=\"http:\/\/www.gazeteport.com.tr\/haber\/65950\/tbmmde_musavir_kayboldu\" target=\"_blank\">Kaynak : GAZETEPORT<\/a><\/p>\n","protected":false},"excerpt":{"rendered":"<p style=\"text-align: center;\">\n<p style=\"text-align: justify;\">TBMM\u2019de 87 m\u00fc\u015favir var. Bunlardan baz\u0131lar\u0131n\u0131n aydan aya bankamatikten maa\u015f ald\u0131klar\u0131, adreslerinin bile bilinmedi\u011fi ortaya \u00e7\u0131kt\u0131. TBMM\u2019de 5 bin 389 personel var.<\/p>\n<p style=\"text-align: justify;\">ANKARA &#8211; TBMM\u2019ye \u2018\u2019M\u00fc\u015favir\u2019\u2019 kadrosu alt\u0131na al\u0131nan baz\u0131 ki\u015filerin aydan aya bankamatikten maa\u015f ald\u0131klar\u0131 ve adreslerinin bile bilinmedi\u011fi ortaya \u00e7\u0131kt\u0131. 2003 y\u0131l\u0131nda 4 bin 100 olan <\/p>\n","protected":false},"author":1,"featured_media":0,"comment_status":"open","ping_status":"open","sticky":false,"template":"","format":"standard","meta":{"footnotes":""},"categories":[105],"tags":[],"class_list":["post-43664","post","type-post","status-publish","format-standard","hentry","category-gundem","odd"],"_links":{"self":[{"href":"http:\/\/www.korhanyilmaz.com\/index.php?rest_route=\/wp\/v2\/posts\/43664","targetHints":{"allow":["GET"]}}],"collection":[{"href":"http:\/\/www.korhanyilmaz.com\/index.php?rest_route=\/wp\/v2\/posts"}],"about":[{"href":"http:\/\/www.korhanyilmaz.com\/index.php?rest_route=\/wp\/v2\/types\/post"}],"author":[{"embeddable":true,"href":"http:\/\/www.korhanyilmaz.com\/index.php?rest_route=\/wp\/v2\/users\/1"}],"replies":[{"embeddable":true,"href":"http:\/\/www.korhanyilmaz.com\/index.php?rest_route=%2Fwp%2Fv2%2Fcomments&post=43664"}],"version-history":[{"count":0,"href":"http:\/\/www.korhanyilmaz.com\/index.php?rest_route=\/wp\/v2\/posts\/43664\/revisions"}],"wp:attachment":[{"href":"http:\/\/www.korhanyilmaz.com\/index.php?rest_route=%2Fwp%2Fv2%2Fmedia&parent=43664"}],"wp:term":[{"taxonomy":"category","embeddable":true,"href":"http:\/\/www.korhanyilmaz.com\/index.php?rest_route=%2Fwp%2Fv2%2Fcategories&post=43664"},{"taxonomy":"post_tag","embeddable":true,"href":"http:\/\/www.korhanyilmaz.com\/index.php?rest_route=%2Fwp%2Fv2%2Ftags&post=43664"}],"curies":[{"name":"wp","href":"https:\/\/api.w.org\/{rel}","templated":true}]}}