{"id":43656,"date":"2011-12-01T20:07:32","date_gmt":"2011-12-01T18:07:32","guid":{"rendered":"http:\/\/www.korhanyilmaz.com\/?p=43656"},"modified":"2011-12-02T02:12:03","modified_gmt":"2011-12-02T00:12:03","slug":"hukumetin-van-notunu-acikladi","status":"publish","type":"post","link":"http:\/\/www.korhanyilmaz.com\/?p=43656","title":{"rendered":"H\u00fck\u00fcmetin Van notunu a\u00e7\u0131klad\u0131"},"content":{"rendered":"<p style=\"text-align: center;\"><a href=\"http:\/\/www.korhanyilmaz.com\/wp-content\/uploads\/2011\/12\/7422.jpg\"  class=\"lightview\"><img loading=\"lazy\" decoding=\"async\" class=\"aligncenter  wp-image-43657\" src=\"http:\/\/www.korhanyilmaz.com\/wp-content\/uploads\/2011\/12\/7422.jpg\" alt=\"\" width=\"276\" height=\"207\" \/><\/a><\/p>\n<p style=\"text-align: justify;\">TBMM Genel Kurulunda, MHP&#8217;nin Ba\u015fbakan Yard\u0131mc\u0131s\u0131 Be\u015fir Atalay hakk\u0131nda verdi\u011fi gensoru \u00f6nergesinin g\u00fcndeme al\u0131nmas\u0131 kabul edilmedi. Atalay, hakk\u0131nda verilen gensoruya ili\u015fkin yapt\u0131\u011f\u0131 konu\u015fmada halk\u0131n y\u00fczde 75&#8217;nin Van&#8217;da h\u00fck\u00fcmeti ba\u015far\u0131l\u0131 buldu\u011funu s\u00f6yledi.<!--more--><\/p>\n<p style=\"text-align: justify;\">Ankara- Genel Kurulda, MHP&#8217;nin Van depreminde koordinasyondan sorumlu Bakan Be\u015fir Atalay hakk\u0131nda verdi\u011fi gensoru \u00f6nergesinin g\u00fcndeme al\u0131n\u0131p al\u0131nmamas\u0131n\u0131n g\u00f6r\u00fc\u015fmeleri yap\u0131ld\u0131.<\/p>\n<p style=\"text-align: justify;\">G\u00f6r\u00fc\u015fmelerin ard\u0131ndan yap\u0131lan oylama sonucu, Be\u015fir Atalay hakk\u0131nda verilen gensoru \u00f6nergesinin g\u00fcndeme al\u0131nmas\u0131 kabul edilmedi.<\/p>\n<p style=\"text-align: justify;\"><strong>Atalay: Halk\u0131n y\u00fczde 75&#8217;i Van&#8217;da bizi ba\u015far\u0131l\u0131 buldu\u00a0<\/strong><\/p>\n<p style=\"text-align: justify;\">Ba\u015fbakan Yard\u0131mc\u0131s\u0131 Be\u015fir Atalay, hakk\u0131nda verilen gensoruya ili\u015fkin yapt\u0131\u011f\u0131 konu\u015fmada AKP taraf\u0131ndan 26 ilde yap\u0131lan ara\u015ft\u0131rmada &#8220;Vatanda\u015f\u0131n y\u00fczde 75&#8217;i Van depreminden sonra yapt\u0131\u011f\u0131m\u0131z \u00e7al\u0131\u015fmalar\u0131 ba\u015far\u0131l\u0131 bulmu\u015ftur. Bizim se\u00e7menimizin ise y\u00fczde 94&#8217;\u00fc ba\u015far\u0131l\u0131 demi\u015ftir. Muhalefet bilmiyor ama millet biliyor demek ki&#8221; dedi.<\/p>\n<p style=\"text-align: justify;\">MHP Grubunun verdi\u011fi gensoruya ili\u015fkin cevap veren Ba\u015fbakan Yard\u0131mc\u0131s\u0131 Be\u015fir Atalay, milletvekillerinin yapt\u0131\u011f\u0131 konu\u015fmalarda ciddi bir bilgi eksikli\u011fi oldu\u011funun g\u00f6ze \u00e7arpt\u0131\u011f\u0131na dikkat \u00e7ekerek, &#8220;Bilgi al\u0131r almaz 11 ilin t\u00fcm ekipleri b\u00f6lgeye sevk edilmi\u015ftir. Bu deprem sonras\u0131nda en \u00f6ncelikli konu can kurtarmak olmu\u015ftur. Pe\u015finden de koordinasyon kurulu toplanm\u0131\u015f ve burada i\u015fbirli\u011fi ve i\u015f b\u00f6l\u00fcm\u00fc yap\u0131lm\u0131\u015ft\u0131r. Ben ve arkada\u015flar\u0131m hemen Van&#8217;a hareket ettik&#8221; dedi.<\/p>\n<p style=\"text-align: justify;\">Depremin hemen ard\u0131ndan devlet, sivil toplum \u00f6rg\u00fctleri ve vatanda\u015flar\u0131n b\u00f6lgede hemen koordinasyon sa\u011fland\u0131\u011f\u0131n\u0131n alt\u0131n\u0131 \u00e7izen Atalay, &#8220;\u0130lk birka\u00e7 saat i\u00e7inde 500&#8217;den fazla ekip b\u00f6lgeye intikal etti. E\u015f zamanl\u0131 olarak daha uzaktaki ekiplerde harekete ge\u00e7irildi&#8221; dedi.<\/p>\n<p style=\"text-align: justify;\">Atalay \u015f\u00f6yle devam etti: &#8220;Deprem an\u0131ndan \u015fu ana kadar 70 bin tondan fazla k\u00f6m\u00fcr Van&#8217;da da\u011f\u0131t\u0131lm\u0131\u015ft\u0131r. Bir b\u00fct\u00fcn olarak devlet sivil toplum kurulu\u015flar\u0131, \u00f6zel sekt\u00f6r ve vatanda\u015flar\u0131m\u0131z etkin bir dayan\u0131\u015fma ruhu ile yerine getirmi\u015ftir. Takdire \u015fayan bir performans ile b\u00f6lgede hizmet verilmi\u015ftir.<\/p>\n<p style=\"text-align: justify;\">Ulusal ve uluslar aras\u0131 otoritelerin yapt\u0131\u011f\u0131 de\u011ferlendirmeler de, depremden sonra yap\u0131lan operasyon afet sonras\u0131 yap\u0131lan en b\u00fcy\u00fc\u011f\u00fc oldu\u011fu ifade edilmi\u015ftir. Uluslararas\u0131 yard\u0131mlar i\u00e7inde te\u015fekk\u00fcr ederiz.<\/p>\n<p style=\"text-align: justify;\">Acil yard\u0131m \u00f6dene\u011fi olarak Van Valili\u011fi&#8217;ne 52 Milyon TL, ba\u015fbakanl\u0131k hesaplar\u0131nda 147 milyon TL, diyanet i\u015flerinde 37 milyon TL, K\u0131z\u0131lay hesaplar\u0131nda 43 milyon TL olmak \u00fczere toplam 228 milyon TL nakdi yard\u0131m toplanm\u0131\u015ft\u0131r. B\u00f6lgeye g\u00f6nderilen yard\u0131mlar\u0131n tutar\u0131 ise 390 milyon TL&#8217;dir.<\/p>\n<p style=\"text-align: justify;\">\u015eu anda 20 bin 400 konteyn\u0131r al\u0131nm\u0131\u015ft\u0131r. Alt yap\u0131lar\u0131 haz\u0131rlan\u0131yor. 2 oda banyo ve tuvaleti bulunan 7-8 ki\u015finin bar\u0131nabilece\u011fi konteyn\u0131rlard\u0131r. Kal\u0131c\u0131 konutlarla ilgili ise \u00e7al\u0131\u015fmalar ba\u015flad\u0131. \u0130haleler yap\u0131ld\u0131. Bin 800 TOK\u0130 konutu bitecek ve teslim edilecek. Toplam 2 bin 900 konutun ihalesi tamamlanm\u0131\u015f, temelleri at\u0131lm\u0131\u015ft\u0131r. A\u011fustos 2012 tarihinde konutlar sahiplerine teslim edilecektir. Sosyal \u00e7al\u0131\u015fmalar ve rehabilitasyon psikolojik destek verilmektedir. 188 \u00e7ocu\u011fumuz anne ve babas\u0131n\u0131 kaybetmi\u015ftir. Bunlara ili\u015fkin \u00e7al\u0131\u015fmalar yap\u0131lmaktad\u0131r.&#8221;<\/p>\n<p style=\"text-align: justify;\">B\u00f6lgede devam eden \u00e7al\u0131\u015fmalara ili\u015fkinde bilgi veren Bakan Atalay, &#8220;\u015eu anda 400 teknik personel ile hasar tespit \u00e7al\u0131\u015fmalar\u0131 devam etmektedir. Er\u00e7i\u015f ve k\u00f6yleri tamamland\u0131ktan sonra Van&#8217;a gelecekler. Onun ertelenmesi de art\u00e7\u0131lar\u0131n devam etmesinden kaynaklanmaktad\u0131r. Halen son meydana gelen art\u00e7\u0131 ile hasar g\u00f6ren binalar vard\u0131r&#8221; diye konu\u015ftu.<\/p>\n<p style=\"text-align: justify;\"><span style=\"text-decoration: underline;\">Atalay, \u015funlar\u0131 s\u00f6yledi:<\/span><\/p>\n<p style=\"text-align: justify;\">&#8220;Yap\u0131 denetimine ili\u015fkin \u00e7al\u0131\u015fmalar devam etmektedir. B\u00f6lgedeki maliye, har\u00e7 ve vergilerin tamam\u0131 ertelenmi\u015ftir. Tar\u0131m bakanl\u0131\u011f\u0131m\u0131z hayvan\u0131 telef olanlara ayn\u0131s\u0131n\u0131 verecektir. Y\u0131k\u0131lan ah\u0131rlar\u0131n yerlerine yenileri yap\u0131lacakt\u0131r. \u015eunu biliyoruz deprem \u00fclkemizin bir ger\u00e7e\u011fidir. Medeniyetleri kalbi olan Van&#8217;\u0131 yeniden in\u015fa edece\u011fiz. T\u00fcm olumsuz \u015fartlara ra\u011fmen fedakarca g\u00f6rev yapanlara herkese te\u015fekk\u00fcr ediyorum.<\/p>\n<p style=\"text-align: justify;\">Benim konu\u015fmama ili\u015fkin say\u0131n muhalefetin s\u00f6zlerine cevaben 45 dakikal\u0131k konu\u015fmamda benim ifade etti\u011fim \u00e7ad\u0131rlara \u00f6ncelik veriyoruz dedik. Bu arada 26 ilde yapt\u0131rd\u0131\u011f\u0131m\u0131z ara\u015ft\u0131rmada, vatanda\u015f\u0131n y\u00fczde 75&#8217;i Van depreminden sonra yapt\u0131\u011f\u0131m\u0131z \u00e7al\u0131\u015fmalar\u0131 ba\u015far\u0131 bulmu\u015ftur. Biz bunlar\u0131 ara\u015ft\u0131r\u0131yoruz, ama a\u00e7\u0131klam\u0131yoruz. Kendimizi denetliyoruz. Bizim se\u00e7menimizin ise y\u00fczde 94&#8217;\u00fc ba\u015far\u0131l\u0131 demi\u015ftir. Muhalefet bilmiyor ama millet biliyor demek ki.&#8221;<\/p>\n<p style=\"text-align: justify;\"><strong>MHP&#8217;li Vural: Zannedersiniz ki Frans\u0131z bakan\u00a0<\/strong><\/p>\n<p style=\"text-align: justify;\">TBMM Genel Kurulu&#8217;nda konu\u015fan Vural, Van depreminden sonra T\u00fcrk insan\u0131n\u0131n b\u00f6lgedeki afetzedelere kucak a\u00e7arak &#8220;Milletimiz aram\u0131za konulmak istenen fay hatt\u0131n\u0131, b\u00f6lge insan\u0131na ko\u015farak&#8221; y\u0131kt\u0131\u011f\u0131n\u0131 ifade etti. Vural, \u015f\u00f6yle konu\u015ftu:<\/p>\n<p style=\"text-align: justify;\">&#8220;T\u00fcrk milleti bu depremin ac\u0131lar\u0131n\u0131 payla\u015fmak i\u00e7in dimdik ayakta durmu\u015ftur. Bu gensorunun amac\u0131, deprem konusunda T\u00fcrkiyenin haz\u0131r olmas\u0131n\u0131n ve etkin kamu y\u00f6netimini olu\u015fturmakt\u0131r. O kadar d\u00fczensiz bir kamu y\u00f6netimi var ki depremin \u015fiddetini bile bilmiyoruz. Devletin sahip oldu\u011fu imkan ve kabiliyet \u015fiddetin belirlenmesiyle k\u0131yaslan\u0131r. Bunu bile Amerika&#8217;dan \u00f6\u011frendik. \u00c7ok k\u0131ymetli zaman kaybedilmi\u015ftir.<\/p>\n<p style=\"text-align: justify;\">Afet i\u015flerinde bulunan 3 bin konteyn\u0131r buhar olmu\u015ftur. Bu 10 bin vatanda\u015fa \u00e7are olacakken nereye gitti\u011fi bilinmemektedir. Madem ki devlet ge\u00e7ici ve kal\u0131c\u0131 bar\u0131nmay\u0131 vermekle sorumludur, bunun sto\u011fu da bulunmal\u0131d\u0131r.<\/p>\n<p style=\"text-align: justify;\">Birde yasal d\u00fczenlemeler aksat\u0131lmaktad\u0131r. Yap\u0131 denetimi kanunu 9 y\u0131ld\u0131r, y\u00fcz\u00fcst\u00fc b\u0131rak\u0131lm\u0131\u015ft\u0131r. Ba\u015flang\u0131\u00e7ta 19 ilde konulan daha sonra t\u00fcm \u00fclkeye yay\u0131lmas\u0131na ra\u011fmen ihmal edilmi\u015ftir. Yap\u0131 denetim kurulu\u015flar\u0131 6 ayd\u0131r hak edi\u015flerini alamamaktad\u0131rlar.&#8221;<\/p>\n<p style=\"text-align: justify;\"><strong>&#8220;Hani stratejiniz vard\u0131&#8221;\u00a0<\/strong><\/p>\n<p style=\"text-align: justify;\">\u0130stanbul ve Marmara b\u00f6lgesinde bir deprem i\u00e7in hi\u00e7bir \u00e7al\u0131\u015fma yap\u0131lmad\u0131\u011f\u0131n\u0131 vurgulayan Vural, &#8220;Bu tam anlam\u0131yla vurdum duymazl\u0131kt\u0131r. Hani senaryolar\u0131n\u0131z vard\u0131. 2023 deprem stratejisi haz\u0131rlad\u0131n\u0131z. Somutta hi\u00e7bir \u015fey yok&#8221; diyerek 1999 y\u0131l\u0131ndan sonra deprem i\u00e7in toplanan paralar\u0131n\u0131n nereye harcand\u0131\u011f\u0131n\u0131 bilmedi\u011fini s\u00f6yledi.<\/p>\n<p style=\"text-align: justify;\"><span style=\"text-decoration: underline;\">Vural, \u015f\u00f6yle devam etti:<\/span><\/p>\n<p style=\"text-align: justify;\">&#8220;Bug\u00fcn Van&#8217;da kurtarma \u00e7al\u0131\u015fmalar\u0131na kat\u0131lan 98 tane \u00e7al\u0131\u015fan ekiplerin 93 tanesi 99 depreminden sonra olu\u015fturulan ekiplerdir. \u00c7ad\u0131rlar\u0131 \u00f6nce vatanda\u015flara da\u011f\u0131tmayanlar, daha sonra bunun adaletsizli\u011finin fark\u0131na var\u0131lm\u0131\u015ft\u0131r. Naylon \u00e7ad\u0131rlarda kalanlar, bu \u00e7ad\u0131rlarda hayatlar\u0131n\u0131 kaybedenler herg\u00fcn g\u00fcndeme gelmektedir.<\/p>\n<p style=\"text-align: justify;\">Suriye&#8217;den gelenler i\u00e7in 1 g\u00fcnde \u00e7ad\u0131rkent kuranlar, Van&#8217;da s\u0131n\u0131fta kalm\u0131\u015flard\u0131r. Vatanda\u015flar\u0131m\u0131z\u0131n ihtiya\u00e7lar\u0131n\u0131n kar\u015f\u0131lanmamas\u0131 nedeniyle vatanda\u015flar\u0131m\u0131z Van&#8217;\u0131 terk etmektedirler. Erdo\u011fan Bayraktar, en g\u00fcvenli yer Van&#8217;d\u0131r demi\u015f. Hasar tespitlerinin yap\u0131ld\u0131\u011f\u0131n\u0131 s\u00f6ylemi\u015f. Bu evlere girenler enkaz alt\u0131nda kalm\u0131\u015ft\u0131r. Asl\u0131nda o enkaz\u0131n alt\u0131nda kalan bu i\u015fleri koordinasyon sorumlusu olanlard\u0131r.<\/p>\n<p style=\"text-align: justify;\">Say\u0131n Bayraktar, zannedersiniz ki Frans\u0131z bakan, biz girin de girmeyin de demedik diyen bakan olur mu? Bir bakan\u0131n ayakkab\u0131s\u0131n\u0131 boyat\u0131rken depreme ili\u015fkin bilgi almas\u0131, traji komik bir durumdur. TBMM olarak say\u0131n bakana g\u00fcvenmedi\u011fimizi ifade etmeliyiz.&#8221;<\/p>\n<p style=\"text-align: justify;\"><a href=\"http:\/\/www.cumhuriyet.com.tr\/?hn=297264&amp;kw=H%FCk%FCmetin+Van+notunu+a%E7%FDklad%FD\" target=\"_blank\">Kaynak : Cumhuriyet Haber Portal\u0131<\/a><\/p>\n","protected":false},"excerpt":{"rendered":"<p style=\"text-align: center;\">\n<p style=\"text-align: justify;\">TBMM Genel Kurulunda, MHP&#8217;nin Ba\u015fbakan Yard\u0131mc\u0131s\u0131 Be\u015fir Atalay hakk\u0131nda verdi\u011fi gensoru \u00f6nergesinin g\u00fcndeme al\u0131nmas\u0131 kabul edilmedi. Atalay, hakk\u0131nda verilen gensoruya ili\u015fkin yapt\u0131\u011f\u0131 konu\u015fmada halk\u0131n y\u00fczde 75&#8217;nin Van&#8217;da h\u00fck\u00fcmeti ba\u015far\u0131l\u0131 buldu\u011funu s\u00f6yledi.<\/p>\n","protected":false},"author":1,"featured_media":0,"comment_status":"open","ping_status":"open","sticky":false,"template":"","format":"standard","meta":{"footnotes":""},"categories":[105],"tags":[],"class_list":["post-43656","post","type-post","status-publish","format-standard","hentry","category-gundem","odd"],"_links":{"self":[{"href":"http:\/\/www.korhanyilmaz.com\/index.php?rest_route=\/wp\/v2\/posts\/43656","targetHints":{"allow":["GET"]}}],"collection":[{"href":"http:\/\/www.korhanyilmaz.com\/index.php?rest_route=\/wp\/v2\/posts"}],"about":[{"href":"http:\/\/www.korhanyilmaz.com\/index.php?rest_route=\/wp\/v2\/types\/post"}],"author":[{"embeddable":true,"href":"http:\/\/www.korhanyilmaz.com\/index.php?rest_route=\/wp\/v2\/users\/1"}],"replies":[{"embeddable":true,"href":"http:\/\/www.korhanyilmaz.com\/index.php?rest_route=%2Fwp%2Fv2%2Fcomments&post=43656"}],"version-history":[{"count":0,"href":"http:\/\/www.korhanyilmaz.com\/index.php?rest_route=\/wp\/v2\/posts\/43656\/revisions"}],"wp:attachment":[{"href":"http:\/\/www.korhanyilmaz.com\/index.php?rest_route=%2Fwp%2Fv2%2Fmedia&parent=43656"}],"wp:term":[{"taxonomy":"category","embeddable":true,"href":"http:\/\/www.korhanyilmaz.com\/index.php?rest_route=%2Fwp%2Fv2%2Fcategories&post=43656"},{"taxonomy":"post_tag","embeddable":true,"href":"http:\/\/www.korhanyilmaz.com\/index.php?rest_route=%2Fwp%2Fv2%2Ftags&post=43656"}],"curies":[{"name":"wp","href":"https:\/\/api.w.org\/{rel}","templated":true}]}}