{"id":43650,"date":"2011-12-01T12:02:21","date_gmt":"2011-12-01T10:02:21","guid":{"rendered":"http:\/\/www.korhanyilmaz.com\/?p=43650"},"modified":"2011-12-01T16:11:23","modified_gmt":"2011-12-01T14:11:23","slug":"savciya-cete-suclamasi","status":"publish","type":"post","link":"http:\/\/www.korhanyilmaz.com\/?p=43650","title":{"rendered":"Savc\u0131ya \u00e7ete su\u00e7lamas\u0131"},"content":{"rendered":"<p style=\"text-align: center;\">\n<p style=\"text-align: center;\"><a href=\"http:\/\/www.korhanyilmaz.com\/wp-content\/uploads\/2011\/12\/74211.jpg\"  class=\"lightview\"><img loading=\"lazy\" decoding=\"async\" class=\"aligncenter  wp-image-43652\" src=\"http:\/\/www.korhanyilmaz.com\/wp-content\/uploads\/2011\/12\/74211.jpg\" alt=\"\" width=\"316\" height=\"240\" \/><\/a><\/p>\n<p style=\"text-align: justify;\">\u0130zmir&#8217;de \u00f6zel yetkileri elinden al\u0131nan savc\u0131 Fatih Gen\u00e7&#8217;in &#8220;\u00e7ete ile ba\u011flant\u0131l\u0131 oldu\u011fu&#8221; iddia edildi.<\/p>\n<p style=\"text-align: justify;\">\u0130ZM\u0130R &#8211; \u00d6zel yetkili savc\u0131 Fatih Gen\u00e7, ge\u00e7ti\u011fimiz g\u00fcnlerde d\u00fcz savc\u0131 yap\u0131lm\u0131\u015ft\u0131. Dink suikast\u0131 san\u0131\u011f\u0131 Yasin Hayal&#8217;in babas\u0131n\u0131n ifadesini de\u011fi\u015ftirmesi i\u00e7in bask\u0131 yapt\u0131\u011f\u0131 \u00f6ne s\u00fcr\u00fclen savc\u0131 Gen\u00e7&#8217;in, &#8220;\u00e7ete ile ba\u011flant\u0131l\u0131 oldu\u011fu iddias\u0131yla&#8221; yetkilerinin al\u0131nd\u0131\u011f\u0131 iddia edildi.\u00a0<!--more--><\/p>\n<p style=\"text-align: justify;\">\u0130zmir 8. A\u011f\u0131r Ceza Mahkemesi&#8217;nde 28 Kas\u0131m&#8217;da karara ba\u011flanan KESK davas\u0131nda konfederasyonun Genel Ba\u015fkan\u0131 Lami \u00d6zgen&#8217;in de aralar\u0131nda oldu\u011fu 25 kamu \u00e7al\u0131\u015fan\u0131 hakk\u0131nda &#8220;\u00d6rg\u00fct \u00fcyesi olduklar\u0131&#8221; iddias\u0131yla 6 y\u0131l 3&#8217;er ay hapis cezas\u0131 verilmi\u015fti. Mahkeme Ba\u015fkan\u0131 G\u00fcng\u00f6r Tosuno\u011flu, isnat edilen su\u00e7un, \u00f6rg\u00fct \u00fcyeli\u011fi su\u00e7unu do\u011furacak b\u00fcy\u00fckl\u00fckte olmad\u0131\u011f\u0131 g\u00f6r\u00fc\u015f\u00fcyle b\u00fct\u00fcn san\u0131klar\u0131n beraat\u0131 y\u00f6n\u00fcnde verilen karara \u015ferh koymu\u015ftu.<\/p>\n<p style=\"text-align: justify;\">Davan\u0131n iddianamesini haz\u0131rlayan \u00f6zel yetkili cumhuriyet savc\u0131s\u0131 Fatih Gen\u00e7, 35 kamu \u00e7al\u0131\u015fan\u0131 hakk\u0131nda &#8220;\u00d6rg\u00fct \u00fcyesi olduklar\u0131&#8221; iddias\u0131yla 7,5 y\u0131ldan 15 y\u0131la kadar hapis cezas\u0131 istemi\u015fti. Savc\u0131 Gen\u00e7, iki g\u00fcn \u00f6nce Hakim ve Savc\u0131lar Y\u00fcksek Kurulu taraf\u0131ndan d\u00fcz savc\u0131 yap\u0131ld\u0131. &#8220;\u00c7ete ile ba\u011flant\u0131l\u0131 oldu\u011fu&#8221; iddias\u0131yla yetkileri kald\u0131r\u0131lan Gen\u00e7, savc\u0131 B\u00fclent \u00c7engil&#8217;in y\u00fcr\u00fctt\u00fc\u011f\u00fc \u0130zmir B\u00fcy\u00fck\u015fehir Belediyesi&#8217;ne d\u00f6n\u00fck soru\u015fturmada da g\u00f6rev alm\u0131\u015ft\u0131.<\/p>\n<p style=\"text-align: justify;\">\u00d6zel Yetkili Savc\u0131 Fatih Gen\u00e7 daha \u00f6nce de, Trabzon Cumhuriyet Ba\u015fsavc\u0131l\u0131\u011f\u0131&#8217;nda g\u00f6rev yapm\u0131\u015f ve Hrant Dink&#8217;i \u00f6ld\u00fcren Og\u00fcn Samast&#8217;\u0131 sorgulayarak \u0130stanbul&#8217;a g\u00f6ndermi\u015fti. Rahip Santora cinayetinin soru\u015fturmas\u0131nda da g\u00f6rev alan Gen\u00e7&#8217;in, Dink suikasti san\u0131\u011f\u0131 Yasin Hayal&#8217;in babas\u0131 Bahattin Hayal&#8217;e ifadesini de\u011fi\u015ftirmesi i\u00e7in bask\u0131 yapt\u0131\u011f\u0131 da ortaya \u00e7\u0131tm\u0131\u015ft\u0131. Dink cinayeti soru\u015fturmas\u0131n\u0131 y\u00fcr\u00fcten Savc\u0131 Akka\u015f&#8217;a ifade veren baba Hayal, Trabzon&#8217;da ifade verirken, \u015eube M\u00fcd\u00fcr\u00fc Yahya \u00d6zt\u00fcrk&#8217;\u00fcn &#8220;Biz devlet ve milletimiz i\u00e7in \u00e7al\u0131\u015f\u0131yoruz. Yasin de devlete \u00e7al\u0131\u015fanlardan biridir. Yasin \u00e7ok yak\u0131n bir zamanda \u00e7\u0131kacakt\u0131r. Yasin gibilere bu devletin ihtiyac\u0131 vard\u0131r&#8221; dedi\u011fini belirtmi\u015fti.<\/p>\n<p style=\"text-align: justify;\">Yahya \u00d6zt\u00fcrk&#8217;\u00fcn s\u00f6ylediklerini, Trabzon&#8217;da Savc\u0131 Fatih Gen\u00e7&#8217;e de aktard\u0131\u011f\u0131n\u0131 belirten Baba Hayal, &#8220;O da bana &#8216;Ba\u015f\u0131n belaya girer, sen bunlar\u0131 nas\u0131l ispatlayacaks\u0131n? Biri var m\u0131yd\u0131 yan\u0131nda?&#8217; dedi. Olmad\u0131\u011f\u0131n\u0131 s\u00f6yledim. &#8216;Ben size bildiklerimi anlat\u0131yorum siz bana ba\u015f\u0131n belaya girer diyorsunuz&#8217; dedim&#8221; diye konu\u015fmu\u015ftu. Baba Hayal&#8217;in bu ifadeleri \u00fczerine, savc\u0131 Fatih Gen\u00e7&#8217;in ifadesinin al\u0131nmas\u0131 kararla\u015ft\u0131r\u0131lm\u0131\u015ft\u0131.<\/p>\n<p style=\"text-align: justify;\"><a href=\"http:\/\/www.gazeteport.com.tr\/haber\/65849\/savciya_cete_suclamasi\" target=\"_blank\">Kaynak : GAZETEPORT<\/a><\/p>\n","protected":false},"excerpt":{"rendered":"<p style=\"text-align: center;\">\n<p style=\"text-align: center;\">\n<p style=\"text-align: justify;\">\u0130zmir&#8217;de \u00f6zel yetkileri elinden al\u0131nan savc\u0131 Fatih Gen\u00e7&#8217;in &#8220;\u00e7ete ile ba\u011flant\u0131l\u0131 oldu\u011fu&#8221; iddia edildi.<\/p>\n<p style=\"text-align: justify;\">\u0130ZM\u0130R &#8211; \u00d6zel yetkili savc\u0131 Fatih Gen\u00e7, ge\u00e7ti\u011fimiz g\u00fcnlerde d\u00fcz savc\u0131 yap\u0131lm\u0131\u015ft\u0131. Dink suikast\u0131 san\u0131\u011f\u0131 Yasin Hayal&#8217;in babas\u0131n\u0131n ifadesini de\u011fi\u015ftirmesi i\u00e7in bask\u0131 yapt\u0131\u011f\u0131 \u00f6ne s\u00fcr\u00fclen savc\u0131 Gen\u00e7&#8217;in, &#8220;\u00e7ete ile ba\u011flant\u0131l\u0131 oldu\u011fu <\/p>\n","protected":false},"author":1,"featured_media":0,"comment_status":"open","ping_status":"open","sticky":false,"template":"","format":"standard","meta":{"footnotes":""},"categories":[105],"tags":[],"class_list":["post-43650","post","type-post","status-publish","format-standard","hentry","category-gundem","odd"],"_links":{"self":[{"href":"http:\/\/www.korhanyilmaz.com\/index.php?rest_route=\/wp\/v2\/posts\/43650","targetHints":{"allow":["GET"]}}],"collection":[{"href":"http:\/\/www.korhanyilmaz.com\/index.php?rest_route=\/wp\/v2\/posts"}],"about":[{"href":"http:\/\/www.korhanyilmaz.com\/index.php?rest_route=\/wp\/v2\/types\/post"}],"author":[{"embeddable":true,"href":"http:\/\/www.korhanyilmaz.com\/index.php?rest_route=\/wp\/v2\/users\/1"}],"replies":[{"embeddable":true,"href":"http:\/\/www.korhanyilmaz.com\/index.php?rest_route=%2Fwp%2Fv2%2Fcomments&post=43650"}],"version-history":[{"count":0,"href":"http:\/\/www.korhanyilmaz.com\/index.php?rest_route=\/wp\/v2\/posts\/43650\/revisions"}],"wp:attachment":[{"href":"http:\/\/www.korhanyilmaz.com\/index.php?rest_route=%2Fwp%2Fv2%2Fmedia&parent=43650"}],"wp:term":[{"taxonomy":"category","embeddable":true,"href":"http:\/\/www.korhanyilmaz.com\/index.php?rest_route=%2Fwp%2Fv2%2Fcategories&post=43650"},{"taxonomy":"post_tag","embeddable":true,"href":"http:\/\/www.korhanyilmaz.com\/index.php?rest_route=%2Fwp%2Fv2%2Ftags&post=43650"}],"curies":[{"name":"wp","href":"https:\/\/api.w.org\/{rel}","templated":true}]}}