{"id":43644,"date":"2011-12-01T12:10:13","date_gmt":"2011-12-01T10:10:13","guid":{"rendered":"http:\/\/www.korhanyilmaz.com\/?p=43644"},"modified":"2011-12-01T15:22:07","modified_gmt":"2011-12-01T13:22:07","slug":"oslodaki-gorusmelerle-ilgili-suc-duyurusu","status":"publish","type":"post","link":"http:\/\/www.korhanyilmaz.com\/?p=43644","title":{"rendered":"Oslo&#8217;daki g\u00f6r\u00fc\u015fmelerle ilgili su\u00e7 duyurusu!"},"content":{"rendered":"<p style=\"text-align: center;\"><a href=\"http:\/\/www.korhanyilmaz.com\/wp-content\/uploads\/2011\/12\/7420.jpg\"  class=\"lightview\"><img loading=\"lazy\" decoding=\"async\" class=\"aligncenter  wp-image-43646\" src=\"http:\/\/www.korhanyilmaz.com\/wp-content\/uploads\/2011\/12\/7420.jpg\" alt=\"\" width=\"378\" height=\"189\" \/><\/a><\/p>\n<p style=\"text-align: justify;\">CHP Eski\u015fehir Milletvekili S\u00fcheyl Batum, M\u0130T ile ter\u00f6r \u00f6rg\u00fct\u00fc mensuplar\u0131n\u0131n Oslo\u2019da g\u00f6r\u00fc\u015ft\u00fc\u011f\u00fc iddialar\u0131yla ilgi olarak Ba\u015fbakan Recep Tayyip Erdo\u011fan, M\u0130T M\u00fcste\u015far\u0131 Hakan Fidan ve eski M\u0130T M\u00fcste\u015far Yard\u0131mc\u0131s\u0131 Afet G\u00fcne\u015f hakk\u0131nda su\u00e7 duyurusunda bulunacaklar\u0131n\u0131 bildirdi.\u00a0<!--more--><\/p>\n<p style=\"text-align: justify;\">Batum, Tokat\u2019\u0131n Re\u015fadiye il\u00e7esinde \u015fehit olan 7 askerin n\u00fcfusa kay\u0131tl\u0131 oldu\u011fu illerin milletvekilleriyle TBMM\u2019de bas\u0131n toplant\u0131s\u0131 d\u00fczenledi.<\/p>\n<p style=\"text-align: justify;\">G\u00f6r\u00fc\u015fmelerde ge\u00e7ti\u011fi iddia edilen ifadeleri okuyan Batum, bu ifadelerin anayasa ve yasalara g\u00f6re su\u00e7 olu\u015fturdu\u011funu savundu. Batum, 6 g\u00f6r\u00fc\u015fme yap\u0131ld\u0131\u011f\u0131n\u0131, okudu\u011fu ifadelerin bu g\u00f6r\u00fc\u015fmelerden 5\u2019incisinin zab\u0131tlar\u0131 oldu\u011funu ileri s\u00fcrd\u00fc.<\/p>\n<p style=\"text-align: justify;\">Batum, bu konu\u015fmalar s\u0131ras\u0131nda ve sonras\u0131nda 7 askerin, pusu kurularak \u00f6ld\u00fcr\u00fcld\u00fc\u011f\u00fcn\u00fc ifade etti.<\/p>\n<p style=\"text-align: justify;\">Batum, bu olayla ilgili gazilerin su\u00e7 duyurusunda bulunaca\u011f\u0131n\u0131, bunu destekleyeceklerini belirtti. Ayr\u0131ca kendilerinin de su\u00e7 duyurusunda bulunaca\u011f\u0131n\u0131 bildiren Batum, s\u00f6zlerini \u015f\u00f6yle s\u00fcrd\u00fcrd\u00fc:<\/p>\n<p style=\"text-align: justify;\">&#8220;Gazilerin ba\u015fvurusunu bekliyoruz. \u0130\u015fin asl\u0131, burada ya\u015fam\u0131n\u0131 yitiren insanlar. Bunun siyasalla\u015fmas\u0131n\u0131 istemedi\u011fimiz i\u00e7in su\u00e7 duyurusunda bulunmad\u0131k ama bulunaca\u011f\u0131z. \u00c7\u00fcnk\u00fc bu \u00fc\u00e7 insan, bu \u015fehitlere, aziz hat\u0131ralar\u0131na kar\u015f\u0131 sorumludur. D\u00fcnyan\u0131n hi\u00e7bir \u00fclkesinde, bu t\u00fcr g\u00f6r\u00fc\u015fme yap\u0131lamaz. \u0130hanettir bu. Oradaki konu\u015fmalar\u0131n i\u00e7eri\u011fi, bir g\u00f6r\u00fc\u015fme de\u011fil, utan\u00e7 verici bir payla\u015fma, birbirini aklama, me\u015frula\u015ft\u0131rma oldu\u011funu d\u00fc\u015f\u00fcnd\u00fc\u011f\u00fcm\u00fcz i\u00e7in su\u00e7 duyurusunda bulunuyoruz. Bunlar\u0131 da su\u00e7 duyurusunda belirtece\u011fiz. Anayasa ve yasalar\u0131n bir\u00a0\u00e7ok maddeleri \u00e7i\u011fnenmi\u015ftir, davay\u0131 bunlara y\u00f6nelik a\u00e7aca\u011f\u0131z, i\u00e7inde ter\u00f6r\u00fc \u00f6vme su\u00e7u da yer al\u0131yor. Bu olay\u0131, ne Ba\u015fbakan\u2019\u0131n ne de \u015fimdi M\u0130T M\u00fcste\u015far\u0131 olan Hakan Fidan\u2019\u0131n yan\u0131na b\u0131rakmayaca\u011f\u0131z. Gencecik \u015fehitlerimizin aziz hat\u0131ralar\u0131n\u0131, ailelerin haklar\u0131n\u0131 koruyaca\u011f\u0131z. Sorumlular\u0131, bu konu\u015fmalar\u0131 yapanlar\u0131, bu konu\u015fmalar\u0131 yapmak i\u00e7in onlar\u0131 g\u00f6revlendirenleri, lay\u0131k olduklar\u0131 cezaya\u00a0\u00e7arpt\u0131r\u0131lana kadar kovalayaca\u011f\u0131z.&#8221;<\/p>\n<p style=\"text-align: justify;\"><strong>&#8220;\u0130ki kez d\u00fc\u015f\u00fcn\u00fcrs\u00fcn\u00fcz&#8221;\u00a0<\/strong><\/p>\n<p style=\"text-align: justify;\">CHP Tokat Milletvekili Orhan D\u00fczg\u00fcn de yakla\u015f\u0131k 1 hafta sonra Re\u015fadiye olay\u0131n\u0131n y\u0131ld\u00f6n\u00fcm\u00fc oldu\u011funu an\u0131msatarak, kabuklanm\u0131\u015f bir yaray\u0131, birilerinin gelip kanatt\u0131\u011f\u0131n\u0131 s\u00f6yledi.\u00a0D\u00fczg\u00fcn, 7 gencin pusuya d\u00fc\u015f\u00fcr\u00fclerek \u015fehit edildi\u011fini, bu askerlerin izinden d\u00f6nd\u00fc\u011f\u00fcn\u00fc, silahs\u0131z ve sivil olduklar\u0131n\u0131 ifade etti.<\/p>\n<p style=\"text-align: justify;\">H\u00fck\u00fcmetin, &#8220;bu olay\u0131 PKK\u2019n\u0131n yapmad\u0131\u011f\u0131 iddias\u0131n\u0131 g\u00fcndeme getirdi\u011finde&#8221;, buna anlam veremediklerini belirten D\u00fczg\u00fcn, &#8220;Sonradan anlad\u0131k ki H\u00fck\u00fcmet, o s\u0131rada Oslo\u2019da pazarl\u0131k halindeymi\u015f. Bu g\u00f6r\u00fc\u015fmede, Afet G\u00fcne\u015f, \u2019Orada yerle\u015fik bir kadro de\u011fil, ge\u00e7mi\u015fi olan bir yer de\u011fil, Re\u015fadiye o kadar gelme ge\u00e7me noktas\u0131 bir yer ki ne zaman organize oldular da hemen birden bire a\u015fka gelip, eylem\u00a0yapt\u0131lar\u2019 diyor. Devletin \u00fcst d\u00fczey g\u00f6revlisi bir ki\u015fi, bu eylemi a\u015fka gelmek olarak tan\u0131ml\u0131yor. A\u015fka gelmek, bir \u00f6vg\u00fc, takdir i\u00e7erir. Bu ki\u015filer halen devletin g\u00f6revlisi olarak devam ediyor. Sizin \u00e7ocuklar\u0131n\u0131z\u0131 \u00f6ld\u00fcrenleri \u00f6venlere, \u00f6dedi\u011finiz vergiyle maa\u015f \u00f6deniyor. Bu \u00e7ocuklar\u0131n annesi, babas\u0131 oldu\u011funuzu d\u00fc\u015f\u00fcn\u00fcn, \u00e7ocuklar\u0131n\u0131z\u0131 askere g\u00f6nderirken herhalde 2 kez d\u00fc\u015f\u00fcn\u00fcrs\u00fcn\u00fcz&#8221; diye konu\u015ftu.<\/p>\n<p style=\"text-align: justify;\"><a href=\"http:\/\/haber.gazetevatan.com\/oslodaki-gorusmelerle-ilgili-suc-duyurusu\/414694\/1\/Gundem\" target=\"_blank\">Kaynak : Vatan Gazetesi<\/a><\/p>\n","protected":false},"excerpt":{"rendered":"<p style=\"text-align: center;\">\n<p style=\"text-align: justify;\">CHP Eski\u015fehir Milletvekili S\u00fcheyl Batum, M\u0130T ile ter\u00f6r \u00f6rg\u00fct\u00fc mensuplar\u0131n\u0131n Oslo\u2019da g\u00f6r\u00fc\u015ft\u00fc\u011f\u00fc iddialar\u0131yla ilgi olarak Ba\u015fbakan Recep Tayyip Erdo\u011fan, M\u0130T M\u00fcste\u015far\u0131 Hakan Fidan ve eski M\u0130T M\u00fcste\u015far Yard\u0131mc\u0131s\u0131 Afet G\u00fcne\u015f hakk\u0131nda su\u00e7 duyurusunda bulunacaklar\u0131n\u0131 bildirdi. <\/p>\n","protected":false},"author":1,"featured_media":0,"comment_status":"open","ping_status":"open","sticky":false,"template":"","format":"standard","meta":{"footnotes":""},"categories":[105],"tags":[],"class_list":["post-43644","post","type-post","status-publish","format-standard","hentry","category-gundem","odd"],"_links":{"self":[{"href":"http:\/\/www.korhanyilmaz.com\/index.php?rest_route=\/wp\/v2\/posts\/43644","targetHints":{"allow":["GET"]}}],"collection":[{"href":"http:\/\/www.korhanyilmaz.com\/index.php?rest_route=\/wp\/v2\/posts"}],"about":[{"href":"http:\/\/www.korhanyilmaz.com\/index.php?rest_route=\/wp\/v2\/types\/post"}],"author":[{"embeddable":true,"href":"http:\/\/www.korhanyilmaz.com\/index.php?rest_route=\/wp\/v2\/users\/1"}],"replies":[{"embeddable":true,"href":"http:\/\/www.korhanyilmaz.com\/index.php?rest_route=%2Fwp%2Fv2%2Fcomments&post=43644"}],"version-history":[{"count":0,"href":"http:\/\/www.korhanyilmaz.com\/index.php?rest_route=\/wp\/v2\/posts\/43644\/revisions"}],"wp:attachment":[{"href":"http:\/\/www.korhanyilmaz.com\/index.php?rest_route=%2Fwp%2Fv2%2Fmedia&parent=43644"}],"wp:term":[{"taxonomy":"category","embeddable":true,"href":"http:\/\/www.korhanyilmaz.com\/index.php?rest_route=%2Fwp%2Fv2%2Fcategories&post=43644"},{"taxonomy":"post_tag","embeddable":true,"href":"http:\/\/www.korhanyilmaz.com\/index.php?rest_route=%2Fwp%2Fv2%2Ftags&post=43644"}],"curies":[{"name":"wp","href":"https:\/\/api.w.org\/{rel}","templated":true}]}}