{"id":43640,"date":"2011-12-01T13:58:32","date_gmt":"2011-12-01T11:58:32","guid":{"rendered":"http:\/\/www.korhanyilmaz.com\/?p=43640"},"modified":"2011-12-01T15:12:31","modified_gmt":"2011-12-01T13:12:31","slug":"bakanlar-kuruluna-haber-gonderdi","status":"publish","type":"post","link":"http:\/\/www.korhanyilmaz.com\/?p=43640","title":{"rendered":"Bakanlar Kurulu&#8217;na haber g\u00f6nderdi!"},"content":{"rendered":"<p style=\"text-align: justify;\"><a href=\"http:\/\/www.korhanyilmaz.com\/wp-content\/uploads\/2011\/12\/7419.jpg\"  class=\"lightview\"><img loading=\"lazy\" decoding=\"async\" class=\"aligncenter size-full wp-image-43641\" title=\"\" src=\"http:\/\/www.korhanyilmaz.com\/wp-content\/uploads\/2011\/12\/7419.jpg\" alt=\"\" width=\"320\" height=\"100\" \/><\/a><\/p>\n<p style=\"text-align: justify;\">Ba\u015fbakan Yard\u0131mc\u0131s\u0131 B\u00fclent Ar\u0131n\u00e7 Ba\u015fbakan Recep Tayyip Erdo\u011fan\u2019\u0131n Pazartesi g\u00fcn\u00fc yap\u0131lacak Bakanlar Kurulu toplant\u0131s\u0131na kat\u0131labilece\u011fini s\u00f6yledi.<\/p>\n<p style=\"text-align: justify;\">Ba\u015fbakan Yard\u0131mc\u0131s\u0131 B\u00fclent Ar\u0131n\u00e7, Ba\u015fbakan Recep Tayyip Erdo\u011fan ile yapt\u0131\u011f\u0131 telefon g\u00f6r\u00fc\u015fmesinde, Erdo\u011fan&#8217;\u0131n \u201cmuhtemelen pazartesi g\u00fcn\u00fc Bakanlar Kurulu toplant\u0131s\u0131yla \u00e7al\u0131\u015fmalar\u0131na ba\u015flamay\u0131 d\u00fc\u015f\u00fcnd\u00fc\u011f\u00fcn\u00fc\u201d belirtti\u011fini aktard\u0131.\u00a0<!--more--><\/p>\n<p style=\"text-align: justify;\">Ar\u0131n\u00e7, Ba\u015fbakan Erdo\u011fan ile telefonla g\u00f6r\u00fc\u015ft\u00fc\u011f\u00fcn\u00fc belirtti.<\/p>\n<p style=\"text-align: justify;\">Erdo\u011fan&#8217;\u0131n, sa\u011fl\u0131k durumunun \u00e7ok iyi oldu\u011funu vurgulad\u0131\u011f\u0131n\u0131, ilgi g\u00f6steren herkese te\u015fekk\u00fcrlerini iletti\u011fini belirten Ar\u0131n\u00e7, Erdo\u011fan&#8217;\u0131n \u201cGayet iyiyim, en k\u0131sa s\u00fcrede \u00e7al\u0131\u015fmaya ba\u015flayaca\u011f\u0131z. Muhtemelen pazartesi g\u00fcn\u00fc Bakanlar Kurulu toplant\u0131s\u0131yla beraber \u00e7al\u0131\u015fmalara ba\u015flamay\u0131 d\u00fc\u015f\u00fcn\u00fcyorum, herkese selamlar\u0131m\u0131 iletiyorum\u201d ifadelerini kulland\u0131\u011f\u0131n\u0131 kaydetti.<\/p>\n<p style=\"text-align: justify;\">Kendisinin de Erdo\u011fan&#8217;a sa\u011fl\u0131\u011f\u0131n\u0131n iyi olmas\u0131ndan duydu\u011fu memnuniyeti dile getirdi\u011fini, ancak daha fazla dinlenebilece\u011fi \u00f6nerisinde bulundu\u011funu anlatan Ar\u0131n\u00e7, \u201c\u00c7al\u0131\u015fmalar\u0131m\u0131zda hi\u00e7bir aksakl\u0131k bulunmuyor, biraz daha dinlenmede kalman\u0131z\u0131 arzu ediyoruz\u201d dedi\u011fini s\u00f6yledi.<\/p>\n<p style=\"text-align: justify;\">Ar\u0131n\u00e7, Ba\u015fbakan Erdo\u011fan&#8217;\u0131n da \u201cduruma g\u00f6re program\u0131n\u0131 tekrar de\u011ferlendirece\u011fini, ancak pazartesi g\u00fcn\u00fc \u00e7al\u0131\u015fmalara ba\u015flamay\u0131 istedi\u011fini\u201d ifade ederek, herkese selamlar\u0131n\u0131 iletti\u011fini kaydetti.<\/p>\n<p style=\"text-align: justify;\"><a href=\"http:\/\/haber.gazetevatan.com\/bakanlar-kuruluna-haber-gonderdi\/414731\/9\/Siyaset\" target=\"_blank\">Kaynak : Vatan Gazetesi<\/a><\/p>\n","protected":false},"excerpt":{"rendered":"<p style=\"text-align: justify;\">\n<p style=\"text-align: justify;\">Ba\u015fbakan Yard\u0131mc\u0131s\u0131 B\u00fclent Ar\u0131n\u00e7 Ba\u015fbakan Recep Tayyip Erdo\u011fan\u2019\u0131n Pazartesi g\u00fcn\u00fc yap\u0131lacak Bakanlar Kurulu toplant\u0131s\u0131na kat\u0131labilece\u011fini s\u00f6yledi.<\/p>\n<p style=\"text-align: justify;\">Ba\u015fbakan Yard\u0131mc\u0131s\u0131 B\u00fclent Ar\u0131n\u00e7, Ba\u015fbakan Recep Tayyip Erdo\u011fan ile yapt\u0131\u011f\u0131 telefon g\u00f6r\u00fc\u015fmesinde, Erdo\u011fan&#8217;\u0131n \u201cmuhtemelen pazartesi g\u00fcn\u00fc Bakanlar Kurulu toplant\u0131s\u0131yla \u00e7al\u0131\u015fmalar\u0131na ba\u015flamay\u0131 d\u00fc\u015f\u00fcnd\u00fc\u011f\u00fcn\u00fc\u201d belirtti\u011fini aktard\u0131. <\/p>\n","protected":false},"author":1,"featured_media":0,"comment_status":"open","ping_status":"open","sticky":false,"template":"","format":"standard","meta":{"footnotes":""},"categories":[105],"tags":[],"class_list":["post-43640","post","type-post","status-publish","format-standard","hentry","category-gundem","odd"],"_links":{"self":[{"href":"http:\/\/www.korhanyilmaz.com\/index.php?rest_route=\/wp\/v2\/posts\/43640","targetHints":{"allow":["GET"]}}],"collection":[{"href":"http:\/\/www.korhanyilmaz.com\/index.php?rest_route=\/wp\/v2\/posts"}],"about":[{"href":"http:\/\/www.korhanyilmaz.com\/index.php?rest_route=\/wp\/v2\/types\/post"}],"author":[{"embeddable":true,"href":"http:\/\/www.korhanyilmaz.com\/index.php?rest_route=\/wp\/v2\/users\/1"}],"replies":[{"embeddable":true,"href":"http:\/\/www.korhanyilmaz.com\/index.php?rest_route=%2Fwp%2Fv2%2Fcomments&post=43640"}],"version-history":[{"count":0,"href":"http:\/\/www.korhanyilmaz.com\/index.php?rest_route=\/wp\/v2\/posts\/43640\/revisions"}],"wp:attachment":[{"href":"http:\/\/www.korhanyilmaz.com\/index.php?rest_route=%2Fwp%2Fv2%2Fmedia&parent=43640"}],"wp:term":[{"taxonomy":"category","embeddable":true,"href":"http:\/\/www.korhanyilmaz.com\/index.php?rest_route=%2Fwp%2Fv2%2Fcategories&post=43640"},{"taxonomy":"post_tag","embeddable":true,"href":"http:\/\/www.korhanyilmaz.com\/index.php?rest_route=%2Fwp%2Fv2%2Ftags&post=43640"}],"curies":[{"name":"wp","href":"https:\/\/api.w.org\/{rel}","templated":true}]}}