{"id":43636,"date":"2011-12-01T13:43:20","date_gmt":"2011-12-01T11:43:20","guid":{"rendered":"http:\/\/www.korhanyilmaz.com\/?p=43636"},"modified":"2011-12-01T15:07:16","modified_gmt":"2011-12-01T13:07:16","slug":"kilicdaroglu-oglum-bedelli-yapmayacak","status":"publish","type":"post","link":"http:\/\/www.korhanyilmaz.com\/?p=43636","title":{"rendered":"K\u0131l\u0131\u00e7daro\u011flu: O\u011flum bedelli yapmayacak"},"content":{"rendered":"<p style=\"text-align: center;\"><a href=\"http:\/\/www.korhanyilmaz.com\/wp-content\/uploads\/2011\/12\/7418.jpg\"  class=\"lightview\"><img loading=\"lazy\" decoding=\"async\" class=\"aligncenter  wp-image-43637\" src=\"http:\/\/www.korhanyilmaz.com\/wp-content\/uploads\/2011\/12\/7418.jpg\" alt=\"\" width=\"320\" height=\"214\" \/><\/a><\/p>\n<p style=\"text-align: justify;\">CHP lideri K\u0131l\u0131\u00e7daro\u011flu, 1982 do\u011fumlu olan o\u011flunun bedelli askerlikten yararlan\u0131p yararlanmayaca\u011f\u0131n\u0131n sorulmas\u0131 \u00fczerine, &#8216;Hay\u0131r yararlanmayacak. Onun askere gitmesini istiyorum&#8217; dedi.<\/p>\n<p style=\"text-align: justify;\">ANKARA &#8211; CHP Genel Ba\u015fkan\u0131 Kemal K\u0131l\u0131\u00e7daro\u011flu, Bude Ekin Sanat Galerisi&#8217;nde 15 ressam ve 1 heykelt\u0131ra\u015f\u0131n eserlerinden olu\u015fan karma sergiyi gezdi.\u00a0<!--more--><\/p>\n<p style=\"text-align: justify;\">Sergiden ayr\u0131l\u0131rken gazetecilerin g\u00fcndeme ili\u015fkin sorular\u0131n\u0131 yan\u0131tlayan K\u0131l\u0131\u00e7daro\u011flu, bir gazetecinin bedelli askerli\u011fin meclis g\u00fcndeminden ge\u00e7ti\u011fini, CHP Milletvekili R\u0131za T\u00fcrmen&#8217;in ise yasay\u0131 Anayasa Mahkemesine g\u00f6t\u00fcrebilecekleri y\u00f6n\u00fcnde a\u00e7\u0131klamalar\u0131 oldu\u011funu hat\u0131rlatmas\u0131 \u00fczerine, &#8221;Daha o konuda bir karar vermi\u015f de\u011filiz. R\u0131za Bey a\u00e7\u0131klad\u0131. O konuyu hukuk\u00e7u arkada\u015flar\u0131m\u0131z inceliyorlar. Anayasaya ayk\u0131r\u0131l\u0131k g\u00f6r\u00fcl\u00fcrse tabii ki Anayasa Mahkemesine g\u00f6t\u00fcrece\u011fiz do\u011fal olarak&#8230;&#8221; kar\u015f\u0131l\u0131\u011f\u0131n\u0131 verdi.<\/p>\n<p style=\"text-align: justify;\">K\u0131l\u0131\u00e7daro\u011flu, o\u011flu Kerem K\u0131l\u0131\u00e7daro\u011flu&#8217;nun 1982 do\u011fumlu oldu\u011fu belirtilerek bedelli askerlikten yararlan\u0131p yararlanmayaca\u011f\u0131n\u0131n sorulmas\u0131 \u00fczerine, &#8221;Hay\u0131r yararlanmayacak. Onun askere gitmesini istiyorum&#8221; dedi. K\u0131l\u0131\u00e7daro\u011flu, ayr\u0131ca bu d\u00fc\u015f\u00fcncesini o\u011fluyla konu\u015ftu\u011funu da ifade etti.<\/p>\n<p style=\"text-align: justify;\">T\u00fcrkiye&#8217;nin Suriye&#8217;ye y\u00f6nelik a\u00e7\u0131klad\u0131\u011f\u0131 9 maddelik yapt\u0131r\u0131m paketine ili\u015fkin soruyu da yan\u0131tlayan K\u0131l\u0131\u00e7daro\u011flu, bu konuda T\u00fcrkiye&#8217;nin Suriye politikas\u0131n\u0131 kimin destekledi\u011fine bak\u0131lmas\u0131 gerekti\u011fini s\u00f6yledi. K\u0131l\u0131\u00e7daro\u011flu, \u015f\u00f6yle devam etti:<\/p>\n<p style=\"text-align: justify;\">&#8221;Kim s\u0131rt\u0131n\u0131 s\u0131vazl\u0131yor iktidar\u0131n? Biz kendi i\u00e7imizde bu kadar sorun varken ba\u015fka bir \u00fclkenin i\u00e7 sorunlar\u0131na niye giriyoruz? Ba\u015fka bir \u00fclkede olaylar \u00e7\u0131karmak i\u00e7in T\u00fcrkiye topraklar\u0131nda silahl\u0131 g\u00fc\u00e7ler yeti\u015ftirmek T\u00fcrkiye&#8217;ye yak\u0131\u015f\u0131yor mu? Biz &#8216;b\u00fcy\u00fck T\u00fcrkiye&#8217; diyoruz, &#8216;g\u00fc\u00e7l\u00fc T\u00fcrkiye&#8217; diyoruz. B\u00fcy\u00fck ve g\u00fc\u00e7l\u00fc T\u00fcrkiye, yabanc\u0131 bir \u00fclkeye m\u00fcdahale i\u00e7in kendi topraklar\u0131nda silahl\u0131 g\u00fc\u00e7 besleyebilir mi? B\u00f6yle bir anlay\u0131\u015f olabilir mi? Yar\u0131n ba\u015fka bir \u00fclke kalk\u0131p da kendi topraklar\u0131nda T\u00fcrkiye&#8217;ye kar\u015f\u0131 silahl\u0131 g\u00fc\u00e7ler yeti\u015ftirse ve bizim i\u00e7 i\u015fimize m\u00fcdahale etse ne diyece\u011fiz? Do\u011fru de\u011fil. T\u00fcrkiye&#8217;ye yak\u0131\u015fm\u0131yor. T\u00fcrkiye&#8217;nin gelece\u011fine yak\u0131\u015fm\u0131yor. T\u00fcrkiye, ulusal kurtulu\u015f sava\u015f\u0131 vermi\u015f bir \u00fclke. Kendi topraklar\u0131na, kom\u015fular\u0131n\u0131n topraklar\u0131na sayg\u0131l\u0131 bir \u00fclke. Nas\u0131l oluyor da bu t\u00fcr davran\u0131\u015flar\u0131n i\u00e7ine girebiliyor? Ben ne diyordum, &#8216;AKP iktidar\u0131 egemen g\u00fc\u00e7lerin Ortado\u011fu&#8217;daki sopas\u0131d\u0131r&#8217;. \u015eimdi sopal\u0131\u011f\u0131 b\u0131rakt\u0131, ta\u015feronlu\u011funu da yapmaya ba\u015flad\u0131.&#8221;<\/p>\n<p style=\"text-align: justify;\">K\u0131l\u0131\u00e7daro\u011flu, ABD Ba\u015fkan Yard\u0131mc\u0131s\u0131 Joe Biden&#8217;\u0131n T\u00fcrkiye&#8217;ye yapaca\u011f\u0131 ziyaret ve T\u00fcrkiye&#8217;nin ter\u00f6rle m\u00fccadelesinde ABD&#8217;nin deste\u011fine ili\u015fkin soruyu yan\u0131tlarken de \u015funlar\u0131 kaydetti:<\/p>\n<p style=\"text-align: justify;\">&#8221;Bu konuda say\u0131n b\u00fcy\u00fckel\u00e7i beni ziyaret etti\u011finde gerekli deste\u011fi verdiklerini s\u00f6ylemi\u015fti. Ben T\u00fcrkiye&#8217;de kamuoyunun farkl\u0131 d\u00fc\u015f\u00fcnd\u00fc\u011f\u00fcn\u00fc ifade etmi\u015ftim. &#8216;E\u011fer h\u00fck\u00fcmet izin verirse biz ne t\u00fcr destekler verdi\u011fimizi a\u00e7\u0131klar\u0131z&#8217; demi\u015fti. Biz de D\u0131\u015fi\u015fleri Bakanl\u0131\u011f\u0131na yaz\u0131 yazd\u0131k. &#8216;\u0130zin verin, say\u0131n b\u00fcy\u00fckel\u00e7i ter\u00f6rle m\u00fccadelede T\u00fcrkiye&#8217;ye ne t\u00fcr destek verdi\u011fini bize a\u00e7\u0131klas\u0131n&#8217; diye&#8230; Yan\u0131t\u0131n\u0131 bekliyoruz.&#8221;<\/p>\n<p style=\"text-align: justify;\"><strong>YA\u015eAR \u00c7ALLI&#8217;DAN KILI\u00c7DARO\u011eLU PORTRES\u0130<\/strong><\/p>\n<p style=\"text-align: justify;\">K\u0131l\u0131\u00e7daro\u011flu, sergide Ressam Ya\u015far \u00c7all\u0131 taraf\u0131ndan yap\u0131lan kendi portresini de inceleyerek bilgi ald\u0131. \u00c7all\u0131, portre \u00fczerinde baz\u0131 r\u00f6tu\u015flar yapt\u0131ktan sonra eseri kendisine arma\u011fan etmek istedi\u011fini s\u00f6yledi.<\/p>\n<p style=\"text-align: justify;\">Galerinin ortaklar\u0131ndan Adil Ocak da &#8221;\u00c7\u0131\u011fl\u0131k \u00c7\u0131\u011fl\u0131\u011fa&#8221; isimli tablosunu K\u0131l\u0131\u00e7daro\u011flu&#8217;na arma\u011fan etti. Kemal K\u0131l\u0131\u00e7daro\u011flu, daha sonra galerinin yan taraf\u0131ndaki bir restoranda sanat\u00e7\u0131larla yemek yedi.<\/p>\n<p style=\"text-align: justify;\"><a href=\"http:\/\/www.radikal.com.tr\/Radikal.aspx?aType=RadikalDetayV3&amp;ArticleID=1071208&amp;Date=01.12.2011&amp;CategoryID=78\" target=\"_blank\">Kaynak : Radikal.com.tr<\/a><\/p>\n","protected":false},"excerpt":{"rendered":"<p style=\"text-align: center;\">\n<p style=\"text-align: justify;\">CHP lideri K\u0131l\u0131\u00e7daro\u011flu, 1982 do\u011fumlu olan o\u011flunun bedelli askerlikten yararlan\u0131p yararlanmayaca\u011f\u0131n\u0131n sorulmas\u0131 \u00fczerine, &#8216;Hay\u0131r yararlanmayacak. Onun askere gitmesini istiyorum&#8217; dedi.<\/p>\n<p style=\"text-align: justify;\">ANKARA &#8211; CHP Genel Ba\u015fkan\u0131 Kemal K\u0131l\u0131\u00e7daro\u011flu, Bude Ekin Sanat Galerisi&#8217;nde 15 ressam ve 1 heykelt\u0131ra\u015f\u0131n eserlerinden olu\u015fan karma sergiyi gezdi. <\/p>\n","protected":false},"author":1,"featured_media":0,"comment_status":"open","ping_status":"open","sticky":false,"template":"","format":"standard","meta":{"footnotes":""},"categories":[105],"tags":[],"class_list":["post-43636","post","type-post","status-publish","format-standard","hentry","category-gundem","odd"],"_links":{"self":[{"href":"http:\/\/www.korhanyilmaz.com\/index.php?rest_route=\/wp\/v2\/posts\/43636","targetHints":{"allow":["GET"]}}],"collection":[{"href":"http:\/\/www.korhanyilmaz.com\/index.php?rest_route=\/wp\/v2\/posts"}],"about":[{"href":"http:\/\/www.korhanyilmaz.com\/index.php?rest_route=\/wp\/v2\/types\/post"}],"author":[{"embeddable":true,"href":"http:\/\/www.korhanyilmaz.com\/index.php?rest_route=\/wp\/v2\/users\/1"}],"replies":[{"embeddable":true,"href":"http:\/\/www.korhanyilmaz.com\/index.php?rest_route=%2Fwp%2Fv2%2Fcomments&post=43636"}],"version-history":[{"count":0,"href":"http:\/\/www.korhanyilmaz.com\/index.php?rest_route=\/wp\/v2\/posts\/43636\/revisions"}],"wp:attachment":[{"href":"http:\/\/www.korhanyilmaz.com\/index.php?rest_route=%2Fwp%2Fv2%2Fmedia&parent=43636"}],"wp:term":[{"taxonomy":"category","embeddable":true,"href":"http:\/\/www.korhanyilmaz.com\/index.php?rest_route=%2Fwp%2Fv2%2Fcategories&post=43636"},{"taxonomy":"post_tag","embeddable":true,"href":"http:\/\/www.korhanyilmaz.com\/index.php?rest_route=%2Fwp%2Fv2%2Ftags&post=43636"}],"curies":[{"name":"wp","href":"https:\/\/api.w.org\/{rel}","templated":true}]}}