{"id":43632,"date":"2011-11-30T10:10:29","date_gmt":"2011-11-30T08:10:29","guid":{"rendered":"http:\/\/www.korhanyilmaz.com\/?p=43632"},"modified":"2011-12-01T03:44:52","modified_gmt":"2011-12-01T01:44:52","slug":"iste-basbakanin-hastaligi","status":"publish","type":"post","link":"http:\/\/www.korhanyilmaz.com\/?p=43632","title":{"rendered":"\u0130\u015fte Ba\u015fbakan&#8217;\u0131n hastal\u0131\u011f\u0131"},"content":{"rendered":"<p style=\"text-align: center;\"><a href=\"http:\/\/www.korhanyilmaz.com\/wp-content\/uploads\/2011\/12\/7417.jpg\"  class=\"lightview\"><img loading=\"lazy\" decoding=\"async\" class=\"aligncenter  wp-image-43633\" src=\"http:\/\/www.korhanyilmaz.com\/wp-content\/uploads\/2011\/12\/7417.jpg\" alt=\"\" width=\"396\" height=\"180\" \/><\/a><\/p>\n<p style=\"text-align: justify;\">Ba\u015fbakan Erdo\u011fan&#8217;\u0131n ameliyat\u0131yla ilgili s\u0131r perdesi yava\u015f yava\u015f aralan\u0131yor.<\/p>\n<p style=\"text-align: justify;\">\u0130STANBUL- Ba\u015fbakan Erdo\u011fan\u2019\u0131n Marmara T\u0131p Fak\u00fcltesi\u2019nin uygulama hastanesi olan Pendik Ara\u015ft\u0131rma ve E\u011fitim Hastanesi\u2019ndeki ameliyat\u0131n\u0131, \u00d6zel Amerikan Hastanesi\u2019nden gelen \u00fcnl\u00fc cerrah Prof. Dr. Dursun Bu\u011fra ger\u00e7ekle\u015ftirdi.\u00a0<!--more--><\/p>\n<p style=\"text-align: justify;\">H\u00fcrriyet&#8217;in haberine g\u00f6re, Prof. Dr. Bu\u011fra laparoskopi denilen kapal\u0131 y\u00f6ntemle yapt\u0131\u011f\u0131 ameliyatta hastaneninkini de\u011fil, kendi getirdi\u011fi aletleri kulland\u0131. \u0130ddialara g\u00f6re \u00e7ekilen kolonoskopide \u015f\u00fcpheli bulgulara rastlan\u0131nca ameliyat g\u00fcndeme gelmi\u015fti. Prof. Dr. Bu\u011fra, yakla\u015f\u0131k 1.5 metre olan kal\u0131n ba\u011f\u0131rsa\u011f\u0131n 20-25 santimetresini ald\u0131. Ba\u011f\u0131rsaktan al\u0131nan doku \u00f6rne\u011finin patolojik incelemesi i\u00e7in de Pendik Ara\u015ft\u0131rma ve E\u011fitim Hastanesi tercih edilmedi. Doku \u00f6rne\u011fi ba\u015fka bir laboratuvara g\u00f6nderildi. Anestezi ekibinin de d\u0131\u015far\u0131dan geldi\u011fi belirtildi.<\/p>\n<p style=\"text-align: justify;\"><strong>\u00dcLSERL\u0130 KOL\u0130T<\/strong><\/p>\n<p style=\"text-align: justify;\">Erdo\u011fan\u2019\u0131n bir s\u00fcreden beri ba\u011f\u0131rsaklar\u0131nda ya\u015fad\u0131\u011f\u0131 \u2018\u00fclserli kolit\u2019 rahats\u0131zl\u0131\u011f\u0131 nedeniyle ila\u00e7 tedavisi g\u00f6rd\u00fc\u011f\u00fc ve d\u00fczenli diyet yapt\u0131\u011f\u0131 vurguland\u0131. Ancak, ishal, kanama ve kilo kayb\u0131 gibi kontrol edilemeyen sonu\u00e7lar\u0131 olan hastal\u0131\u011f\u0131n tedavisi i\u00e7in cerrahi m\u00fcdahale \u00f6neriliyor.<\/p>\n<p style=\"text-align: justify;\">Erdo\u011fan\u2019\u0131n resmi davetler ba\u015fta olmak \u00fczere gitti\u011fi her yerde, diyet program\u0131na uygun olarak, ekibi taraf\u0131ndan \u00f6nceden \u201csal\u00e7as\u0131z, baharats\u0131z ve ac\u0131s\u0131z men\u00fc haz\u0131rlanmas\u0131\u201d talebini iletti\u011fi bildirildi. Erdo\u011fan, operasyon karar\u0131n\u0131 ge\u00e7en hafta ald\u0131. Erdo\u011fan\u2019\u0131n, en son per\u015fembe g\u00fcn\u00fc brifing ald\u0131\u011f\u0131 \u00e7al\u0131\u015fma arkada\u015flar\u0131n\u0131n \u201cHaftasonu yeniden \u00e7al\u0131\u015fabiliriz\u201d \u00f6nerisine, \u201cDevam\u0131 sonraya kals\u0131n, haftasonu operasyon ge\u00e7irece\u011fim\u201d dedi\u011fi \u00f6\u011frenildi.<\/p>\n<p style=\"text-align: justify;\"><strong>TABURCU OLDU<\/strong><\/p>\n<p style=\"text-align: justify;\">Ba\u015fbakan Erdo\u011fan d\u00fcn saat 17.30\u2019da taburcu oldu. Ba\u015fbakan hastaneden \u00e7\u0131k\u0131\u015f\u0131 s\u0131ras\u0131nda, \u0130stanbul\u2019daki konvoyunda her zaman haz\u0131r bulunan 34 UE 2343 plakal\u0131 siyah ambulans kullan\u0131ld\u0131. Saatte 60 kilometre h\u0131zla seyreden konvoy 0-1 (E-5) Kartal\u2019dan TEM ba\u011flant\u0131 yoluna geldi\u011finde korumalar\u0131n kulland\u0131\u011f\u0131 ara\u00e7lar, bas\u0131n mensuplar\u0131n\u0131n \u00f6n\u00fcn\u00fc keserek takip etmeleri \u00f6nlendi. Erdo\u011fan, \u00dcsk\u00fcdar K\u0131s\u0131kl\u0131\u2019daki evine gitti. Erdo\u011fan\u2019\u0131n iyi oldu\u011fu, bir hafta boyunca dinlenece\u011fi kaydedildi.<\/p>\n<p style=\"text-align: justify;\"><strong>TAM G\u00dcN MA\u011eDURU<\/strong><\/p>\n<p style=\"text-align: justify;\">Prof. Dr. Dursun Bu\u011fra, \u0130stanbul T\u0131p Fak\u00fcltesi Genel Cerrahi Anabilim Dal\u0131 \u00f6\u011fretim \u00fcyesiydi. Ancak \u2018Tam G\u00fcn Yasas\u0131\u2019 ile ilgili yap\u0131lan son d\u00fczenlemelerden sonra emeklili\u011fini isteyerek kurumdan ayr\u0131lmak zorunda kalm\u0131\u015ft\u0131.<\/p>\n<p style=\"text-align: justify;\"><strong>\u00dcSK\u00dcDAR&#8217;DAK\u0130 KONUTUNDA D\u0130NLEN\u0130YOR<\/strong><\/p>\n<p style=\"text-align: justify;\">AA&#8217;n\u0131n haberine g\u00f6re ise d\u00fcn ak\u015fam saat 17.30&#8217;da Ba\u015fbakanl\u0131\u011fa ait ambulansla hastaneden ayr\u0131lan Ba\u015fbakan Erdo\u011fan, istirahat s\u00fcrecini K\u0131s\u0131kl\u0131&#8217;daki konutunda ge\u00e7iriyor. Erdo\u011fan&#8217;\u0131n konutunun yakla\u015f\u0131k 500 metre uzakl\u0131\u011f\u0131nda bulunan \u0130SPARK&#8217;a ait Heliport alan\u0131nda Sa\u011fl\u0131k Bakanl\u0131\u011f\u0131na ba\u011fl\u0131 ambulans helikopter bekletiliyor.<\/p>\n<p style=\"text-align: justify;\">Bu arada, Erdo\u011fan&#8217;\u0131n konutunun \u00e7evresinde geni\u015f g\u00fcvenlik \u00f6nlemleri al\u0131nd\u0131. \u00d6te yandan, Ba\u015fbakan Erdo\u011fan&#8217;\u0131n konutunun yer ald\u0131\u011f\u0131 caddenin kar\u015f\u0131 taraf\u0131ndaki bo\u015f arsada canl\u0131 yay\u0131n ara\u00e7lar\u0131 kuruldu. \u00c7ok say\u0131da bas\u0131n mensubu d\u00fcn ak\u015famdan itibaren burada bekleyi\u015fini s\u00fcrd\u00fcr\u00fcyor.<\/p>\n<p style=\"text-align: justify;\">Di\u011fer taraftan \u00dcsk\u00fcdar Belediyesi bas\u0131n mensuplar\u0131n\u0131n bekledi\u011fi arsada su ve \u00e7ay servisi yap\u0131yor. Belediye ayr\u0131ca arsaya seyyar tuvaletler kurdu.<\/p>\n<p style=\"text-align: justify;\"><a href=\"http:\/\/www.gazeteport.com.tr\/haber\/65585\/iste_basbakanin_hastaligi\" target=\"_blank\">Kaynak : GAZETEPORT<\/a><\/p>\n","protected":false},"excerpt":{"rendered":"<p style=\"text-align: center;\">\n<p style=\"text-align: justify;\">Ba\u015fbakan Erdo\u011fan&#8217;\u0131n ameliyat\u0131yla ilgili s\u0131r perdesi yava\u015f yava\u015f aralan\u0131yor.<\/p>\n<p style=\"text-align: justify;\">\u0130STANBUL- Ba\u015fbakan Erdo\u011fan\u2019\u0131n Marmara T\u0131p Fak\u00fcltesi\u2019nin uygulama hastanesi olan Pendik Ara\u015ft\u0131rma ve E\u011fitim Hastanesi\u2019ndeki ameliyat\u0131n\u0131, \u00d6zel Amerikan Hastanesi\u2019nden gelen \u00fcnl\u00fc cerrah Prof. Dr. Dursun Bu\u011fra ger\u00e7ekle\u015ftirdi. <\/p>\n","protected":false},"author":1,"featured_media":0,"comment_status":"open","ping_status":"open","sticky":false,"template":"","format":"standard","meta":{"footnotes":""},"categories":[105],"tags":[],"class_list":["post-43632","post","type-post","status-publish","format-standard","hentry","category-gundem","odd"],"_links":{"self":[{"href":"http:\/\/www.korhanyilmaz.com\/index.php?rest_route=\/wp\/v2\/posts\/43632","targetHints":{"allow":["GET"]}}],"collection":[{"href":"http:\/\/www.korhanyilmaz.com\/index.php?rest_route=\/wp\/v2\/posts"}],"about":[{"href":"http:\/\/www.korhanyilmaz.com\/index.php?rest_route=\/wp\/v2\/types\/post"}],"author":[{"embeddable":true,"href":"http:\/\/www.korhanyilmaz.com\/index.php?rest_route=\/wp\/v2\/users\/1"}],"replies":[{"embeddable":true,"href":"http:\/\/www.korhanyilmaz.com\/index.php?rest_route=%2Fwp%2Fv2%2Fcomments&post=43632"}],"version-history":[{"count":0,"href":"http:\/\/www.korhanyilmaz.com\/index.php?rest_route=\/wp\/v2\/posts\/43632\/revisions"}],"wp:attachment":[{"href":"http:\/\/www.korhanyilmaz.com\/index.php?rest_route=%2Fwp%2Fv2%2Fmedia&parent=43632"}],"wp:term":[{"taxonomy":"category","embeddable":true,"href":"http:\/\/www.korhanyilmaz.com\/index.php?rest_route=%2Fwp%2Fv2%2Fcategories&post=43632"},{"taxonomy":"post_tag","embeddable":true,"href":"http:\/\/www.korhanyilmaz.com\/index.php?rest_route=%2Fwp%2Fv2%2Ftags&post=43632"}],"curies":[{"name":"wp","href":"https:\/\/api.w.org\/{rel}","templated":true}]}}