{"id":4363,"date":"2009-03-01T18:21:33","date_gmt":"2009-03-01T16:21:33","guid":{"rendered":"http:\/\/www.korhanyilmaz.com\/?p=4363"},"modified":"2009-03-01T18:21:33","modified_gmt":"2009-03-01T16:21:33","slug":"kilicdarogluna-proje-tepkisi","status":"publish","type":"post","link":"http:\/\/www.korhanyilmaz.com\/?p=4363","title":{"rendered":"K\u0131l\u0131\u00e7daro\u011flu&#039;na proje tepkisi"},"content":{"rendered":"<p style=\"text-align: justify;\"><img loading=\"lazy\" decoding=\"async\" class=\"aligncenter size-full wp-image-4364\" title=\"K\u0131l\u0131\u00e7daro\u011flu'na proje tepkisi \" src=\"http:\/\/www.korhanyilmaz.com\/wp-content\/uploads\/2009\/03\/010320091818374585124.jpg\" alt=\"K\u0131l\u0131\u00e7daro\u011flu'na proje tepkisi \" width=\"376\" height=\"240\" \/><strong><\/strong><\/p>\n<p style=\"text-align: justify;\"><strong>Se\u00e7mene ne yan\u0131t verdi? <\/strong><\/p>\n<p style=\"text-align: justify;\">CHP \u0130stanbul B\u00fcy\u00fck\u015fehir Belediye Ba\u015fkan aday\u0131 Kemal K\u0131l\u0131\u00e7daro\u011flu pazar g\u00fcn\u00fcn\u00fc adalar turuna ay\u0131rd\u0131. \u0130lk dura\u011f\u0131 K\u0131nal\u0131ada olan K\u0131l\u0131\u00e7taro\u011flu burada co\u015fkulu bir kalabal\u0131k taraf\u0131ndan kar\u015f\u0131land\u0131. Daha \u00f6nce CHP saflar\u0131na kat\u0131lan rum k\u00f6kenli gazeteci-yazar Raffi Aermonn ile konu\u015fan K\u0131l\u0131\u00e7daro\u011flu, Aedrmonn&#8217;un &#8220;ya sev ,ya terket mant\u0131\u011f\u0131n\u0131 kabul etmeyiz, buras\u0131 bizim vatan\u0131m\u0131z&#8221; c\u00fcmlelerine &#8221; ya sav ya terket diye bir kavram yoktur&#8221; \u015feklinde cevap verdi. Burada bir vatanda\u015fla da konu\u015fan K\u0131l\u0131\u00e7daro\u011flu, adalarda anten ve denizdeki g\u0131rg\u0131rlar\u0131n yaratt\u0131\u011f\u0131 kirlili\u011fi \u00e7\u00f6zeceklerini s\u00f6yledi. <!--more--><\/p>\n<p style=\"text-align: justify;\"><strong>KILI\u00c7DARO\u011eLU&#8217;NA PROJE TEPK\u0130S\u0130 <\/strong><br \/>\nK\u0131nal\u0131ada&#8217;da ki turuna bir kahvede devam eden K\u0131l\u0131\u00e7daro\u011flu, bir vatanda\u015f\u0131n tepkisiyle kar\u015f\u0131la\u015ft\u0131. Bir K\u0131nal\u0131ada sakininin &#8220;Biz projelerinizi g\u00f6rmek istiyoruz&#8221; s\u00f6zleri cevap veren K\u0131l\u0131\u00e7daro\u011flu, &#8221; Buras\u0131 \u0130stanbul&#8217;dan \u00e7ok kopuk. Buray\u0131 turizm cenneti haline getirmemiz laz\u0131m. \u0130stanbul b\u00fct\u00e7esinden haberiniz varm\u0131, girin \u0130BB&#8217;nin internet sitesine. Siz \u00f6d\u00fcyorsunuz bu vergileri, 10 milyar dolar. Demokrasilerde vatanda\u015f \u00f6nce bu soruruyu sorar. Nereye gider bu para&#8221; dedi. Tek ba\u015flar\u0131na hesap soramad\u0131klar\u0131n\u0131 ifade eden vatanda\u015f daha sonra &#8220;siz projelerinizi anlatacaks\u0131n\u0131z biz de size oy verece\u011fiz&#8221; \u015feklinde konu\u015ftu. Projelerinden bahseden K\u0131l\u0131\u00e7daro\u011flu, her evde bir sigortal\u0131 olaca\u011f\u0131n\u0131, kad\u0131nlar\u0131n banka hesab\u0131na para yat\u0131racaklar\u0131n\u0131 s\u00f6yledi. Ayn\u0131 vatanda\u015f daha sonra K\u0131l\u0131\u00e7taro\u011flu&#8217;na bir uyr\u0131da da bulunarak, CHP \u0130stanbul il Ba\u015fakan\u0131 G\u00fcrsel Tekin&#8217;i ele\u015ftirerek, &#8221; G\u00fcrsel bey m\u00fcdahele edince, siz eksi pozisyona d\u00fc\u015f\u00fcyorsunuz. Yoksa bizim istedi\u011fimiz dosyalar de\u011fil&#8221; dedi<\/p>\n<p style=\"text-align: justify;\"><strong>KILI\u00c7DARO\u011eLU 5 YILDA 80 KM METRO VAAT ETT\u0130 <\/strong><br \/>\nK\u0131nal\u0131ada&#8217;n\u0131n ard\u0131ndan Burgazada&#8217;ya ge\u00e7en K\u0131l\u0131\u00e7daro\u011flu, burada se\u00e7im b\u00fcrosunu a\u00e7\u0131l\u0131\u015f\u0131n\u0131 yapt\u0131. Burgazada Cemevi&#8217;ni ziyaret eden ve kendisine g\u00fcm\u00fc\u015f tabak hediye edilen K\u0131l\u0131\u00e7daro\u011flu, AKP se\u00e7im b\u00fcrosuna da girdi. Bu davran\u0131\u015f\u0131 d\u0131\u015far\u0131daki se\u00e7men taraf\u0131ndan alk\u0131\u015flanan K\u0131l\u0131\u00e7daro\u011flu, daha sonra Heybeli ve B\u00fcy\u00fckada&#8217;y\u0131 ziyaret etti. B\u00fcy\u00fckada&#8217;da yakla\u015f\u0131k 2 bin ki\u015fi taraf\u0131ndan kar\u015f\u0131land\u0131. Burada da se\u00e7im b\u00fcrosu a\u00e7an K\u0131l\u0131\u00e7daro\u011flu AKP ve Kadir Topba\u015f&#8217;a y\u00fcklendi\u011fi konu\u015fmas\u0131nda \u015funlar\u0131 s\u00f6yledi: &#8220;S\u00f6z veriyoruz 5 y\u0131lda 80 km metro yapaca\u011f\u0131z. Metro ayn\u0131 zamanda zaman tasarrufudur . \u0130BB&#8217;nin 10 milyarl\u0131k b\u00fct\u00e7esi var. 10 milyar dolarla adalara hangi hizmet yap\u0131ld\u0131. Hastanemi yap\u0131ld\u0131. Y\u00fcre\u011finde insan sevgisi olmayan\u0131 adalara belediye ba\u015fkan\u0131 olarak se\u00e7meyeceksiniz &#8221;<\/p>\n<p style=\"text-align: justify;\"><strong>ADALARDAN BA\u011eCILAR&#8217;A <\/strong><br \/>\nAdalarda gereksiz kald\u0131r\u0131m yap\u0131ld\u0131\u011f\u0131n\u0131 kaydeden K\u0131l\u0131\u00e7daro\u011flu, &#8220;Otomobil yok, trafik yok. Niye kald\u0131r\u0131m s\u00f6k\u00fcp, kald\u0131r\u0131m yap\u0131yorlar ? Merak etmiyor musunuz&#8221; diye sordu. B\u00fcy\u00fckada ziyaretinin ard\u0131ndan adalar turuna son veren K\u0131l\u0131\u00e7daro\u011flu, deniz taksiye binerek Yenikap\u0131&#8217;ya gitti. Se\u00e7im \u00e7al\u0131\u015fmalar\u0131na devam etmek i\u00e7in Ba\u011fc\u0131lara ge\u00e7ti.\n<\/p>\n<p style=\"text-align: justify;\"><span style=\"color: #888888;\">Kaynak : Vatan Gazetesi<\/span><\/p>\n","protected":false},"excerpt":{"rendered":"<p style=\"text-align: justify;\">\n<p style=\"text-align: justify;\">Se\u00e7mene ne yan\u0131t verdi? <\/p>\n<p style=\"text-align: justify;\">CHP \u0130stanbul B\u00fcy\u00fck\u015fehir Belediye Ba\u015fkan aday\u0131 Kemal K\u0131l\u0131\u00e7daro\u011flu pazar g\u00fcn\u00fcn\u00fc adalar turuna ay\u0131rd\u0131. \u0130lk dura\u011f\u0131 K\u0131nal\u0131ada olan K\u0131l\u0131\u00e7taro\u011flu burada co\u015fkulu bir kalabal\u0131k taraf\u0131ndan kar\u015f\u0131land\u0131. Daha \u00f6nce CHP saflar\u0131na kat\u0131lan rum k\u00f6kenli gazeteci-yazar Raffi Aermonn ile konu\u015fan K\u0131l\u0131\u00e7daro\u011flu, Aedrmonn&#8217;un &#8220;ya sev ,ya terket mant\u0131\u011f\u0131n\u0131 <\/p>\n","protected":false},"author":1,"featured_media":0,"comment_status":"open","ping_status":"closed","sticky":false,"template":"","format":"standard","meta":{"footnotes":""},"categories":[105],"tags":[],"class_list":["post-4363","post","type-post","status-publish","format-standard","hentry","category-gundem","odd"],"_links":{"self":[{"href":"http:\/\/www.korhanyilmaz.com\/index.php?rest_route=\/wp\/v2\/posts\/4363","targetHints":{"allow":["GET"]}}],"collection":[{"href":"http:\/\/www.korhanyilmaz.com\/index.php?rest_route=\/wp\/v2\/posts"}],"about":[{"href":"http:\/\/www.korhanyilmaz.com\/index.php?rest_route=\/wp\/v2\/types\/post"}],"author":[{"embeddable":true,"href":"http:\/\/www.korhanyilmaz.com\/index.php?rest_route=\/wp\/v2\/users\/1"}],"replies":[{"embeddable":true,"href":"http:\/\/www.korhanyilmaz.com\/index.php?rest_route=%2Fwp%2Fv2%2Fcomments&post=4363"}],"version-history":[{"count":0,"href":"http:\/\/www.korhanyilmaz.com\/index.php?rest_route=\/wp\/v2\/posts\/4363\/revisions"}],"wp:attachment":[{"href":"http:\/\/www.korhanyilmaz.com\/index.php?rest_route=%2Fwp%2Fv2%2Fmedia&parent=4363"}],"wp:term":[{"taxonomy":"category","embeddable":true,"href":"http:\/\/www.korhanyilmaz.com\/index.php?rest_route=%2Fwp%2Fv2%2Fcategories&post=4363"},{"taxonomy":"post_tag","embeddable":true,"href":"http:\/\/www.korhanyilmaz.com\/index.php?rest_route=%2Fwp%2Fv2%2Ftags&post=4363"}],"curies":[{"name":"wp","href":"https:\/\/api.w.org\/{rel}","templated":true}]}}