{"id":43629,"date":"2011-11-30T17:03:37","date_gmt":"2011-11-30T15:03:37","guid":{"rendered":"http:\/\/www.korhanyilmaz.com\/?p=43629"},"modified":"2011-11-30T19:57:45","modified_gmt":"2011-11-30T17:57:45","slug":"balyoz-savcilarina-inceleme","status":"publish","type":"post","link":"http:\/\/www.korhanyilmaz.com\/?p=43629","title":{"rendered":"Balyoz savc\u0131lar\u0131na inceleme"},"content":{"rendered":"<p style=\"text-align: center;\"><a href=\"http:\/\/www.korhanyilmaz.com\/wp-content\/uploads\/2011\/11\/74161.jpg\"  class=\"lightview\"><img loading=\"lazy\" decoding=\"async\" class=\"aligncenter  wp-image-43630\" src=\"http:\/\/www.korhanyilmaz.com\/wp-content\/uploads\/2011\/11\/74161.jpg\" alt=\"\" width=\"416\" height=\"189\" \/><\/a><\/p>\n<p style=\"text-align: justify;\">\u00c7etin Do\u011fan\u2019\u0131n avukat\u0131 Celal \u00dclgen\u2019in \u015fikayeti \u00fczerine HSYK, 4 \u00f6zel yetkili savc\u0131 hakk\u0131nda inceleme ba\u015flatt\u0131.<\/p>\n<p style=\"text-align: justify;\">\u0130STANBUL- \u00c7etin Do\u011fan\u2019\u0131n avukat\u0131 Celal \u00dclgen\u2019in \u015fikayeti \u00fczerine HSYK, \u00f6zel yetkili savc\u0131lar Bilal Bayraktar, Mehmet Berk ile \u0130zmir Ba\u015fsavc\u0131 vekilli\u011fine atanan Ali Haydar ve \u00c7a\u011flayan Adliyesi\u2019ne atanan Mehmet Erg\u00fcl hakk\u0131nda inceleme ba\u015flatt\u0131. \u0130nceleme kapsam\u0131nda ilk olarak avukat Celal \u00dclgen\u2019in ifadesi al\u0131nd\u0131. \u00dclgen\u2019in m\u00fcfetti\u015fe verdi\u011fi ifadede, soru\u015fturmay\u0131 y\u00fcr\u00fcten savc\u0131lar\u0131 \u2018delilleri saklamak ve \u015f\u00fcphelilerin lehine olan delilleri toplamamakla\u2019 su\u00e7lad\u0131\u011f\u0131 belirtildi.\u00a0<!--more--><\/p>\n<p style=\"text-align: justify;\">Hakim ve Savc\u0131lar Y\u00fcksek Kurulu(HSYK), emekli Orgeneral \u00c7etin Do\u011fan\u2019\u0131n san\u0131klar\u0131 aras\u0131nda oldu\u011fu 1. Balyoz Soru\u015fturmas\u0131&#8217;n\u0131 y\u00fcr\u00fcten 4 savc\u0131 hakk\u0131nda inceleme ba\u015flatt\u0131. \u0130nceleme kapsam\u0131nda Be\u015fikta\u015f\u2019taki \u0130stanbul Adliyesi\u2019ne bir m\u00fcfetti\u015f g\u00f6revlendirildi.<\/p>\n<p style=\"text-align: justify;\"><strong>\u0130NCELEME KAPSAMINDA \u0130FADE ALINMAYA BA\u015eLANDI<\/strong><\/p>\n<p style=\"text-align: justify;\">\u00c7etin Do\u011fan\u2019\u0131n avukat\u0131 Celal \u00dclgen\u2019in \u015fikayeti \u00fczerine HSYK, \u00f6zel yetkili savc\u0131lar Bilal Bayraktar, Mehmet Berk ile \u0130zmir Ba\u015fsavc\u0131 vekilli\u011fine atanan Ali Haydar ve \u00c7a\u011flayan Adliyesi\u2019ne atanan Mehmet Erg\u00fcl hakk\u0131nda inceleme ba\u015flatt\u0131. Be\u015fikta\u015f\u2019taki \u0130stanbul Adliyesi\u2019ne gelen HSYK m\u00fcfetti\u015fi bug\u00fcn ifade almaya ba\u015flad\u0131.<\/p>\n<p style=\"text-align: justify;\"><strong>\u00c7ET\u0130N DO\u011eAN\u2019IN AVUKATI \u00dcLGEN \u0130FADE VERD\u0130<\/strong><\/p>\n<p style=\"text-align: justify;\">\u0130lk olarak ifadeyi \u2018delilleri saklad\u0131\u011f\u0131 ve lehe olan delilleri toplamad\u0131klar\u0131 gerek\u00e7esiyle savc\u0131lar\u0131 HSYK&#8217;ya \u015fikayet eden\u2019 avukat Celal \u00dclgen verdi. Yakla\u015f\u0131k 2 bu\u00e7uk saat m\u00fcfetti\u015flere \u2018\u015fikayet\u00e7i\u2019 s\u0131fat\u0131yla ifade veren \u00dclgen\u2019in, ifadesinde savc\u0131lar\u0131 \u2018delilleri saklamak ve \u015f\u00fcphelilerin lehine olan delilleri toplamamakla\u2019 su\u00e7lad\u0131\u011f\u0131 belirtildi.<\/p>\n<p style=\"text-align: justify;\"><strong>SAVUNMADAN VE MAHKEMEDEN DEL\u0130LLER\u0130 SAKLADILAR<\/strong><\/p>\n<p style=\"text-align: justify;\">Savc\u0131lar\u0131n iddianameyi haz\u0131rlarken bir k\u0131s\u0131m belgeleri g\u00f6rmemezlikten geldi\u011fini s\u00f6yledi\u011fi \u00f6\u011frenilen \u00dclgen\u2019in ifadesinde, \u201cHavalsen ve Aselsan\u2019dan gelen yaz\u0131lar g\u00f6rmezden gelindi. Bilirki\u015filere sormalar\u0131 gereken, ger\u00e7ekleri ortaya \u00e7\u0131karacak sorular sorulmad\u0131. Askeri Bilirki\u015fi raporunu dikkate almad\u0131lar. Raporlar aras\u0131ndaki \u00e7eli\u015fkiler giderilmeden iddianame haz\u0131rland\u0131. Savunmadan ve mahkemeden delilleri saklad\u0131lar&#8221; dedi\u011fi \u00f6\u011frenildi.<\/p>\n<p style=\"text-align: justify;\"><strong>\u00c7ET\u0130N DO\u011eAN\u2019IN AVUKATI ERS\u00d6Z \u0130FADE VERD\u0130<\/strong><\/p>\n<p style=\"text-align: justify;\">Bu inceleme kapsam\u0131nda avukat Celal \u00dclgen\u2019in ard\u0131ndan \u00c7etin Do\u011fan\u2019\u0131n avukat\u0131 H\u00fcseyin Ers\u00f6z de ifade verdi. \u00d6\u011fleden sonra Be\u015fikta\u015f\u2019taki \u0130stanbul Adliyesi\u2019ne gelen Ers\u00f6z, m\u00fcfetti\u015fe konu ile ilgili ifade verdi:<\/p>\n<p style=\"text-align: justify;\"><strong>SAVCILAR KASTEN G\u00d6REV\u0130N\u0130 YAPMADI<\/strong><\/p>\n<p style=\"text-align: justify;\">Avukat H\u00fcseyin Ers\u00f6z\u2019\u00fcn ifadesinde, m\u00fcvekkillerine isnat edilen su\u00e7lar\u0131n 11, 16 ve 17 nolu CD\u2019lerde kay\u0131tl\u0131 dijital dok\u00fcmanlara dayand\u0131\u011f\u0131n\u0131 hat\u0131rlatt\u0131 belirtildi. CD\u2019lerin olu\u015fturulma tarihinin T\u00dcB\u0130TAK, emniyet m\u00fcd\u00fcrl\u00fc\u011f\u00fc ve askeri bilirki\u015fi raporlar\u0131nda ortak olarak 2003 y\u0131l\u0131n\u0131n g\u00f6sterildi\u011fini kaydeden Ers\u00f6z\u2019\u00fcn, ifadesinde \u201cBu CD\u2019ler i\u00e7erisinde 2004-2009 y\u0131llar\u0131na ili\u015fkin bilgiler bulunmaktad\u0131r. Soru\u015fturma s\u0131ras\u0131nda bu husus savc\u0131l\u0131k makam\u0131na iletilmi\u015f ve savc\u0131l\u0131k bu dijital dok\u00fcmanlarda isimleri bulunan personelin hangi y\u0131llarda bu kurumlarda \u00e7al\u0131\u015ft\u0131\u011f\u0131n\u0131 ve baz\u0131 okul, Kur\u2019an kursu gibi kurulu\u015flar\u0131n da 2002-2003 y\u0131llar\u0131nda faaliyette bulunup bulunmad\u0131\u011f\u0131n\u0131 ara\u015ft\u0131rm\u0131\u015ft\u0131r&#8221; dedi\u011fi ifade edildi.<\/p>\n<p style=\"text-align: justify;\">Bu hususlar\u0131n m\u00fcvekkilleri lehine delil olu\u015fturan CD\u2019lerin 2003 y\u0131l\u0131ndan sonraki tarihte manip\u00fclasyon amac\u0131yla \u00fcretildi\u011fini g\u00f6sterdi\u011fini ileri s\u00fcren Ers\u00f6z\u2019\u00fcn ifadesinde, \u201cAncak \u015fikayet edilen savc\u0131lar bu bilgileri 6 klas\u00f6r halinde adli emanete kald\u0131rarak mahkemeden gizlemi\u015ftir. Bu bilgilere mahkeme a\u015famas\u0131nda adli emanetten celp edilerek ula\u015f\u0131lm\u0131\u015ft\u0131r&#8221; \u015feklinde ifadeler kulland\u0131\u011f\u0131 belirtildi. Ers\u00f6z\u2019\u00fcn savc\u0131lar\u0131n kasten g\u00f6revlerini yapmad\u0131\u011f\u0131n\u0131 ileri s\u00fcrd\u00fc\u011f\u00fc \u00f6\u011frenildi.<\/p>\n<p style=\"text-align: justify;\"><a href=\"http:\/\/www.gazeteport.com.tr\/haber\/65713\/balyoz_savcilarina_inceleme\" target=\"_blank\">Kaynak : GAZETEPORT<\/a><\/p>\n","protected":false},"excerpt":{"rendered":"<p style=\"text-align: center;\">\n<p style=\"text-align: justify;\">\u00c7etin Do\u011fan\u2019\u0131n avukat\u0131 Celal \u00dclgen\u2019in \u015fikayeti \u00fczerine HSYK, 4 \u00f6zel yetkili savc\u0131 hakk\u0131nda inceleme ba\u015flatt\u0131.<\/p>\n<p style=\"text-align: justify;\">\u0130STANBUL- \u00c7etin Do\u011fan\u2019\u0131n avukat\u0131 Celal \u00dclgen\u2019in \u015fikayeti \u00fczerine HSYK, \u00f6zel yetkili savc\u0131lar Bilal Bayraktar, Mehmet Berk ile \u0130zmir Ba\u015fsavc\u0131 vekilli\u011fine atanan Ali Haydar ve \u00c7a\u011flayan Adliyesi\u2019ne atanan Mehmet Erg\u00fcl hakk\u0131nda inceleme ba\u015flatt\u0131. \u0130nceleme <\/p>\n","protected":false},"author":1,"featured_media":0,"comment_status":"open","ping_status":"open","sticky":false,"template":"","format":"standard","meta":{"footnotes":""},"categories":[105],"tags":[],"class_list":["post-43629","post","type-post","status-publish","format-standard","hentry","category-gundem","odd"],"_links":{"self":[{"href":"http:\/\/www.korhanyilmaz.com\/index.php?rest_route=\/wp\/v2\/posts\/43629","targetHints":{"allow":["GET"]}}],"collection":[{"href":"http:\/\/www.korhanyilmaz.com\/index.php?rest_route=\/wp\/v2\/posts"}],"about":[{"href":"http:\/\/www.korhanyilmaz.com\/index.php?rest_route=\/wp\/v2\/types\/post"}],"author":[{"embeddable":true,"href":"http:\/\/www.korhanyilmaz.com\/index.php?rest_route=\/wp\/v2\/users\/1"}],"replies":[{"embeddable":true,"href":"http:\/\/www.korhanyilmaz.com\/index.php?rest_route=%2Fwp%2Fv2%2Fcomments&post=43629"}],"version-history":[{"count":0,"href":"http:\/\/www.korhanyilmaz.com\/index.php?rest_route=\/wp\/v2\/posts\/43629\/revisions"}],"wp:attachment":[{"href":"http:\/\/www.korhanyilmaz.com\/index.php?rest_route=%2Fwp%2Fv2%2Fmedia&parent=43629"}],"wp:term":[{"taxonomy":"category","embeddable":true,"href":"http:\/\/www.korhanyilmaz.com\/index.php?rest_route=%2Fwp%2Fv2%2Fcategories&post=43629"},{"taxonomy":"post_tag","embeddable":true,"href":"http:\/\/www.korhanyilmaz.com\/index.php?rest_route=%2Fwp%2Fv2%2Ftags&post=43629"}],"curies":[{"name":"wp","href":"https:\/\/api.w.org\/{rel}","templated":true}]}}