{"id":43625,"date":"2011-11-30T16:55:58","date_gmt":"2011-11-30T14:55:58","guid":{"rendered":"http:\/\/www.korhanyilmaz.com\/?p=43625"},"modified":"2011-11-30T18:08:47","modified_gmt":"2011-11-30T16:08:47","slug":"basbakanin-ameliyati-icin-tam-gun-yasasi-delindi","status":"publish","type":"post","link":"http:\/\/www.korhanyilmaz.com\/?p=43625","title":{"rendered":"&#8216;Ba\u015fbakan&#8217;\u0131n ameliyat\u0131 i\u00e7in tam g\u00fcn yasas\u0131 delindi&#8217;"},"content":{"rendered":"<p style=\"text-align: center;\"><a href=\"http:\/\/www.korhanyilmaz.com\/wp-content\/uploads\/2011\/11\/74151.jpg\"  class=\"lightview\"><img loading=\"lazy\" decoding=\"async\" class=\"aligncenter  wp-image-43626\" src=\"http:\/\/www.korhanyilmaz.com\/wp-content\/uploads\/2011\/11\/74151.jpg\" alt=\"\" width=\"360\" height=\"243\" \/><\/a><\/p>\n<p style=\"text-align: justify;\">CHP \u0130zmir Milletvekili Aytun \u00c7\u0131ray Ba\u015fbakan Tayyip Erdo\u011fan&#8217;\u0131n ameliyat\u0131n\u0131 kamudan ayr\u0131l\u0131p \u00f6zel hastaneye ge\u00e7en Prof. Dr. Dursun Bu\u011fra&#8217;n\u0131n yapmas\u0131n\u0131 &#8220;ironik&#8221; olarak nitelendirdi, &#8220;Bu ameliyat s\u0131ras\u0131nda olu\u015fturulan prosed\u00fcrle Tam G\u00fcn Yasas\u0131 delinmi\u015f oldu&#8221; dedi.<!--more--><\/p>\n<p style=\"text-align: justify;\">ANKARA &#8211; CHP\u2019li \u00c7\u0131ray, \u201cAKP\u2019nin sa\u011fl\u0131k politikalar\u0131n\u0131n iflas\u0131\u201d konulu bas\u0131n toplant\u0131s\u0131 d\u00fczenledi. Konu\u015fmas\u0131na Ba\u015fbakan Tayyip Erdo\u011fan\u2019a ge\u00e7mi\u015f olsun dile\u011finde bulunan \u00c7\u0131ray, bas\u0131n toplant\u0131s\u0131n\u0131 Ba\u015fbakan Erdo\u011fan\u2019\u0131n sa\u011fl\u0131\u011f\u0131yla ilgili de\u011fil, Ba\u015fbakan\u2019\u0131n sa\u011fl\u0131\u011f\u0131 i\u00e7in yap\u0131lanlar s\u0131ras\u0131nda ortaya \u00e7\u0131kan sa\u011fl\u0131k politikalar\u0131n\u0131n iflas\u0131yla ilgili oldu\u011funu s\u00f6yledi.<\/p>\n<p style=\"text-align: justify;\">Ba\u015fbakan Erdo\u011fan\u2019\u0131n ameliyat\u0131n\u0131 Prof. Dr. Dursun Bu\u011fra\u2019n\u0131n yapt\u0131\u011f\u0131n\u0131 ifade eden \u00c7\u0131ray, \u201cBu ameliyat s\u0131ras\u0131nda olu\u015fturulan prosed\u00fcrle millet iradesi baypas edilerek, Kanun H\u00fckm\u00fcnde Kararname ile \u00e7\u0131kart\u0131lan Tam G\u00fcn Yasas\u0131 delinmi\u015f oldu.\u201d dedi.<\/p>\n<p style=\"text-align: justify;\"><strong>&#8220;\u0130RON\u0130K B\u0130R TABLO&#8221;<\/strong><\/p>\n<p style=\"text-align: justify;\">Ba\u015fbakan Erdo\u011fan\u2019\u0131n ameliyat\u0131n\u0131n Marmara T\u0131p Fak\u00fcltesi\u2019nin uygulama hastanesi olan Pendik E\u011fitim Ara\u015ft\u0131rma Hastanesi\u2019nde yap\u0131ld\u0131\u011f\u0131n\u0131 hat\u0131rlatan \u00c7\u0131ray, \u201cBuras\u0131 bir kamu hastanesidir. Bu kamu hastanesine tam g\u00fcn yasas\u0131 nedeniyle kamudaki g\u00f6revini b\u0131rakm\u0131\u015f olan ve \u00f6zel Amerikan Hastanesi\u2019nde \u00e7al\u0131\u015fmaya ba\u015flam\u0131\u015f olan Say\u0131n Bu\u011fra\u2019n\u0131n \u00e7a\u011fr\u0131lm\u0131\u015f olmas\u0131 ve ameliyat\u0131 ger\u00e7ekle\u015ftirmesi ironik bir tablodur\u201d dedi.\u201cAKP tam g\u00fcn yasas\u0131na inanm\u0131yorsa neden \u00e7\u0131kartt\u0131\u201d diye soran \u00c7\u0131ray \u015f\u00f6yle devam etti:<\/p>\n<p style=\"text-align: justify;\">\u201c\u00c7\u0131kartt\u0131ysa sokaktaki vatanda\u015flar i\u00e7in mi \u00e7\u0131kard\u0131. T\u00fcrkiye Cumhuriyeti Ba\u015fbakan\u0131n sa\u011fl\u0131\u011f\u0131 i\u00e7in yap\u0131lan her \u015feyi destekleriz. Ama insan olan herkesin sa\u011fl\u0131\u011f\u0131 i\u00e7in de destekleriz. Sa\u011fl\u0131kta e\u015fit muamelenin insan hakk\u0131 oldu\u011funu d\u00fc\u015f\u00fcn\u00fcyoruz\u201d de\u011ferlendirmesinde bulundu.<\/p>\n<p style=\"text-align: justify;\"><strong>&#8220;HEK\u0130M SE\u00c7M\u0130 HAKKINDA \u00c7\u0130FTE STANDART UYGULANIYOR&#8221;<\/strong><\/p>\n<p style=\"text-align: justify;\">Tam g\u00fcn yasas\u0131 ile Sa\u011fl\u0131k Bakanl\u0131\u011f\u0131 hastanesi ve \u00fcniversitelerde \u00e7al\u0131\u015fan hekimlerin serbest \u00e7al\u0131\u015fma hakk\u0131n\u0131n elinden al\u0131nd\u0131\u011f\u0131n\u0131 dile getiren \u00c7\u0131ray, \u201cBa\u015fbakan\u2019a \u00f6zel hastaneden bir hekim getirerek tam g\u00fcn yasas\u0131na ayk\u0131r\u0131 tutumda bulunuldu. Bu sadece Tam G\u00fcn Yasas\u0131\u2019n\u0131n ihlali de\u011fildir. \u0130nsanlar\u0131n hekim se\u00e7me haklar\u0131 temel hakt\u0131r. Ba\u015fbakan ve yak\u0131nlar\u0131 Prof. Dr. Bu\u011fra\u2019y\u0131 \u00e7a\u011f\u0131rarak bu hakk\u0131 kulland\u0131. Bunu destekliyoruz ama AKP\u2019nin sa\u011fl\u0131k politikalar\u0131 ile vatanda\u015f\u0131n hekim se\u00e7me hakk\u0131 elinden al\u0131nm\u0131\u015ft\u0131r bu \u00e7ifte standartt\u0131r. Bu ne t\u0131bben ne de insani olarak ahlaka uygun de\u011fildir\u201d dedi.<\/p>\n<p style=\"text-align: justify;\"><strong>&#8220;BA\u015eBAKAN&#8217;I AMEL\u0130YAT EDEN HEK\u0130M TAM G\u00dcN&#8217;E G\u00d6RE CEZA ALACAK MI?&#8221;<\/strong><\/p>\n<p style=\"text-align: justify;\">Ba\u015fbakan Erdo\u011fan\u2019\u0131n ameliyat oldu\u011funu hastanenin s\u0131radan bir hastane olmad\u0131\u011f\u0131n\u0131 s\u00f6yleyen \u00c7\u0131ray b\u00fct\u00fcn cerrahlar\u0131n bu ameliyat\u0131 yapabilece\u011fini belirterek, Pendik hastanesinde bu ameliyat\u0131 yapacak hekim bulunamad\u0131 da ba\u015fka hastaneden hekim getirildi\u201d diye sordu. Ya\u015fanan olay\u0131n AKP sa\u011fl\u0131k politikalar\u0131n\u0131n bir balon oldu\u011funu ortaya koydu\u011funu ileri s\u00fcren \u00c7\u0131ray, \u201cyasaya kar\u015f\u0131n kamu hastanesinde ameliyat yapan hekime nas\u0131l bir cezai i\u015flem yap\u0131lmas\u0131 gerekti\u011fiyle ilgili soruya, \u201cEn az\u0131ndan g\u00f6revi k\u00f6t\u00fcye kullanmak\u2026 Tam G\u00fcn Yasas\u0131\u2019na uymaman\u0131n yapt\u0131r\u0131m\u0131 ne ise burada yapt\u0131r\u0131m da ayn\u0131 hukuki sonucu do\u011furur\u201d dedi.<\/p>\n<p style=\"text-align: justify;\">Gazeteci Serpil \u00c7olak\u2019\u0131n beynindeki baloncuk nedeniyle olaca\u011f\u0131 ameliyata Tam G\u00fcn Yasas\u0131 nedeniyle hekiminin giremedi\u011fi \u00f6rne\u011fini de hat\u0131rlatarak bu uygulamay\u0131 ikiy\u00fczl\u00fcl\u00fck olarak nitelendirdi.<\/p>\n<p style=\"text-align: justify;\"><a href=\"http:\/\/www.radikal.com.tr\/Radikal.aspx?aType=RadikalDetayV3&amp;ArticleID=1071117&amp;Date=30.11.2011&amp;CategoryID=78\" target=\"_blank\">Kaynak : Radikal.com.tr<\/a><\/p>\n","protected":false},"excerpt":{"rendered":"<p style=\"text-align: center;\">\n<p style=\"text-align: justify;\">CHP \u0130zmir Milletvekili Aytun \u00c7\u0131ray Ba\u015fbakan Tayyip Erdo\u011fan&#8217;\u0131n ameliyat\u0131n\u0131 kamudan ayr\u0131l\u0131p \u00f6zel hastaneye ge\u00e7en Prof. Dr. Dursun Bu\u011fra&#8217;n\u0131n yapmas\u0131n\u0131 &#8220;ironik&#8221; olarak nitelendirdi, &#8220;Bu ameliyat s\u0131ras\u0131nda olu\u015fturulan prosed\u00fcrle Tam G\u00fcn Yasas\u0131 delinmi\u015f oldu&#8221; dedi.<\/p>\n","protected":false},"author":1,"featured_media":0,"comment_status":"open","ping_status":"open","sticky":false,"template":"","format":"standard","meta":{"footnotes":""},"categories":[105],"tags":[],"class_list":["post-43625","post","type-post","status-publish","format-standard","hentry","category-gundem","odd"],"_links":{"self":[{"href":"http:\/\/www.korhanyilmaz.com\/index.php?rest_route=\/wp\/v2\/posts\/43625","targetHints":{"allow":["GET"]}}],"collection":[{"href":"http:\/\/www.korhanyilmaz.com\/index.php?rest_route=\/wp\/v2\/posts"}],"about":[{"href":"http:\/\/www.korhanyilmaz.com\/index.php?rest_route=\/wp\/v2\/types\/post"}],"author":[{"embeddable":true,"href":"http:\/\/www.korhanyilmaz.com\/index.php?rest_route=\/wp\/v2\/users\/1"}],"replies":[{"embeddable":true,"href":"http:\/\/www.korhanyilmaz.com\/index.php?rest_route=%2Fwp%2Fv2%2Fcomments&post=43625"}],"version-history":[{"count":0,"href":"http:\/\/www.korhanyilmaz.com\/index.php?rest_route=\/wp\/v2\/posts\/43625\/revisions"}],"wp:attachment":[{"href":"http:\/\/www.korhanyilmaz.com\/index.php?rest_route=%2Fwp%2Fv2%2Fmedia&parent=43625"}],"wp:term":[{"taxonomy":"category","embeddable":true,"href":"http:\/\/www.korhanyilmaz.com\/index.php?rest_route=%2Fwp%2Fv2%2Fcategories&post=43625"},{"taxonomy":"post_tag","embeddable":true,"href":"http:\/\/www.korhanyilmaz.com\/index.php?rest_route=%2Fwp%2Fv2%2Ftags&post=43625"}],"curies":[{"name":"wp","href":"https:\/\/api.w.org\/{rel}","templated":true}]}}