{"id":43621,"date":"2011-11-30T17:59:21","date_gmt":"2011-11-30T15:59:21","guid":{"rendered":"http:\/\/www.korhanyilmaz.com\/?p=43621"},"modified":"2011-11-30T18:04:43","modified_gmt":"2011-11-30T16:04:43","slug":"ince-kendileri-otoban-kapatiyor","status":"publish","type":"post","link":"http:\/\/www.korhanyilmaz.com\/?p=43621","title":{"rendered":"\u0130nce: &#8220;Kendileri otoban kapat\u0131yor&#8221;"},"content":{"rendered":"<p style=\"text-align: justify;\"><a href=\"http:\/\/www.korhanyilmaz.com\/wp-content\/uploads\/2011\/11\/74141.jpg\"  class=\"lightview\"><img loading=\"lazy\" decoding=\"async\" class=\"aligncenter size-full wp-image-43622\" title=\"\" src=\"http:\/\/www.korhanyilmaz.com\/wp-content\/uploads\/2011\/11\/74141.jpg\" alt=\"\" width=\"312\" height=\"215\" \/><\/a><\/p>\n<p style=\"text-align: justify;\">AK Parti Genel Ba\u015fkan Yard\u0131mc\u0131s\u0131 H\u00fcseyin \u00c7elik&#8217;in &#8220;izinsiz konu\u015fma yap\u0131p, trafi\u011fi aksatt\u0131\u011f\u0131 i\u00e7in&#8221; hakk\u0131nda yarg\u0131 taraf\u0131ndan fezleke d\u00fczenlendi\u011fini s\u00f6yledi\u011fi CHP Grup Ba\u015fkanvekili Muharrem \u0130nce yan\u0131t verdi: &#8220;Kendileri i\u00e7in otoban kapat\u0131yorlar, u\u00e7ak bekletiyorlar!&#8221;\u00a0<!--more--><\/p>\n<p style=\"text-align: justify;\">CHP Grup Ba\u015fkan Vekili \u0130nce, Ak Parti Genel Ba\u015fkan Yard\u0131mc\u0131s\u0131 H\u00fcseyin \u00c7elik&#8217;in bug\u00fcn yapt\u0131\u011f\u0131 bas\u0131n toplant\u0131s\u0131nda &#8220;CHP Grup Ba\u015fkanvekili Yalova&#8217;da H\u00fck\u00fcmet Meydan\u0131&#8217;nda izinsiz bir konu\u015fma yap\u0131yor. Yarg\u0131n\u0131n iddias\u0131; trafi\u011fi aksat\u0131yor, engelliyor. Kendisine soru\u015fturma a\u00e7\u0131l\u0131yor, para cezas\u0131 veriliyor ve bununla ilgili de Adalet Bakanl\u0131\u011f\u0131&#8217;na yaz\u0131 yaz\u0131l\u0131yor. Se\u00e7im Kanunu&#8217;na muhalefetten. Say\u0131n K\u0131l\u0131\u00e7daro\u011flu &#8216;H\u00fck\u00fcmeti ele\u015ftirdi\u011fi i\u00e7in&#8217; diyor. Bu da yalan&#8221; s\u00f6zlerine \u0130zmir&#8217;den yan\u0131t verdi.<\/p>\n<p style=\"text-align: justify;\">&#8220;Balbay i\u00e7in 1000 karanfil&#8221; etkinli\u011finin ard\u0131ndan gazetecilere a\u00e7\u0131klama yapan \u0130nce, &#8220;Trafi\u011fi aksatt\u0131\u011f\u0131m ve h\u00fck\u00fcmeti ele\u015ftirdi\u011fim i\u00e7in bana fezleke d\u00fczenlenmi\u015f. Bu AKP&#8217;nin geldi\u011fi son noktad\u0131r. Ankara&#8217;ya d\u00f6ner d\u00f6nmez H\u00fcseyin \u00c7elik&#8217;e fezlekeyi g\u00f6nderece\u011fim. Kendisi g\u00f6rs\u00fcn, okusun. Kendileri i\u00e7in otoban kapat\u0131yorlar, u\u00e7ak bekletiyorlar&#8221; dedi.<\/p>\n<p style=\"text-align: justify;\">\u00c7elik&#8217;in a\u00e7\u0131klamalar\u0131n\u0131n do\u011fru olmad\u0131\u011f\u0131n\u0131 s\u00f6yleyen \u0130nce, \u015funlar\u0131 s\u00f6yledi:<\/p>\n<p style=\"text-align: justify;\">&#8220;H\u00fcseyin \u00c7elik yalan oldu\u011funu benim o d\u00f6nemde grup ba\u015fkan vekili olmad\u0131\u011f\u0131m\u0131 s\u00f6ylemi\u015f. Ben o zaman grup ba\u015fkanvekiliydim. Olmasam da \u00f6nemli de\u011fil, milletvekiliydim. Ama grup ba\u015fkanvekili oldu\u011fum y\u00fczde 100. Trafi\u011fi aksatt\u0131\u011f\u0131m ve h\u00fck\u00fcmeti ele\u015ftirdi\u011fim i\u00e7in bana fezleke d\u00fczenlenmi\u015f. Bu AKP&#8217;nin geldi\u011fi son noktad\u0131r. Ankara&#8217;ya d\u00f6ner d\u00f6nmez H\u00fcseyin \u00c7elik&#8217;e fezlekeyi g\u00f6nderece\u011fim. Kendisi g\u00f6rs\u00fcn, okusun. Kendileri i\u00e7in otoban kapat\u0131yorr, u\u00e7ak bekletiyorlar. CHP&#8217;nin milletvekili grup ba\u015fkanvekili Sakarya&#8217;ya gidiyor, konu\u015fma yap\u0131yor. H\u00fck\u00fcmet ele\u015ftirmi\u015fim o y\u00fczden bana dava a\u00e7\u0131yorlar. Ben o fezlekeyi getirdim Meclis Ba\u015fkanl\u0131\u011f\u0131&#8217;nda k\u00fcrs\u00fcde y\u0131rtt\u0131m. Ben \u00f6yle bir fezlekeyi tan\u0131m\u0131yordum. B\u00f6yle hukuk, adalet olmaz. Bunlara boyun e\u011fece\u011fimizi d\u00fc\u015f\u00fcn\u00fcyorlarsa yan\u0131l\u0131yorlar. Asla boyun e\u011fmeyece\u011fiz. Sonuna kadar direnece\u011fiz. Biz kazanaca\u011f\u0131z, hakl\u0131 \u00e7\u0131kaca\u011f\u0131z ve bunun hesab\u0131n\u0131 soraca\u011f\u0131z. H\u00fcseyin \u00c7elik de do\u011frular\u0131 konu\u015fsun.&#8221;<\/p>\n<p style=\"text-align: justify;\">\u0130zmir B\u00fcy\u00fck\u015fehir Belediyesine y\u00f6nelik operasyonla ilgili olarak da \u0130nce, &#8220;Bu AKP&#8217;nin yerel se\u00e7imi ba\u015flatt\u0131\u011f\u0131n\u0131n i\u015faretidir. Sand\u0131kta alamad\u0131lar \u0130zmir&#8217;i savc\u0131yla almaya \u00e7al\u0131\u015f\u0131yorlar ama \u0130zmirliler buna izin vermeyecektir&#8221; dedi.<\/p>\n<p style=\"text-align: justify;\"><strong>\u00c7elik&#8217;e G\u00fcrsel Tekin&#8217;den de yan\u0131t\u00a0<\/strong><\/p>\n<p style=\"text-align: justify;\">H\u00fcseyin \u00c7elik&#8217;in a\u00e7\u0131klamalar\u0131na bir yan\u0131t da CHP Genel Ba\u015fkan Yard\u0131mc\u0131s\u0131 G\u00fcrsel Tekin&#8217;den geldi. Tekin, &#8220;Tarihimizden korkmuyoruz. O d\u00f6neme (Dersim olaylar\u0131) CHP tarihi demenin cahillik oldu\u011funu \u00e7ok iyi biliyor ve g\u00fcnah\u0131yla da sevab\u0131yla da tarihimize sahip \u00e7\u0131k\u0131yoruz&#8221; ifadesini kulland\u0131.<\/p>\n<p style=\"text-align: justify;\">Tekin, yapt\u0131\u011f\u0131 yaz\u0131l\u0131 a\u00e7\u0131klamada, AK Parti Genel Ba\u015fkan Yard\u0131mc\u0131s\u0131 H\u00fcseyin \u00c7elik&#8217;in bug\u00fcn yapt\u0131\u011f\u0131 bas\u0131n toplant\u0131s\u0131nda, &#8220;Bizim kitab\u0131m\u0131zda soy sop milliyet\u00e7ili\u011fi yapmak, onun bunun soyuyla, sopuyla, diniyle, mezhebiyle ilgilenmek yoktur&#8221; dedi\u011fini hat\u0131rlatt\u0131.<\/p>\n<p style=\"text-align: justify;\">\u00c7elik&#8217;in, &#8220;kendine kar\u015f\u0131 d\u00fcr\u00fcst olmayan bir liderin, halk\u0131na kar\u015f\u0131 da d\u00fcr\u00fcst olamayaca\u011f\u0131n\u0131&#8221; belirtti\u011fini ifade eden Tekin, &#8220;Biz de tam bunu s\u00f6yl\u00fcyor ve ekliyoruz. Ba\u015fbakan d\u00fcr\u00fcst de\u011fil, hem kendine kar\u015f\u0131 hem halka kar\u015f\u0131 hem de milletimize kar\u015f\u0131 d\u00fcr\u00fcst de\u011fil. Ba\u015fbakan ayr\u0131l\u0131k\u00e7\u0131. Ba\u015fbakan, mezhep ayr\u0131mc\u0131l\u0131\u011f\u0131 yap\u0131yor, mezhep ayr\u0131mc\u0131l\u0131\u011f\u0131ndan rant elde etmek istiyor. Oy i\u00e7in etle t\u0131rnak olmu\u015f milletimizi b\u00f6l\u00fcyor&#8221; g\u00f6r\u00fc\u015f\u00fcn\u00fc savundu.<\/p>\n<p style=\"text-align: justify;\">H\u00fcseyin \u00c7elik&#8217;in &#8220;Soy, sop milliyet\u00e7ili\u011fi yapmay\u0131, en hafifinden basitlik ve hafiflik olarak kabul ederiz&#8221; s\u00f6zlerine i\u015faret eden Tekin, \u015funlar\u0131 kaydetti:<\/p>\n<p style=\"text-align: justify;\">&#8220;O zaman ne duruyorsun say\u0131n \u00c7elik, cesaretin varsa git, Genel Ba\u015fkan\u0131na, &#8216;bizim yapt\u0131\u011f\u0131m\u0131z basitliktir ve hafifliktir&#8217; de. \u00c7\u00fcnk\u00fc a\u00e7\u0131klamalar\u0131n\u0131z soy, sop, din, mezhep temeli \u00fczerine kurulu. Biz, say\u0131n Ba\u015fbakan&#8217;\u0131n da AKP y\u00f6neticilerinin de yaras\u0131n\u0131n Cumhuriyet yaras\u0131 oldu\u011funu ve as\u0131l Cumhuriyet d\u00f6nemiyle hesapla\u015fmak istediklerini \u00e7ok iyi biliyoruz. Onlar sinsice faaliyet g\u00f6sterirken biz a\u00e7\u0131k a\u00e7\u0131k diyoruz ki tarihimizden korkmuyoruz. O d\u00f6neme CHP tarihi demenin cahillik oldu\u011funu \u00e7ok iyi biliyor ve g\u00fcnah\u0131yla da sevab\u0131yla da tarihimize sahip \u00e7\u0131k\u0131yoruz. Diyoruz ki k\u00f6k\u00fc Kuva\u0131milliye&#8217;ye, Kurtulu\u015f Sava\u015f\u0131&#8217;na uzanan ge\u00e7mi\u015fimiz hepimizindir.&#8221;<\/p>\n<p style=\"text-align: justify;\">Kendilerinin &#8220;g\u00f6mlek de\u011fi\u015ftirenlerden&#8221; olmad\u0131\u011f\u0131n\u0131 kaydeden Tekin, &#8220;Biz 12 Eyl\u00fcl&#8217;\u00fcn nemas\u0131n\u0131 toplayan ve 12 Eyl\u00fclc\u00fclerin izinden giderek T\u00fcrkiye&#8217;yi korku imparatorlu\u011funa \u00e7evirenlerden, \u00f6zel mahkemelerle Silivri toplama kamp\u0131 kuranlardan hi\u00e7 de\u011filiz&#8221; ifadesini kulland\u0131.<\/p>\n<p style=\"text-align: justify;\">Tekin, CHP Genel Ba\u015fkan\u0131 Kemal K\u0131l\u0131\u00e7daro\u011flu&#8217;nun s\u00f6zleriyle Ba\u015fbakan Erdo\u011fan&#8217;a seslendi\u011fini belirterek, a\u00e7\u0131klamas\u0131n\u0131, &#8220;\u0130nsanlar\u0131n soyu sopu, inanc\u0131 ve mezhebiyle u\u011fra\u015fma. Milletimizi ayr\u0131\u015ft\u0131rmaya de\u011fil kayna\u015ft\u0131rmaya \u00e7al\u0131\u015f\u0131n&#8221; c\u00fcmlesiyle tamamlad\u0131.<\/p>\n<p style=\"text-align: justify;\"><a href=\"http:\/\/www.cnnturk.com\/2011\/turkiye\/11\/30\/ince.kendileri.otoban.kapatiyor\/638740.0\/index.html\" target=\"_blank\">Kaynak : CNN T\u00dcRK<\/a><\/p>\n","protected":false},"excerpt":{"rendered":"<p style=\"text-align: justify;\">\n<p style=\"text-align: justify;\">AK Parti Genel Ba\u015fkan Yard\u0131mc\u0131s\u0131 H\u00fcseyin \u00c7elik&#8217;in &#8220;izinsiz konu\u015fma yap\u0131p, trafi\u011fi aksatt\u0131\u011f\u0131 i\u00e7in&#8221; hakk\u0131nda yarg\u0131 taraf\u0131ndan fezleke d\u00fczenlendi\u011fini s\u00f6yledi\u011fi CHP Grup Ba\u015fkanvekili Muharrem \u0130nce yan\u0131t verdi: &#8220;Kendileri i\u00e7in otoban kapat\u0131yorlar, u\u00e7ak bekletiyorlar!&#8221; <\/p>\n","protected":false},"author":1,"featured_media":0,"comment_status":"open","ping_status":"open","sticky":false,"template":"","format":"standard","meta":{"footnotes":""},"categories":[105],"tags":[],"class_list":["post-43621","post","type-post","status-publish","format-standard","hentry","category-gundem","odd"],"_links":{"self":[{"href":"http:\/\/www.korhanyilmaz.com\/index.php?rest_route=\/wp\/v2\/posts\/43621","targetHints":{"allow":["GET"]}}],"collection":[{"href":"http:\/\/www.korhanyilmaz.com\/index.php?rest_route=\/wp\/v2\/posts"}],"about":[{"href":"http:\/\/www.korhanyilmaz.com\/index.php?rest_route=\/wp\/v2\/types\/post"}],"author":[{"embeddable":true,"href":"http:\/\/www.korhanyilmaz.com\/index.php?rest_route=\/wp\/v2\/users\/1"}],"replies":[{"embeddable":true,"href":"http:\/\/www.korhanyilmaz.com\/index.php?rest_route=%2Fwp%2Fv2%2Fcomments&post=43621"}],"version-history":[{"count":0,"href":"http:\/\/www.korhanyilmaz.com\/index.php?rest_route=\/wp\/v2\/posts\/43621\/revisions"}],"wp:attachment":[{"href":"http:\/\/www.korhanyilmaz.com\/index.php?rest_route=%2Fwp%2Fv2%2Fmedia&parent=43621"}],"wp:term":[{"taxonomy":"category","embeddable":true,"href":"http:\/\/www.korhanyilmaz.com\/index.php?rest_route=%2Fwp%2Fv2%2Fcategories&post=43621"},{"taxonomy":"post_tag","embeddable":true,"href":"http:\/\/www.korhanyilmaz.com\/index.php?rest_route=%2Fwp%2Fv2%2Ftags&post=43621"}],"curies":[{"name":"wp","href":"https:\/\/api.w.org\/{rel}","templated":true}]}}