{"id":43617,"date":"2011-11-30T16:34:39","date_gmt":"2011-11-30T14:34:39","guid":{"rendered":"http:\/\/www.korhanyilmaz.com\/?p=43617"},"modified":"2011-11-30T18:00:13","modified_gmt":"2011-11-30T16:00:13","slug":"topkapi-sarayinda-catisma","status":"publish","type":"post","link":"http:\/\/www.korhanyilmaz.com\/?p=43617","title":{"rendered":"Topkap\u0131 Saray\u0131&#8217;nda \u00e7at\u0131\u015fma"},"content":{"rendered":"<p style=\"text-align: justify;\"><a href=\"http:\/\/www.korhanyilmaz.com\/wp-content\/uploads\/2011\/11\/74131.jpg\"  class=\"lightview\"><img loading=\"lazy\" decoding=\"async\" class=\"aligncenter size-full wp-image-43618\" title=\"\" src=\"http:\/\/www.korhanyilmaz.com\/wp-content\/uploads\/2011\/11\/74131.jpg\" alt=\"\" width=\"292\" height=\"224\" \/><\/a><\/p>\n<p style=\"text-align: justify;\">Topkap\u0131 Saray\u0131&#8217;na gelen silahl\u0131 bir ki\u015fi etrafa rastgele ate\u015f a\u00e7t\u0131. Olayda 2 ki\u015fi yaraland\u0131. Yakla\u015f\u0131k 1 saat s\u00fcren \u00e7at\u0131\u015fma sonras\u0131nda sald\u0131rgan \u00f6ld\u00fcr\u00fcld\u00fc. Sald\u0131rgan\u0131n Libya uyruklu 36 ya\u015f\u0131ndaki Samir Salem Ali Elmadhavri oldu\u011fu ve T\u00fcrkiye&#8217;ye 27 Kas\u0131m&#8217;da giri\u015f yapt\u0131\u011f\u0131 tespit edildi.<!--more--><\/p>\n<p style=\"text-align: justify;\">Topkap\u0131 Saray\u0131&#8217;n\u0131n \u00f6n\u00fcne gelen silahl\u0131 bir ki\u015fi etrafa ate\u015f a\u00e7t\u0131. \u0130lk ate\u015f s\u0131ras\u0131nda \u00f6zel g\u00fcvenlik g\u00f6revlisi Mehmet Ball\u0131c\u0131 (34) ile saray giri\u015finde n\u00f6bet tutan jandarma eri \u015eerafettin Eray Top\u00e7u (23) yaraland\u0131. Polis \u00e7evrede geni\u015f g\u00fcvenlik \u00f6nlemleri al\u0131rken \u00e7at\u0131\u015fma saray\u0131n i\u00e7inde yakla\u015f\u0131k bir saat s\u00fcren \u00e7at\u0131\u015fman\u0131n ard\u0131ndan sald\u0131rgan \u00f6l\u00fc ele ge\u00e7irildi.<\/p>\n<p style=\"text-align: justify;\"><strong>&#8220;Arap\u00e7a bir\u015feyler s\u00f6yledi&#8221;\u00a0<\/strong><\/p>\n<p style=\"text-align: justify;\">CNN T\u00dcRK canl\u0131 yay\u0131n\u0131na kat\u0131lan bir g\u00f6rg\u00fc tan\u0131\u011f\u0131 ise \u015funlar\u0131 anlatt\u0131: \u201c09.45 sular\u0131nda Ayasofya taraf\u0131nda kald\u0131r\u0131mda y\u00fcr\u00fcyorduk. \u00c7e\u015fmenin oraya gelmeden patlama sesleri duyduk. Lastik patlama sand\u0131k. Sonra bakt\u0131k ki kap\u0131daki asker yerdeydi. Oras\u0131 kar\u0131\u015ft\u0131. G\u00f6rd\u00fc\u011f\u00fcm kadar\u0131yla omzunda silah vard\u0131. Mermi kemeri vard\u0131 \u00fczerinde. Herkes ka\u00e7\u0131\u015fmaya ba\u015flad\u0131. \u00c7ok a\u015f\u0131r\u0131 bir kalabal\u0131k yoktu yollarda. Polis ara\u00e7lar\u0131 geldi hemen. Biz \u00e7ok k\u0131sa s\u00fcrede en az 10 kez silah sesi duyduk. Saray i\u00e7ine girdi san\u0131r\u0131m.<\/p>\n<p style=\"text-align: justify;\">O sald\u0131rgan daha ate\u015f etmeden \u00f6nce kald\u0131r\u0131mda y\u00fcr\u00fcyordu, biz de dikkat etmedik. Elinde t\u00fcfekle y\u00fcr\u00fcyormu\u015f. Grup i\u00e7inde biri g\u00f6rd\u00fc. Ama dikkatimizi \u00e7ekmedi. Sald\u0131rgan zay\u0131ft\u0131.\u201d<\/p>\n<p style=\"text-align: justify;\"><strong>Yaral\u0131lar hastanede\u00a0<\/strong><\/p>\n<p style=\"text-align: justify;\">Sultanahmet&#8217;te silahl\u0131 ki\u015finin a\u00e7t\u0131\u011f\u0131 ate\u015f sonucu yaralanan 2 ki\u015fi hastaneye getirildi. Yaral\u0131 asker, \u00c7apa T\u0131p Fak\u00fcltesi hastanesine kald\u0131r\u0131ld\u0131. Otopark g\u00f6revlisi oldu\u011fu belirtilen bir ki\u015fi ise Haseki E\u011fitim ve Ara\u015ft\u0131rma Hastanesi&#8217;ne getirildi.<\/p>\n<p style=\"text-align: justify;\"><strong>Vali: &#8220;Adi, tamamen ki\u015fisel bir eylem&#8221;\u00a0<\/strong><\/p>\n<p style=\"text-align: justify;\">\u0130stanbul Valisi H\u00fcseyin Avni Mutlu \u00e7at\u0131\u015fman\u0131n ard\u0131ndan yapt\u0131\u011f\u0131 a\u00e7\u0131klamada, &#8220;(Sald\u0131rgan\u0131n) Verdi\u011fi herhangi bir mesaj\u0131n olmamas\u0131 nedeniyle adi, tamamen ki\u015fisel bir eylem arzusunda oldu\u011funu de\u011ferlendiriyoruz&#8221; dedi.<\/p>\n<p style=\"text-align: justify;\">Sultanahmet&#8217;te bir ki\u015finin ate\u015f a\u00e7mas\u0131 sonucu 2 ki\u015finin yaralanmas\u0131na olay\u0131na ili\u015fkin bas\u0131na a\u00e7\u0131klamada bulunan \u0130stanbul Valisi H\u00fcseyin Avni Mutlu, emniyet birimlerinin s\u00fcratle bu vakaya m\u00fcdahale etti\u011fini s\u00f6yledi. Mutlu, gerekli emniyet tedbirlerinin al\u0131nmas\u0131ndan sonra, ilgili \u015fah\u0131sa teslim olmas\u0131 y\u00f6n\u00fcnde uyar\u0131lar yap\u0131lmas\u0131n\u0131n ard\u0131ndan m\u00fcdahalede bulunuldu\u011funu belirterek, \u015funlar\u0131 kaydetti:<\/p>\n<p style=\"text-align: justify;\">&#8220;Netice itibariyle silahl\u0131 olan zanl\u0131 \u00f6l\u00fc olarak ele ge\u00e7irildi. Daha \u00f6ncede ifade etti\u011fimiz gibi kimli\u011fi \u00fczerinde \u00e7al\u0131\u015faca\u011f\u0131z. Bu konu netle\u015fmeden size bilgi veremeyiz. Bizim de\u011ferlendirmemiz, verdi\u011fi herhangi bir mesaj\u0131n olmamas\u0131 nedeniyle adi, tamamen ki\u015fisel bir eylem arzusunda oldu\u011funu de\u011ferlendiriyoruz. Ba\u015flang\u0131\u00e7ta elinde pompal\u0131 t\u00fcfek mevcut. Bununla kap\u0131daki \u00f6zel g\u00fcvenlik g\u00f6revlisini ve askerimizi yaral\u0131yor. \u00d6zel g\u00fcvenlik g\u00f6revlimizin yaras\u0131 biraz daha a\u011f\u0131r, ama n\u00f6bet\u00e7i asker personelimizin durumu iyi. Onlarla ilgili \u00fcmit ediyoruz \u00fcz\u00fcc\u00fc bir hadise olmayacakt\u0131r. \u015eu anda emniyet g\u00fc\u00e7lerimiz bu operasyonu tamamlad\u0131lar. Onlara te\u015fekk\u00fcr ediyorum. Bundan sonraki k\u0131s\u0131m ilgili \u015fahs\u0131n kimli\u011fini belirlememiz. Bunu da s\u00fcratle tespit ederek size a\u00e7\u0131klayaca\u011f\u0131z.&#8221;<\/p>\n<p style=\"text-align: justify;\">Zanl\u0131n\u0131n Arap k\u00f6kenli oldu\u011funa ili\u015fkin bir soru \u00fczerine Mutlu, bu konuda \u015fuanda net bir \u015fey s\u00f6ylemek istemedi\u011fini, netle\u015fmeden bilgi vermenin yanl\u0131\u015f olaca\u011f\u0131n\u0131 kaydetti.<\/p>\n<p style=\"text-align: justify;\"><strong>Vali Mutlu: &#8220;Teslim olmayaca\u011f\u0131 anla\u015f\u0131ld\u0131&#8221;\u00a0<\/strong><\/p>\n<p style=\"text-align: justify;\">Olay s\u0131ras\u0131nda sald\u0131rganla diyalo\u011fa girilip, girilmedi\u011finin sorulmas\u0131 \u00fczerine Mutlu, &#8220;Teslim olmas\u0131n\u0131 s\u00f6yledik, ama teslim olmamakta kararl\u0131 g\u00f6r\u00fcn\u00fcnce de gerekli m\u00fcdahale yap\u0131ld\u0131. Kendisine teslim olmas\u0131 \u00e7a\u011fr\u0131s\u0131 yap\u0131ld\u0131&#8221; dedi.<\/p>\n<p style=\"text-align: justify;\"><strong>\u0130\u00e7i\u015fleri Bakan\u0131 \u015eahin: &#8220;Libya uyruklu, 27 Kas\u0131m&#8217;da T\u00fcrkiye&#8217;ye giri\u015f yapm\u0131\u015f&#8221;\u00a0<\/strong><\/p>\n<p style=\"text-align: justify;\">\u0130\u00e7i\u015fleri Bakan\u0131 \u0130dris Naim \u015eahin de \u0130stanbul Valisi H\u00fcseyin Avni Mutlu&#8217;yu ziyaretinin \u00f6ncesinde ger\u00e7ekle\u015fen olaya ili\u015fkin, &#8220;Sultanahmet&#8217;te k\u00fc\u00e7\u00fck bir olay cereyan etti. Takibini arkada\u015flar\u0131m\u0131z ger\u00e7ekle\u015ftirdiler. Daha ayr\u0131nt\u0131l\u0131 bilgiyi say\u0131n Valimiz, \u0130l Emniyet M\u00fcd\u00fcr\u00fcyle birlikte verecek&#8221; dedi.<\/p>\n<p style=\"text-align: justify;\"><strong>Ziyaret daha sonra bas\u0131na kapal\u0131 yap\u0131ld\u0131.\u00a0<\/strong><\/p>\n<p style=\"text-align: justify;\">\u0130\u00e7i\u015fleri Bakan\u0131 daha sonra yapt\u0131\u011f\u0131 a\u00e7\u0131klamada da sald\u0131rgan\u0131n Libya uyruklu ve 1975 do\u011fumlu oldu\u011funu, T\u00fcrkiye&#8217;ye 27 Kas\u0131m&#8217;da giri\u015f yapt\u0131\u011f\u0131n\u0131 a\u00e7\u0131klad\u0131.<\/p>\n<p style=\"text-align: justify;\"><strong>Ad\u0131: Samir Salem Ali Elmadhavri\u00a0<\/strong><\/p>\n<p style=\"text-align: justify;\">Daha sonra kimli\u011fi de tespit edilen sald\u0131rgan\u0131n, Samir Salem Ali Elmadhavri (36) oldu\u011fu tespit edildi.<\/p>\n<p style=\"text-align: justify;\"><strong>G\u00fcvenlik g\u00f6revlisi ameliyatta, yaral\u0131 erin durumu iyi\u00a0<\/strong><\/p>\n<p style=\"text-align: justify;\">Bu arada, olayda yaralanarak, Haseki E\u011fitim ve Ara\u015ft\u0131rma Hastanesine kald\u0131r\u0131lan g\u00fcvenlik g\u00f6revlisi Mehmet Ball\u0131c\u0131&#8217;n\u0131n (34) ameliyata al\u0131nd\u0131\u011f\u0131 bildirildi.<\/p>\n<p style=\"text-align: justify;\">\u0130.\u00dc \u0130stanbul T\u0131p Fak\u00fcltesi Hastanesinde tedavi alt\u0131na al\u0131nan asker \u015eerafettin Eray Top\u00e7u&#8217;nun (23) da baca\u011f\u0131ndan yaraland\u0131\u011f\u0131, ameliyat edildi\u011fi ve sa\u011fl\u0131k durumunun iyi oldu\u011fu \u00f6\u011frenildi. Top\u00e7u&#8217;nun tedavisine Ortopedi Servisinde devam edilece\u011fi kaydedildi.<\/p>\n<p style=\"text-align: justify;\"><strong>Soru\u015fturmay\u0131 \u00d6zel yetkili savc\u0131 y\u00fcr\u00fct\u00fcyor\u00a0<\/strong><\/p>\n<p style=\"text-align: justify;\">Elmahdhavri&#8217;nin cesedinin bulundu\u011fu Topkap\u0131 Saray\u0131 M\u00fczesi d\u0131\u015f avlu giri\u015finde olay yeri inceleme ekipleri ve \u00f6zel yetkili \u0130stanbul Cumhuriyet Ba\u015fsavc\u0131vekili Rasim I\u015f\u0131kalt\u0131n taraf\u0131ndan incelemeler yap\u0131ld\u0131.<\/p>\n<p style=\"text-align: justify;\">Libya uyruklu Elmahdhavri&#8217;nin cesedi, incelemelerin ard\u0131ndan otopsi i\u015flemleri i\u00e7in \u0130stanbul B\u00fcy\u00fck\u015fehir Belediyesine ait bir cenaze arac\u0131na konularak Adli T\u0131p Kurumuna kald\u0131r\u0131ld\u0131.<\/p>\n<p style=\"text-align: justify;\"><a href=\"http:\/\/www.cnnturk.com\/2011\/turkiye\/11\/30\/topkapi.sarayinda.catisma\/638661.0\/index.html\" target=\"_blank\">Kaynak : CNN T\u00dcRK<\/a><\/p>\n","protected":false},"excerpt":{"rendered":"<p style=\"text-align: justify;\">\n<p style=\"text-align: justify;\">Topkap\u0131 Saray\u0131&#8217;na gelen silahl\u0131 bir ki\u015fi etrafa rastgele ate\u015f a\u00e7t\u0131. Olayda 2 ki\u015fi yaraland\u0131. Yakla\u015f\u0131k 1 saat s\u00fcren \u00e7at\u0131\u015fma sonras\u0131nda sald\u0131rgan \u00f6ld\u00fcr\u00fcld\u00fc. Sald\u0131rgan\u0131n Libya uyruklu 36 ya\u015f\u0131ndaki Samir Salem Ali Elmadhavri oldu\u011fu ve T\u00fcrkiye&#8217;ye 27 Kas\u0131m&#8217;da giri\u015f yapt\u0131\u011f\u0131 tespit edildi.<\/p>\n","protected":false},"author":1,"featured_media":0,"comment_status":"open","ping_status":"open","sticky":false,"template":"","format":"standard","meta":{"footnotes":""},"categories":[105],"tags":[],"class_list":["post-43617","post","type-post","status-publish","format-standard","hentry","category-gundem","odd"],"_links":{"self":[{"href":"http:\/\/www.korhanyilmaz.com\/index.php?rest_route=\/wp\/v2\/posts\/43617","targetHints":{"allow":["GET"]}}],"collection":[{"href":"http:\/\/www.korhanyilmaz.com\/index.php?rest_route=\/wp\/v2\/posts"}],"about":[{"href":"http:\/\/www.korhanyilmaz.com\/index.php?rest_route=\/wp\/v2\/types\/post"}],"author":[{"embeddable":true,"href":"http:\/\/www.korhanyilmaz.com\/index.php?rest_route=\/wp\/v2\/users\/1"}],"replies":[{"embeddable":true,"href":"http:\/\/www.korhanyilmaz.com\/index.php?rest_route=%2Fwp%2Fv2%2Fcomments&post=43617"}],"version-history":[{"count":0,"href":"http:\/\/www.korhanyilmaz.com\/index.php?rest_route=\/wp\/v2\/posts\/43617\/revisions"}],"wp:attachment":[{"href":"http:\/\/www.korhanyilmaz.com\/index.php?rest_route=%2Fwp%2Fv2%2Fmedia&parent=43617"}],"wp:term":[{"taxonomy":"category","embeddable":true,"href":"http:\/\/www.korhanyilmaz.com\/index.php?rest_route=%2Fwp%2Fv2%2Fcategories&post=43617"},{"taxonomy":"post_tag","embeddable":true,"href":"http:\/\/www.korhanyilmaz.com\/index.php?rest_route=%2Fwp%2Fv2%2Ftags&post=43617"}],"curies":[{"name":"wp","href":"https:\/\/api.w.org\/{rel}","templated":true}]}}