{"id":43613,"date":"2011-11-30T13:05:56","date_gmt":"2011-11-30T11:05:56","guid":{"rendered":"http:\/\/www.korhanyilmaz.com\/?p=43613"},"modified":"2011-11-30T17:52:23","modified_gmt":"2011-11-30T15:52:23","slug":"en-etkili-ucuncu-musluman-erdogan","status":"publish","type":"post","link":"http:\/\/www.korhanyilmaz.com\/?p=43613","title":{"rendered":"En etkili \u00fc\u00e7\u00fcnc\u00fc M\u00fcsl\u00fcman: Erdo\u011fan"},"content":{"rendered":"<p style=\"text-align: center;\"><a href=\"http:\/\/www.korhanyilmaz.com\/wp-content\/uploads\/2011\/11\/74121.jpg\"  class=\"lightview\"><img loading=\"lazy\" decoding=\"async\" class=\"aligncenter  wp-image-43614\" src=\"http:\/\/www.korhanyilmaz.com\/wp-content\/uploads\/2011\/11\/74121.jpg\" alt=\"\" width=\"308\" height=\"236\" \/><\/a><\/p>\n<p style=\"text-align: justify;\">Amman&#8217;da bulunan Kraliyet \u0130slami Stratejik Ara\u015ft\u0131rmalar Merkezi&#8217;nin haz\u0131rlad\u0131\u011f\u0131 rapora g\u00f6re, d\u00fcnyadaki en etkili \u00fc\u00e7\u00fcnc\u00fc M\u00fcsl\u00fcman Ba\u015fbakan Recep Tayyip Erdo\u011fan. Kurulu\u015fun &#8220;En etkili 500 M\u00fcsl\u00fcman&#8221; raporunda Abdullah G\u00fcl ise 27&#8217;nci s\u0131rada yer ald\u0131.<!--more--><\/p>\n<p style=\"text-align: justify;\">&#8220;En etkili 500 M\u00fcsl\u00fcman&#8221; se\u00e7ildi, Ba\u015fbakan Erdo\u011fan \u00fc\u00e7\u00fcnc\u00fc oldu.<\/p>\n<p style=\"text-align: justify;\">Rapor, Amman&#8217;da bulunan Kraliyet \u0130slami Stratejik Ara\u015ft\u0131rmalar Merkezi&#8217;ne ait.<\/p>\n<p style=\"text-align: justify;\">500 ki\u015finin bulundu\u011fu listede ilk s\u0131rada, Suudi Kral\u0131 Abdullah yer al\u0131yor.<\/p>\n<p style=\"text-align: justify;\">Fas Kral\u0131 Muhammed&#8217;in ikinci, \u00dcrd\u00fcn Kral\u0131 Abdullah&#8217;\u0131n d\u00f6rd\u00fcnc\u00fc ve \u0130ran&#8217;\u0131n dini lideri Ali Hamaney&#8217;in ise be\u015finci s\u0131rada oldu\u011fu g\u00f6r\u00fcl\u00fcyor.<\/p>\n<p style=\"text-align: justify;\">Listede Erdo\u011fan&#8217;\u0131n yan\u0131 s\u0131ra T\u00fcrkiye&#8217;den ba\u015fka isimler de var.<\/p>\n<p style=\"text-align: justify;\">Fethullah G\u00fclen s\u0131ralamada 15&#8217;inci, Cumhurba\u015fkan\u0131 Abdullah G\u00fcl ise 27&#8217;nci.<\/p>\n<p style=\"text-align: justify;\">Reuters&#8217;in din edit\u00f6r\u00fc Tom Heneghan, blog yaz\u0131s\u0131nda Erdo\u011fan&#8217;\u0131n 1&#8217;inci olmamas\u0131na \u015fa\u015f\u0131rd\u0131\u011f\u0131n\u0131 yazd\u0131.<\/p>\n<p style=\"text-align: justify;\">Heneghan, &#8220;Sizce bu listenin tepesinde kim olmal\u0131yd\u0131&#8221; anketinde Erdo\u011fan oylar\u0131n y\u00fczde 60&#8217;\u0131n\u0131 alarak ilk s\u0131raya yerle\u015fti.<\/p>\n<p style=\"text-align: justify;\"><a href=\"http:\/\/www.cnnturk.com\/2011\/dunya\/11\/30\/en.etkili.ucuncu.musluman.erdogan\/638653.0\/index.html\" target=\"_blank\">Kaynak : CNN T\u00dcRK<\/a><\/p>\n","protected":false},"excerpt":{"rendered":"<p style=\"text-align: center;\">\n<p style=\"text-align: justify;\">Amman&#8217;da bulunan Kraliyet \u0130slami Stratejik Ara\u015ft\u0131rmalar Merkezi&#8217;nin haz\u0131rlad\u0131\u011f\u0131 rapora g\u00f6re, d\u00fcnyadaki en etkili \u00fc\u00e7\u00fcnc\u00fc M\u00fcsl\u00fcman Ba\u015fbakan Recep Tayyip Erdo\u011fan. Kurulu\u015fun &#8220;En etkili 500 M\u00fcsl\u00fcman&#8221; raporunda Abdullah G\u00fcl ise 27&#8217;nci s\u0131rada yer ald\u0131.<\/p>\n","protected":false},"author":1,"featured_media":0,"comment_status":"open","ping_status":"open","sticky":false,"template":"","format":"standard","meta":{"footnotes":""},"categories":[105],"tags":[],"class_list":["post-43613","post","type-post","status-publish","format-standard","hentry","category-gundem","odd"],"_links":{"self":[{"href":"http:\/\/www.korhanyilmaz.com\/index.php?rest_route=\/wp\/v2\/posts\/43613","targetHints":{"allow":["GET"]}}],"collection":[{"href":"http:\/\/www.korhanyilmaz.com\/index.php?rest_route=\/wp\/v2\/posts"}],"about":[{"href":"http:\/\/www.korhanyilmaz.com\/index.php?rest_route=\/wp\/v2\/types\/post"}],"author":[{"embeddable":true,"href":"http:\/\/www.korhanyilmaz.com\/index.php?rest_route=\/wp\/v2\/users\/1"}],"replies":[{"embeddable":true,"href":"http:\/\/www.korhanyilmaz.com\/index.php?rest_route=%2Fwp%2Fv2%2Fcomments&post=43613"}],"version-history":[{"count":0,"href":"http:\/\/www.korhanyilmaz.com\/index.php?rest_route=\/wp\/v2\/posts\/43613\/revisions"}],"wp:attachment":[{"href":"http:\/\/www.korhanyilmaz.com\/index.php?rest_route=%2Fwp%2Fv2%2Fmedia&parent=43613"}],"wp:term":[{"taxonomy":"category","embeddable":true,"href":"http:\/\/www.korhanyilmaz.com\/index.php?rest_route=%2Fwp%2Fv2%2Fcategories&post=43613"},{"taxonomy":"post_tag","embeddable":true,"href":"http:\/\/www.korhanyilmaz.com\/index.php?rest_route=%2Fwp%2Fv2%2Ftags&post=43613"}],"curies":[{"name":"wp","href":"https:\/\/api.w.org\/{rel}","templated":true}]}}