{"id":43609,"date":"2011-11-30T17:12:06","date_gmt":"2011-11-30T15:12:06","guid":{"rendered":"http:\/\/www.korhanyilmaz.com\/?p=43609"},"modified":"2011-11-30T17:47:47","modified_gmt":"2011-11-30T15:47:47","slug":"ergenekon-davasinda-skandal","status":"publish","type":"post","link":"http:\/\/www.korhanyilmaz.com\/?p=43609","title":{"rendered":"Ergenekon davas\u0131nda skandal"},"content":{"rendered":"<p style=\"text-align: center;\"><a href=\"http:\/\/www.korhanyilmaz.com\/wp-content\/uploads\/2011\/11\/74111.jpg\"  class=\"lightview\"><img loading=\"lazy\" decoding=\"async\" class=\"aligncenter  wp-image-43610\" src=\"http:\/\/www.korhanyilmaz.com\/wp-content\/uploads\/2011\/11\/74111.jpg\" alt=\"\" width=\"307\" height=\"236\" \/><\/a><\/p>\n<p style=\"text-align: justify;\">CHP Eski\u015fehir Milletvekili S\u00fcheyl Batum, Ergenokan davas\u0131yla ilgili skandal bir geli\u015fmeyi aktard\u0131. Batum, Ergenekon san\u0131\u011f\u0131 Hayrettin Ertekin&#8217;in rahats\u0131zlanarak hastaneye kald\u0131r\u0131ld\u0131\u011f\u0131n\u0131 ancak, askerlerin onu hastanede unutup gitti\u011fini s\u00f6yledi. Batum, buna ra\u011fmen Ertekin&#8217;in taksi tutarak Silivri&#8217;ye geldi\u011fini s\u00f6yledi.<\/p>\n<p style=\"text-align: justify;\">TBMM Genel Kurulu&#8217;nda, BDP&#8217;nin, KCK operasyonlar\u0131yla ilgili ara\u015ft\u0131rma \u00f6nergesinin bug\u00fcn g\u00f6r\u00fc\u015f\u00fclmesine dair \u00f6nerisi kabul edilmedi.\u00a0<!--more--><\/p>\n<p style=\"text-align: justify;\">\u00d6neri \u00fczerine s\u00f6z alan BDP Diyarbak\u0131r Milletvekili Emine Ayna, KCK operasyonlar\u0131 kapsam\u0131nda partilerinin y\u00f6neticilerinin de aralar\u0131nda bulundu\u011fu \u00e7ok say\u0131da ki\u015finin tutukland\u0131\u011f\u0131n\u0131 s\u00f6yledi. Tutuklanan y\u00f6neticilerin yerine yenilerini getirdiklerini ancak onlar\u0131n da tutukland\u0131\u011f\u0131n\u0131 belirten Ayna, bunun ayn\u0131 \u015fekilde s\u00fcrd\u00fc\u011f\u00fcn\u00fc savundu.<\/p>\n<p style=\"text-align: justify;\">KCK kapsam\u0131nda yarg\u0131lan\u0131n ki\u015filerin herhangi bir \u015fiddet olay\u0131 ile ili\u015fkilerinin de bulunmad\u0131\u011f\u0131n\u0131 \u00f6ne s\u00fcren Ayna, &#8220;B\u00f6yle bir dava d\u00fcnyan\u0131n hi\u00e7bir yerinde yoktur. Hak ve \u00f6zg\u00fcrl\u00fck istemek ve bunun demokratik m\u00fccadelesini vermek su\u00e7 say\u0131lm\u0131\u015ft\u0131r&#8221; dedi.<\/p>\n<p style=\"text-align: justify;\">AK Parti K\u0131r\u0131kkale Milletvekili Ramazan Can, yarg\u0131n\u0131n ba\u011f\u0131ms\u0131z oldu\u011funu, i\u015fleyi\u015fle ilgili bir sorun oldu\u011fu d\u00fc\u015f\u00fcn\u00fcld\u00fc\u011f\u00fcnde yine yarg\u0131 kanallar\u0131na itiraz edilebilece\u011fini s\u00f6yledi. BDP&#8217;nin tutukluluklara yapt\u0131\u011f\u0131 itiraz\u0131 de\u011ferlendiren Can, &#8220;Kimsenin siyaset\u00e7i olmas\u0131 ya da belli makamda bulunmas\u0131 ona su\u00e7 i\u015fleme imtiyaz\u0131 sa\u011flamaz&#8221; dedi. S\u00f6z konusu operasyonlar\u0131n ne kadar s\u00fcrece\u011finin de yine ba\u011f\u0131ms\u0131z yarg\u0131n\u0131n takdirinde oldu\u011funu belirten Can, kanun ihlalleri devam etti\u011fi s\u00fcrece yarg\u0131n\u0131n m\u00fcdahalesinin devam edece\u011fini, kimsenin iktidardan yarg\u0131ya m\u00fcdahale etmesini beklememesi gerekti\u011fini dile getirdi.<\/p>\n<p style=\"text-align: justify;\">Can ayr\u0131ca &#8220;siyaset akademisi&#8221; ad\u0131 alt\u0131nda ter\u00f6r \u00f6rg\u00fct\u00fcne yeni kadrolar\u0131n yeti\u015ftirilmesinin ama\u00e7land\u0131\u011f\u0131n\u0131, bunun, ter\u00f6r \u00f6rg\u00fct\u00fc eleba\u015f\u0131n\u0131n ifadelerinden de anla\u015f\u0131ld\u0131\u011f\u0131n\u0131 s\u00f6yledi.<\/p>\n<p style=\"text-align: justify;\">BDP Grup Ba\u015fkanvekili Hasip Kaplan, Anayasada kimsenin yarg\u0131ya telkin, tavsiye ve yol g\u00f6stericili\u011finde bulunamayaca\u011f\u0131n\u0131n yaz\u0131ld\u0131\u011f\u0131n\u0131 belirterek, &#8220;O zaman Say\u0131n Ba\u015fbakan neden &#8216;KCK soru\u015fturmalar\u0131 s\u00fcrecek, tutuklamalar devam edecek&#8217; dedi. Bu yarg\u0131ya m\u00fcdahale de\u011fil mi?&#8221; diye konu\u015ftu.<\/p>\n<p style=\"text-align: justify;\">CHP Eski\u015fehir Milletvekili S\u00fcheyl Batum, tutukluluk s\u00fcresinin uzun oldu\u011funu ve bu s\u00fcre i\u00e7inde kan\u0131t \u00fcretilmeye \u00e7al\u0131\u015f\u0131ld\u0131\u011f\u0131n\u0131 ileri s\u00fcrd\u00fc.<\/p>\n<p style=\"text-align: justify;\"><strong>Hayrettin Ertekin&#8217;in ba\u015f\u0131na gelenler&#8230;\u00a0<\/strong><\/p>\n<p style=\"text-align: justify;\">Tutuklama konusunda bir mahkeme karar\u0131n\u0131 \u00f6rnek g\u00f6steren Batum, &#8220;Hayrettin Ertekin&#8217;in ifadesinde, &#8216;Hastalan\u0131nca beni hastaneye g\u00f6t\u00fcrd\u00fcler. Muayene i\u015flerim bitince beni gelip almalar\u0131 i\u00e7in oturup beklemeye ba\u015flad\u0131m. Saatler ge\u00e7ti\u011fi halde ses \u00e7\u0131kmad\u0131. Beni unutmu\u015flard\u0131. Bir taksiyle Silivri&#8217;ye geldim. Taksi paras\u0131n\u0131 da cebimden \u00f6dedim&#8217; diyor. Hastanede unutulan Hayrettin Ertekin, taksi tutuyor, Silivri&#8217;ye gidiyor ve yarg\u0131\u00e7lar &#8216;tutuklulu\u011fun devam\u0131na&#8217; karar\u0131n\u0131 veriyor. Gerek\u00e7e ise ka\u00e7ma tehlikesinin ge\u00e7memi\u015f olmas\u0131&#8221; diye konu\u015ftu.<\/p>\n<p style=\"text-align: justify;\">AK Parti \u0130zmir Milletvekili Ali A\u015fl\u0131k ise uzun tutukluluk s\u00fcreleri ile ilgili yap\u0131lan ele\u015ftirileri de\u011ferlendirirken, &#8220;Buna hakl\u0131l\u0131k pay\u0131 versek bile, sorun Anayasada yap\u0131lacak de\u011fi\u015fiklikle d\u00fczelebilir. Yarg\u0131\u00e7, yetkilerini Anayasadan al\u0131yor. E\u011fer vicdan\u0131m\u0131z\u0131 rahats\u0131z eden bir \u015fey varsa 12 Eyl\u00fcl kal\u0131nt\u0131lar\u0131ndan ar\u0131nm\u0131\u015f bir Anayasa yapal\u0131m&#8221; dedi.<\/p>\n<p style=\"text-align: justify;\">Yap\u0131lan Anayasa de\u011fi\u015fikli\u011fi ile hakim ve savc\u0131lar\u0131n atanmas\u0131na ili\u015fkin yeni bir d\u00fczenleme yap\u0131ld\u0131\u011f\u0131n\u0131 an\u0131msatan A\u015fl\u0131k, hakim ve savc\u0131lar\u0131n, terfi ve atamalar\u0131na yine kendilerinin karar verdi\u011fini, bu i\u015fin tamamen ba\u011f\u0131ms\u0131z yarg\u0131 sisteminde ger\u00e7ekle\u015fti\u011fini s\u00f6yledi.<\/p>\n<p style=\"text-align: justify;\">Yap\u0131lan oylamada, BDP&#8217;nin grup \u00f6nerisi kabul edilmedi. Genel Kurulda, TBMM Ba\u015fkanl\u0131\u011f\u0131 \u0130dari Te\u015fkilat\u0131 Kanun Teklifi \u00fczerinde g\u00f6r\u00fc\u015fmelere ge\u00e7ildi.<\/p>\n<p style=\"text-align: justify;\"><a href=\"http:\/\/www.cnnturk.com\/2011\/guncel\/11\/30\/ergenekon.davasinda.skandal\/638744.0\/index.html\" target=\"_blank\">Kaynak : CNN T\u00dcRK<\/a><\/p>\n","protected":false},"excerpt":{"rendered":"<p style=\"text-align: center;\">\n<p style=\"text-align: justify;\">CHP Eski\u015fehir Milletvekili S\u00fcheyl Batum, Ergenokan davas\u0131yla ilgili skandal bir geli\u015fmeyi aktard\u0131. Batum, Ergenekon san\u0131\u011f\u0131 Hayrettin Ertekin&#8217;in rahats\u0131zlanarak hastaneye kald\u0131r\u0131ld\u0131\u011f\u0131n\u0131 ancak, askerlerin onu hastanede unutup gitti\u011fini s\u00f6yledi. Batum, buna ra\u011fmen Ertekin&#8217;in taksi tutarak Silivri&#8217;ye geldi\u011fini s\u00f6yledi.<\/p>\n<p style=\"text-align: justify;\">TBMM Genel Kurulu&#8217;nda, BDP&#8217;nin, KCK operasyonlar\u0131yla ilgili ara\u015ft\u0131rma \u00f6nergesinin bug\u00fcn g\u00f6r\u00fc\u015f\u00fclmesine dair <\/p>\n","protected":false},"author":1,"featured_media":0,"comment_status":"open","ping_status":"open","sticky":false,"template":"","format":"standard","meta":{"footnotes":""},"categories":[105],"tags":[],"class_list":["post-43609","post","type-post","status-publish","format-standard","hentry","category-gundem","odd"],"_links":{"self":[{"href":"http:\/\/www.korhanyilmaz.com\/index.php?rest_route=\/wp\/v2\/posts\/43609","targetHints":{"allow":["GET"]}}],"collection":[{"href":"http:\/\/www.korhanyilmaz.com\/index.php?rest_route=\/wp\/v2\/posts"}],"about":[{"href":"http:\/\/www.korhanyilmaz.com\/index.php?rest_route=\/wp\/v2\/types\/post"}],"author":[{"embeddable":true,"href":"http:\/\/www.korhanyilmaz.com\/index.php?rest_route=\/wp\/v2\/users\/1"}],"replies":[{"embeddable":true,"href":"http:\/\/www.korhanyilmaz.com\/index.php?rest_route=%2Fwp%2Fv2%2Fcomments&post=43609"}],"version-history":[{"count":0,"href":"http:\/\/www.korhanyilmaz.com\/index.php?rest_route=\/wp\/v2\/posts\/43609\/revisions"}],"wp:attachment":[{"href":"http:\/\/www.korhanyilmaz.com\/index.php?rest_route=%2Fwp%2Fv2%2Fmedia&parent=43609"}],"wp:term":[{"taxonomy":"category","embeddable":true,"href":"http:\/\/www.korhanyilmaz.com\/index.php?rest_route=%2Fwp%2Fv2%2Fcategories&post=43609"},{"taxonomy":"post_tag","embeddable":true,"href":"http:\/\/www.korhanyilmaz.com\/index.php?rest_route=%2Fwp%2Fv2%2Ftags&post=43609"}],"curies":[{"name":"wp","href":"https:\/\/api.w.org\/{rel}","templated":true}]}}