{"id":43605,"date":"2011-11-30T02:02:29","date_gmt":"2011-11-30T00:02:29","guid":{"rendered":"http:\/\/www.korhanyilmaz.com\/?p=43605"},"modified":"2011-11-30T13:45:20","modified_gmt":"2011-11-30T11:45:20","slug":"basbakan-taburcu-oldu","status":"publish","type":"post","link":"http:\/\/www.korhanyilmaz.com\/?p=43605","title":{"rendered":"Ba\u015fbakan taburcu oldu"},"content":{"rendered":"<p style=\"text-align: center;\"><a href=\"http:\/\/www.korhanyilmaz.com\/wp-content\/uploads\/2011\/11\/74101.jpg\"  class=\"lightview\"><img loading=\"lazy\" decoding=\"async\" class=\"aligncenter  wp-image-43606\" src=\"http:\/\/www.korhanyilmaz.com\/wp-content\/uploads\/2011\/11\/74101.jpg\" alt=\"\" width=\"336\" height=\"223\" \/><\/a><\/p>\n<p style=\"text-align: justify;\">26 Kas\u0131m&#8217;da laparoskopik y\u00f6ntemle sindirim sistemi ameliyat\u0131 ge\u00e7iren Erdo\u011fan d\u00fcn taburcu oldu. Sa\u011fl\u0131k durumunun iyi oldu\u011fu belirtildi.<\/p>\n<p style=\"text-align: justify;\">\u0130STANBUL-ANKARA &#8211; Pendik\u2019teki Marmara \u00dcniversitesi E\u011fitim ve Ara\u015ft\u0131rma Hastanesi\u2019nde 26 Kas\u0131m Cumartesi g\u00fcn\u00fc ameliyat oldu\u011fu ortaya \u00e7\u0131kan Ba\u015fbakan Tayyip Erdo\u011fan, d\u00fcn ak\u015fam taburcu oldu. \u00dcsk\u00fcdar\u2019daki evinde dinlenmeye \u00e7ekilen Erdo\u011fan\u2019\u0131n tahlil sonu\u00e7lar\u0131n\u0131n iyi \u00e7\u0131kt\u0131\u011f\u0131 \u00f6\u011frenildi.<!--more--><\/p>\n<p style=\"text-align: justify;\">Erdo\u011fan\u2019\u0131n ameliyat oldu\u011fu bilgisi, Ba\u015fbakanl\u0131k\u2019tan \u00f6nceki g\u00fcn yap\u0131lan a\u00e7\u0131klamayla netle\u015fti. A\u00e7\u0131klamada, Erdo\u011fan\u2019\u0131n \u2018laparoskopik y\u00f6ntemle, ba\u015far\u0131l\u0131 bir sindirim sistemi ameliyat\u0131 ge\u00e7irdi\u011fi\u2019 bilgisi verilerek, \u201cDoktorlar\u0131n gerekli g\u00f6rd\u00fc\u011f\u00fc istirahatin ard\u0131ndan, Say\u0131n Ba\u015fbakan\u0131m\u0131z \u00e7al\u0131\u015fmalar\u0131na ba\u015flayacakt\u0131r\u201d denildi.<\/p>\n<p style=\"text-align: justify;\">D\u00fcn g\u00fcn i\u00e7inde hastaneye gelenler aras\u0131nda yer alan Erdem Holding Y\u00f6netim Kurulu Ba\u015fkan\u0131 Zeynel Abidin Erdem, \u201c\u00c7ok sa\u011fl\u0131kl\u0131 oldu\u011funu i\u00e7eriden yapt\u0131\u011f\u0131m g\u00f6r\u00fc\u015fmelerden \u00f6\u011frendim\u201d dedi. Erdem, Ba\u015fbakan Erdo\u011fan\u2019\u0131n nas\u0131l bir operasyon ge\u00e7irdi\u011fine dair bir soruya ise \u201cAyn\u0131s\u0131n\u0131 biz yapt\u0131rd\u0131k. 50 ya\u015f\u0131n\u0131 ge\u00e7en her T\u00fcrk vatanda\u015f\u0131n\u0131n yemek k\u00fclt\u00fcr\u00fc dolay\u0131s\u0131yla ayr\u0131nt\u0131ya girip, kolonoskopi yap\u0131p bakmas\u0131 laz\u0131m. Zaten \u00e7ok basit ve uyutulduktan sonra halledilen bir i\u015ftir\u201d diye yan\u0131t verdi.<\/p>\n<p style=\"text-align: justify;\">Erdo\u011fan\u2019\u0131n tedavisine Medipol Hastanesi\u2019nden gelen doktorlar\u0131n da kat\u0131ld\u0131\u011f\u0131 \u00f6\u011frenildi.<\/p>\n<p style=\"text-align: justify;\">Yap\u0131lan patoloji sonu\u00e7lar\u0131 temiz \u00e7\u0131kan Erdo\u011fan d\u00fcn ak\u015fam saatlerinde taburcu edildi. Evinde istirahate \u00e7ekilen Ba\u015fbakan Erdo\u011fan\u2019\u0131n cuma g\u00fcn\u00fc programlar\u0131na devam edece\u011fi ve ilk kez kameralar\u0131n kar\u015f\u0131s\u0131na ge\u00e7ece\u011fi \u00f6\u011frenildi.<\/p>\n<p style=\"text-align: justify;\"><strong>\u2018Meclis\u2019e bilgi verilsin\u2019<\/strong><\/p>\n<p style=\"text-align: justify;\">Erdo\u011fan\u2019\u0131n ameliyat\u0131 Meclis Genel Kurulu\u2019nda da g\u00fcndeme geldi. MHP Grup Ba\u015fkanvekili Oktay Vural, Ba\u015fbakan Erdo\u011fan\u2019\u0131n ge\u00e7irdi\u011fi ameliyatla ilgili olarak Meclis\u2019e bilgi verilmesini istedi. Vural, \u201cBa\u015fbakan\u2019\u0131n bir an \u00f6nce s\u0131hhatine kavu\u015farak aram\u0131za gelmesini diliyoruz. Zannederim do\u011frudan bilgi edinme konusunda Meclis\u2019in hakk\u0131 var\u201d dedi.<\/p>\n<p style=\"text-align: justify;\"><strong>G\u00fcl\u2019\u00fcn haberi vard\u0131<\/strong><\/p>\n<p style=\"text-align: justify;\">Ba\u015fbakan Erdo\u011fan\u2019\u0131n ge\u00e7en hafta sonu \u2018gizlice\u2019 oldu\u011fu ameliyattan Cumhurba\u015fkan\u0131 Abdullah G\u00fcl\u2019\u00fcn bilgisi oldu\u011fu ve Erdo\u011fan\u2019\u0131 tedavi g\u00f6rd\u00fc\u011f\u00fc hastanede ziyaret etti\u011fi ortaya \u00e7\u0131kt\u0131. Erdo\u011fan\u2019\u0131n rahats\u0131zl\u0131\u011f\u0131n\u0131, ailesi ve yak\u0131n \u00e7evresinin d\u0131\u015f\u0131nda G\u00fcl de biliyordu. G\u00fcl\u2019\u00fcn, Ba\u015fbakan\u2019\u0131n rahats\u0131zl\u0131\u011f\u0131ndan da \u00f6nceden haberdar oldu\u011fu ve kendisine bir an \u00f6nce tedavi olmas\u0131 telkininde bulundu\u011fu \u00f6\u011frenildi. Erdo\u011fan\u2019\u0131n hastaneye yat\u0131\u015f an\u0131ndan itibaren geli\u015fmeleri de yak\u0131ndan takip eden G\u00fcl, operasyonun oldu\u011fu 26 Kas\u0131m Cumartesi g\u00fcn\u00fc hastaneye gitti. G\u00fcl\u2019\u00fcn ziyareti de, Erdo\u011fan\u2019\u0131n ameliyat\u0131 gibi gizlendi. G\u00fcl hastanede hem doktorlardan bilgi ald\u0131 hem de Ba\u015fbakan Erdo\u011fan ile g\u00f6r\u00fc\u015ft\u00fc.<\/p>\n<p style=\"text-align: justify;\"><a href=\"http:\/\/www.radikal.com.tr\/Radikal.aspx?aType=RadikalHaberDetayV3&amp;ArticleID=1071061&amp;Date=30.11.2011&amp;CategoryID=78\" target=\"_blank\">Kaynak : Radikal.com.tr<\/a><\/p>\n","protected":false},"excerpt":{"rendered":"<p style=\"text-align: center;\">\n<p style=\"text-align: justify;\">26 Kas\u0131m&#8217;da laparoskopik y\u00f6ntemle sindirim sistemi ameliyat\u0131 ge\u00e7iren Erdo\u011fan d\u00fcn taburcu oldu. Sa\u011fl\u0131k durumunun iyi oldu\u011fu belirtildi.<\/p>\n<p style=\"text-align: justify;\">\u0130STANBUL-ANKARA &#8211; Pendik\u2019teki Marmara \u00dcniversitesi E\u011fitim ve Ara\u015ft\u0131rma Hastanesi\u2019nde 26 Kas\u0131m Cumartesi g\u00fcn\u00fc ameliyat oldu\u011fu ortaya \u00e7\u0131kan Ba\u015fbakan Tayyip Erdo\u011fan, d\u00fcn ak\u015fam taburcu oldu. \u00dcsk\u00fcdar\u2019daki evinde dinlenmeye \u00e7ekilen Erdo\u011fan\u2019\u0131n tahlil sonu\u00e7lar\u0131n\u0131n <\/p>\n","protected":false},"author":1,"featured_media":0,"comment_status":"open","ping_status":"open","sticky":false,"template":"","format":"standard","meta":{"footnotes":""},"categories":[105],"tags":[],"class_list":["post-43605","post","type-post","status-publish","format-standard","hentry","category-gundem","odd"],"_links":{"self":[{"href":"http:\/\/www.korhanyilmaz.com\/index.php?rest_route=\/wp\/v2\/posts\/43605","targetHints":{"allow":["GET"]}}],"collection":[{"href":"http:\/\/www.korhanyilmaz.com\/index.php?rest_route=\/wp\/v2\/posts"}],"about":[{"href":"http:\/\/www.korhanyilmaz.com\/index.php?rest_route=\/wp\/v2\/types\/post"}],"author":[{"embeddable":true,"href":"http:\/\/www.korhanyilmaz.com\/index.php?rest_route=\/wp\/v2\/users\/1"}],"replies":[{"embeddable":true,"href":"http:\/\/www.korhanyilmaz.com\/index.php?rest_route=%2Fwp%2Fv2%2Fcomments&post=43605"}],"version-history":[{"count":0,"href":"http:\/\/www.korhanyilmaz.com\/index.php?rest_route=\/wp\/v2\/posts\/43605\/revisions"}],"wp:attachment":[{"href":"http:\/\/www.korhanyilmaz.com\/index.php?rest_route=%2Fwp%2Fv2%2Fmedia&parent=43605"}],"wp:term":[{"taxonomy":"category","embeddable":true,"href":"http:\/\/www.korhanyilmaz.com\/index.php?rest_route=%2Fwp%2Fv2%2Fcategories&post=43605"},{"taxonomy":"post_tag","embeddable":true,"href":"http:\/\/www.korhanyilmaz.com\/index.php?rest_route=%2Fwp%2Fv2%2Ftags&post=43605"}],"curies":[{"name":"wp","href":"https:\/\/api.w.org\/{rel}","templated":true}]}}