{"id":43598,"date":"2011-11-29T14:08:20","date_gmt":"2011-11-29T12:08:20","guid":{"rendered":"http:\/\/www.korhanyilmaz.com\/?p=43598"},"modified":"2011-11-29T15:39:36","modified_gmt":"2011-11-29T13:39:36","slug":"dersim-cayir-cayir-yansa-senin-yuregin-yanmaz","status":"publish","type":"post","link":"http:\/\/www.korhanyilmaz.com\/?p=43598","title":{"rendered":"&#8220;Dersim cay\u0131r cay\u0131r yansa senin y\u00fcre\u011fin yanmaz&#8221;"},"content":{"rendered":"<p style=\"text-align: center;\"><a href=\"http:\/\/www.korhanyilmaz.com\/wp-content\/uploads\/2011\/11\/7418.jpg\"  class=\"lightview\"><img loading=\"lazy\" decoding=\"async\" class=\"aligncenter  wp-image-43599\" src=\"http:\/\/www.korhanyilmaz.com\/wp-content\/uploads\/2011\/11\/7418.jpg\" alt=\"\" width=\"322\" height=\"241\" \/><\/a><\/p>\n<p style=\"text-align: justify;\">CHP lideri Kemal K\u0131l\u0131\u00e7daro\u011flu, &#8220;Biz CHP olarak ge\u00e7mi\u015fimizle y\u00fczle\u015fmeyi \u00e7ok iyi biliriz. Dersimliye birinci s\u0131n\u0131f yurtta\u015f kimli\u011fi kazand\u0131ran Cumhuriyet&#8217;tir bunu herkes bilsin&#8221; diyerek Erdo\u011fan&#8217;a sert \u00e7\u0131kt\u0131.<\/p>\n<p style=\"text-align: justify;\">\u0130stanbul- CHP Grubunda yurtta\u015fa seslenen Kemal K\u0131l\u0131\u00e7daro\u011flu, Erdo\u011fan&#8217;a sert \u00e7\u0131kt\u0131. \u0130\u015fte K\u0131l\u0131\u00e7daro\u011flu&#8217;nun konu\u015fmas\u0131ndan sat\u0131rba\u015flar\u0131&#8230;\u00a0<!--more--><\/p>\n<p style=\"text-align: justify;\">&#8211; Uzun tutuklu s\u00fcresinden herkes \u015fikayet\u00e7i. Cumhurba\u015fkan\u0131 \u00e7\u0131k\u0131yor \u015fikayet\u00e7iyim diyor. Bakanlar \u00e7\u0131k\u0131yor \u015fikayet\u00e7iyim diyor. Barolar Birli\u011fi nihayet l\u00fctfetti \u00e7\u0131kt\u0131 \u015fikayet\u00e7iyim dedi. Ama bir ki\u015fiyi ikna edemediler. O da Ba\u015fbakan Erdo\u011fan.<\/p>\n<p style=\"text-align: justify;\">&#8211; Avrupa s\u00f6yl\u00fcyor, Amerika s\u00f6yl\u00fcyor, \u0130ngiltere s\u00f6yl\u00fcyor, Uganda bile s\u00f6yl\u00fcyor. \u0130nsan verdi\u011fi s\u00f6z\u00fcn arkas\u0131nda durmaz m\u0131. Bizim kitab\u0131m\u0131zda s\u00f6z namustur. Verdi\u011fin s\u00f6z\u00fcn arkas\u0131nda duracaks\u0131n.<\/p>\n<p style=\"text-align: justify;\">&#8211; De\u011ferli arkada\u015flar, Silivir toplama kamp\u0131nda adalet ger\u00e7ekle\u015fmez. Buradfa belli bir d\u00fcnya g\u00f6r\u00fc\u015f\u00fc yarg\u0131lanm\u0131yor. Orada AKP iktidar\u0131na kar\u015f\u0131 oalnlar yarg\u0131lan\u0131yor. Orada gazeteciler var politkac\u0131lar var. Art\u0131k insanlar orada kitap yaz\u0131yor. G\u00f6receksiniz 12 Eyl\u00fcl s\u00fcrecinin sonucunda nas\u0131l bir edebiyat olu\u015ftuysa Silivri kamp\u0131ndan sonrqa da ay\u0131r bir edebiyat ve sinema olu\u015facak.<\/p>\n<p style=\"text-align: justify;\">&#8211; Cumhuriyet mitinginde Cumhuriyet A\u011fac\u0131&#8217;na sessizce bir karanfil b\u0131rak\u0131n.<\/p>\n<p style=\"text-align: justify;\">&#8211; O kadar ileri gittiler ki, Grup Ba\u015fkanvekili Muharrem \u0130nce hakk\u0131nda h\u00fck\u00fcmeti ele\u015ftirmekten soru\u015ftuma ba\u015flatt\u0131lar. E\u011fer bir \u00fclkede h\u00fck\u00fcmeti ele\u015ftirmekten y\u0131pratmaktan dolay\u0131 fezleke a\u00e7\u0131l\u0131yorsa o \u00fclkede demokrasiden s\u00f6z edilemez.<\/p>\n<p style=\"text-align: justify;\">&#8211; CHP&#8217;li belediyeler hak\u0131k\u0131nda Alman vak\u0131flar\u0131 iddias\u0131nda bulundular. Ben a\u00e7\u0131k\u00e7a \u00e7\u0131kt\u0131m s\u00f6yledim o belediyelri a\u00e7\u0131kla. Ama t\u0131k yok. Adam gibi adamsan iddian\u0131n arkas\u0131nda durusun. Ka\u00e7mayacaks\u0131n. Y\u00fcrekli olacaks\u0131n. E\u011fer senin deyiminle s\u00fcr\u00e7\u00fc lisan ettiysen \u00e7\u0131k\u0131p \u00f6z\u00fcr dileyeceksi. Yalanc\u0131 adamdan ba\u015fbakan olmaz.<\/p>\n<p style=\"text-align: justify;\">&#8211; Zaten b\u00f6yle bir \u015fey olsayd\u0131 o yaklaka televizyonlarla 24 saat yay\u0131n yaparlard\u0131. \u0130\u015fte \u015fu belediye ald\u0131 diye.<\/p>\n<p style=\"text-align: justify;\">&#8211; T\u00fcrkiye tarihinde bir ilk ya\u015fand\u0131. Paran varsa bast\u0131r paray\u0131 al tezkeriyi. B\u00f6yle bir \u015fey olabilir mi. 21 g\u00fcnl\u00fck temel e\u011fitim bile yap\u0131lmayacak. Hi\u00e7 bir z\u00fcmreye ayr\u0131m yap\u0131lmayacak. Peki bu ne.<\/p>\n<p style=\"text-align: justify;\">&#8211; Bir insann\u0131n inanc\u0131n\u0131, dinini sorgulayacak yetikiyi nereden al\u0131yorsun. Bir ki\u015fi de \u00e7\u0131k\u0131p sorgulamad\u0131. Ba\u015fkas\u0131n\u0131n soyu spoyla ilgilenen biri \u00f6nce kendi soyu spouna baks\u0131n.<\/p>\n<p style=\"text-align: justify;\">&#8211; Biz bir milletiz art\u0131k. \u00c7anakkale&#8217;de Dumlup\u0131nar&#8217;da birlikte yatanlar\u0131n millletiyiz biz. B\u00f6yle milletin \u00e7ocuklar\u0131n\u0131n aras\u0131nda nifak tohumlar\u0131 ekmeye nas\u0131l c\u00fcret edersiniz. Koyun koyuna yatan \u015fehitlemizin ruhuna hakaret sayar\u0131m. Ben sadece Dermli de\u011filim Kayserliyim Konyal\u0131y\u0131m Trabzonluyum ben T\u00fcrkiyelim.<\/p>\n<p style=\"text-align: justify;\">&#8211; Recep Tayyip Erdo\u011fan&#8217;\u0131n unutmamas\u0131 gereken bir \u015fey daha var. Yunan ordular\u0131 polatl\u0131ya geldi\u011finde top sesleri Ankara&#8217;dan duyuluyorddu. Meclsi&#8217;in Kayseri&#8217;ye ta\u015f\u0131nmas\u0131 tart\u015f\u0131l\u0131yordu. Ama i\u00e7lerinden bir yi\u011fit \u00e7\u0131k\u0131p Biz buaraya ka\u00e7maya de\u011fil \u00f6lmeye geldik diyen Dersim milelvekiliydi.<\/p>\n<p style=\"text-align: justify;\">&#8211; Benim misyonum bu \u00fclkede insanlar\u0131 ay\u0131rmak de\u011fil birle\u015ftimektir. Biz insanlar\u0131n mezheplerine inan\u00e7lar\u0131na bakmay\u0131z \u00e7\u00fcnk\u00fc biz Cumhuriyet Halk Partisi&#8217;yiz. Hi\u00e7 kimse unutmas\u0131n herkesin inanc\u0131 CHP&#8217;nin garantisi alt\u0131ndad\u0131r.<\/p>\n<p style=\"text-align: justify;\"><strong>Dersimliye Cumhuriyet kimlik kazand\u0131rd\u0131\u00a0<\/strong><\/p>\n<p style=\"text-align: justify;\">&#8211; Bir insan\u0131n inanc\u0131n\u0131, dinini sorgulayacak yetikiyi nereden al\u0131yorsun. Bir ki\u015fi de \u00e7\u0131k\u0131p sorgulamad\u0131. Ba\u015fkas\u0131n\u0131n soyu spoyla ilgilenen biri \u00f6nce kendi soyu spouna baks\u0131n.<\/p>\n<p style=\"text-align: justify;\">&#8211; Biz bir milletiz art\u0131k. \u00c7anakkale&#8217;de Dumlup\u0131nar&#8217;da birlikte yatanlar\u0131n millletiyiz biz. B\u00f6yle milletin \u00e7ocuklar\u0131n\u0131n aras\u0131nda nifak tohumlar\u0131 ekmeye nas\u0131l c\u00fcret edersiniz. Koyun koyuna yatan \u015fehitlemizin ruhuna hakaret sayar\u0131m. Ben sadece Dermli de\u011filim Kayserliyim Konyal\u0131y\u0131m Trabzonluyum ben T\u00fcrkiyeliyim.<\/p>\n<p style=\"text-align: justify;\">&#8211; Recep Tayyip Erdo\u011fan&#8217;\u0131n unutmamas\u0131 gereken bir \u015fey daha var. Yunan ordular\u0131 Polatl\u0131&#8217;ya geldi\u011finde top sesleri Ankara&#8217;dan duyuluyorddu. Meclisin Kayseri&#8217;ye ta\u015f\u0131nmas\u0131 tart\u015f\u0131l\u0131yordu. Ama i\u00e7lerinden bir yi\u011fit \u00e7\u0131k\u0131p &#8216;Biz buraya ka\u00e7maya de\u011fil \u00f6lmeye geldik&#8217; diyen Dersim milletvekiliydi.<\/p>\n<p style=\"text-align: justify;\">&#8211; Benim misyonum bu \u00fclkede insanlar\u0131 ay\u0131rmak de\u011fil birle\u015ftimektir. Biz insanlar\u0131n mezheplerine inan\u00e7lar\u0131na bakmay\u0131z \u00e7\u00fcnk\u00fc biz Cumhuriyet Halk Partisi&#8217;yiz. Hi\u00e7 kimse unutmas\u0131n herkesin inanc\u0131 CHP&#8217;nin garantisi alt\u0131ndad\u0131r.<\/p>\n<p style=\"text-align: justify;\">&#8211; Biz CHP olarak ge\u00e7mi\u015fimizle y\u00fczle\u015fmeyi \u00e7ok iyi biliriz. Dersimliye birinci s\u0131n\u0131f yurtta\u015f kimli\u011fi kazand\u0131ran Cumhuriyet&#8217;tir bunu herkes bilsin.<\/p>\n<p style=\"text-align: justify;\"><strong>&#8220;Yeri gelecek U\u011fur Mumcu olaca\u011f\u0131z&#8221;\u00a0<\/strong><\/p>\n<p style=\"text-align: justify;\">&#8211; Kad\u0131na y\u00f6nelik \u015fiddet binde 400 artt\u0131 biz bunun derdindeyiz. Onun derdi biz \u00fclkeyi nas\u0131l b\u00f6leriz milelti nas\u0131l ayr\u0131\u015ft\u0131r\u0131z\u0131 bunun pe\u015finde. Senin o korku imparatorlu\u011fundan korkmayaca\u011f\u0131z. Yeri gelecek Nine Hatun olaca\u011f\u0131z. yeri gelecek U\u011fur Mumcu olaca\u011f\u0131z karanl\u0131klardan korkmayaca\u011f\u0131z.<\/p>\n<p style=\"text-align: justify;\">&#8211; 9 y\u0131ld\u0131r iktidardas\u0131n, kendine oy vermeyenleri \u00f6tekile\u015ftirdin. 73 y\u0131l yap\u0131lan Dersimliler z\u00fclm\u00fc bug\u00fcn tutup sen yapmazd\u0131n. Dersim cay\u0131r cay\u0131r yansa senin y\u00fcre\u011fin yanmaz. Diyorki bu CHP kendi tarihi ile y\u00fczle\u015fsin. Senin o redeetti\u011fin o tarih cumhuriyetin tarihidir. Hepimizin tarihidir. Biz tarihimizden korkmay\u0131z. Biz tarihimzle y\u00fczle\u015fmekten korkmay\u0131z. Biz Osmanl\u0131&#8217;y\u0131 da Sel\u00e7uklu&#8217;yu da sahipleriniz.<\/p>\n<p style=\"text-align: justify;\">&#8211; Dersimliye birinci s\u0131n\u0131f yurtta\u015f stat\u00fcs\u00fc kazand\u0131ran Cuhuriyet&#8217;tir. Ama 9 y\u0131ld\u0131r adam yerien koymad\u0131\u011f\u0131n Dersimlileri oyununa alet etme.Bakmay\u0131n yalaka ve di\u011ferlerine devlet \u00f6z\u00fcr dilemesi ile bir \u015fey olmaz. Devlet \u00f6z\u00fcr dileyecekse yaralar\u0131 sarmakla \u00f6z\u00fcr dilemeli. Bundan \u00f6nce ge\u00e7mi\u015fte arkada\u015flar\u0131m hat\u0131rlar biz hakikatleri arar\u015ft\u0131rma komisyonu istedik AKP reddetti. Bunlar\u0131 reddeten AKP nas\u0131l bunlarla y\u00fczle\u015febilir.<\/p>\n<p style=\"text-align: justify;\">&#8211; Kendi ge\u00e7mi\u015finden utanan birisisin sen. Sen cumhuriyetin ge\u00e7mi\u015fini ta\u015f\u0131yamazs\u0131n. G\u00fcnl\u00fck tart\u0131\u015fmalara mal edilmemeli. Tarih ile y\u00fczle\u015filmez. Tarih ile y\u00fczle\u015fmek mi istiyorsun CHP&#8217;nin teklifini kabul edersin tarih ile y\u00fczle\u015firisin. Sen kim tarih kim.<\/p>\n<p style=\"text-align: justify;\">&#8211; De\u011ferli arkada\u015flar\u0131m biz CHP&#8217;yiz. sorumluk ta\u015f\u0131yan bir partiyiz. Sorumlu\u011funu bilen bir partiyiz. Siyasal partiler ulusun b\u00fct\u00fcnl\u00fc\u011f\u00fcnu savunur. Van&#8217;da Erci\u015f&#8217;te isnanlar so\u011fuktan tirtir titreken kalkm\u0131\u015f biz neleri tart\u0131\u015f\u0131yoruz.<\/p>\n<p style=\"text-align: justify;\"><a href=\"http:\/\/www.cumhuriyet.com.tr\/?hn=296626&amp;kw=%22Dersim+cay%FDr+cay%FDr+yansa+senin+y%FCre%F0in+yanmaz%22\" target=\"_blank\">Kaynak : Cumhuriyet Haber Portal\u0131<\/a><\/p>\n","protected":false},"excerpt":{"rendered":"<p style=\"text-align: center;\">\n<p style=\"text-align: justify;\">CHP lideri Kemal K\u0131l\u0131\u00e7daro\u011flu, &#8220;Biz CHP olarak ge\u00e7mi\u015fimizle y\u00fczle\u015fmeyi \u00e7ok iyi biliriz. Dersimliye birinci s\u0131n\u0131f yurtta\u015f kimli\u011fi kazand\u0131ran Cumhuriyet&#8217;tir bunu herkes bilsin&#8221; diyerek Erdo\u011fan&#8217;a sert \u00e7\u0131kt\u0131.<\/p>\n<p style=\"text-align: justify;\">\u0130stanbul- CHP Grubunda yurtta\u015fa seslenen Kemal K\u0131l\u0131\u00e7daro\u011flu, Erdo\u011fan&#8217;a sert \u00e7\u0131kt\u0131. \u0130\u015fte K\u0131l\u0131\u00e7daro\u011flu&#8217;nun konu\u015fmas\u0131ndan sat\u0131rba\u015flar\u0131&#8230; <\/p>\n","protected":false},"author":1,"featured_media":0,"comment_status":"open","ping_status":"open","sticky":false,"template":"","format":"standard","meta":{"footnotes":""},"categories":[105],"tags":[],"class_list":["post-43598","post","type-post","status-publish","format-standard","hentry","category-gundem","odd"],"_links":{"self":[{"href":"http:\/\/www.korhanyilmaz.com\/index.php?rest_route=\/wp\/v2\/posts\/43598","targetHints":{"allow":["GET"]}}],"collection":[{"href":"http:\/\/www.korhanyilmaz.com\/index.php?rest_route=\/wp\/v2\/posts"}],"about":[{"href":"http:\/\/www.korhanyilmaz.com\/index.php?rest_route=\/wp\/v2\/types\/post"}],"author":[{"embeddable":true,"href":"http:\/\/www.korhanyilmaz.com\/index.php?rest_route=\/wp\/v2\/users\/1"}],"replies":[{"embeddable":true,"href":"http:\/\/www.korhanyilmaz.com\/index.php?rest_route=%2Fwp%2Fv2%2Fcomments&post=43598"}],"version-history":[{"count":0,"href":"http:\/\/www.korhanyilmaz.com\/index.php?rest_route=\/wp\/v2\/posts\/43598\/revisions"}],"wp:attachment":[{"href":"http:\/\/www.korhanyilmaz.com\/index.php?rest_route=%2Fwp%2Fv2%2Fmedia&parent=43598"}],"wp:term":[{"taxonomy":"category","embeddable":true,"href":"http:\/\/www.korhanyilmaz.com\/index.php?rest_route=%2Fwp%2Fv2%2Fcategories&post=43598"},{"taxonomy":"post_tag","embeddable":true,"href":"http:\/\/www.korhanyilmaz.com\/index.php?rest_route=%2Fwp%2Fv2%2Ftags&post=43598"}],"curies":[{"name":"wp","href":"https:\/\/api.w.org\/{rel}","templated":true}]}}