{"id":43594,"date":"2011-11-29T10:32:31","date_gmt":"2011-11-29T08:32:31","guid":{"rendered":"http:\/\/www.korhanyilmaz.com\/?p=43594"},"modified":"2011-11-29T15:35:37","modified_gmt":"2011-11-29T13:35:37","slug":"zamanin-10-kasim-oyunu","status":"publish","type":"post","link":"http:\/\/www.korhanyilmaz.com\/?p=43594","title":{"rendered":"&#8220;Zaman&#8217;\u0131n 10 Kas\u0131m oyunu&#8221;"},"content":{"rendered":"<p style=\"text-align: justify;\">\n<p style=\"text-align: center;\"><a href=\"http:\/\/www.korhanyilmaz.com\/wp-content\/uploads\/2011\/11\/74171.jpg\"  class=\"lightview\"><img loading=\"lazy\" decoding=\"async\" class=\" wp-image-43596 aligncenter\" src=\"http:\/\/www.korhanyilmaz.com\/wp-content\/uploads\/2011\/11\/74171.jpg\" alt=\"\" width=\"227\" height=\"210\" \/><\/a><\/p>\n<p style=\"text-align: justify;\">&#8220;Dersim&#8221; tart\u0131\u015fmalar\u0131n\u0131 yeniden ba\u015flatan CHP&#8217;nin olay vekili suskunlu\u011funu bozdu.<\/p>\n<p style=\"text-align: justify;\">\u0130STANBUL &#8211; Dersim katliam\u0131 tart\u0131\u015fmalar\u0131n\u0131 yeniden T\u00fcrkiye&#8217;nin g\u00fcndemine oturtan CHP Tunceli Milletvekili H\u00fcseyin Ayg\u00fcn, sessizli\u011fini CNN T\u00dcRK&#8217;te Tarafs\u0131z B\u00f6lge program\u0131nda Ahmet Hakan&#8217;a bozdu. Ayg\u00fcn, Zaman gazetesindeki r\u00f6portaj\u0131n \u00e7arp\u0131t\u0131ld\u0131\u011f\u0131n\u0131 belirtti. Ayg\u00fcn, Dersim&#8217;e y\u00f6nelik askeri operasyonun sebeplerini de a\u00e7\u0131klad\u0131.\u00a0<!--more--><\/p>\n<p style=\"text-align: justify;\"><strong>S\u00d6YLED\u0130KLER\u0130M\u0130N ETK\u0130S\u0130NE \u015eA\u015eIRDIM<\/strong><\/p>\n<p style=\"text-align: justify;\">Ba\u015fbakan&#8217;\u0131n devlet ad\u0131na \u00f6z\u00fcr dilemesinden mutlu oldu\u011funu s\u00f6yleyen Ayg\u00fcn, &#8216;S\u00f6ylediklerimin bu kadar etkili olaca\u011f\u0131n\u0131 d\u00fc\u015f\u00fcnmemi\u015ftim. Benim i\u00e7in \u015fa\u015f\u0131rt\u0131c\u0131 oldu . Daha \u00f6nce de ya\u015fanm\u0131\u015ft\u0131 bu tart\u0131\u015fmalar ama bug\u00fcn bu tar\u0131\u015fmalar\u0131n bir sonuca varaca\u011f\u0131n\u0131 d\u00fc\u015f\u00fcn\u00fcyorum&#8217; dedi.<\/p>\n<p style=\"text-align: justify;\"><strong>ZAMAN S\u00d6YLED\u0130KLER\u0130M\u0130 \u00c7ARPITTI<\/strong><\/p>\n<p style=\"text-align: justify;\">K\u0131l\u0131\u00e7daro\u011flu&#8217;yla akraba oldu\u011fu iddialar\u0131n\u0131 kesin bir dille yalanlayan Ayg\u00fcn \u015f\u00f6yle konu\u015ftu; &#8216;Bu iddia, bas\u0131n\u0131n uydurdu\u011fu onu ve CHP&#8217;yi y\u0131pratmaya d\u00f6n\u00fck olarak ortaya at\u0131lan bir yaland\u0131r. CHP&#8217;nin adayl\u0131k teklifi benim i\u00e7in s\u00fcrpriz oldu. Zaman gazetesi s\u00f6ylediklerimi \u00e7arp\u0131tarak 10 g\u00fcn sonra Atat\u00fcrk&#8217;\u00fcn \u00f6l\u00fcm y\u0131ld\u00f6n\u00fcm\u00fcnde 10 Kas\u0131m tarihinde benim s\u00f6ylemediklerimi s\u00f6ylemi\u015fim gibi yay\u0131nlad\u0131. Ben t\u00fcm r\u00f6portaj boyunca bu katliam\u0131n Atat\u00fcrk&#8217;e ve CHP&#8217;ye maledilemeyece\u011fini s\u00f6yledim ancak r\u00f6portaj &#8216;Dersim katliam\u0131n\u0131n sorumlusu Atat\u00fcrk ve CHP&#8217;dir&#8221; ba\u015fl\u0131\u011f\u0131yla \u00e7\u0131kt\u0131. Burdan da sa\u011f bas\u0131na konu\u015furken daha dikkatli olmak gerekti\u011fini anlad\u0131m.<\/p>\n<p style=\"text-align: justify;\"><a href=\"http:\/\/www.gazeteport.com.tr\/haber\/65390\/quotzamanin_10_kasim_oyunuquot\" target=\"_blank\">Kaynak : GAZETEPORT<\/a><\/p>\n","protected":false},"excerpt":{"rendered":"<p style=\"text-align: justify;\">\n<p style=\"text-align: center;\">\n<p style=\"text-align: justify;\">&#8220;Dersim&#8221; tart\u0131\u015fmalar\u0131n\u0131 yeniden ba\u015flatan CHP&#8217;nin olay vekili suskunlu\u011funu bozdu.<\/p>\n<p style=\"text-align: justify;\">\u0130STANBUL &#8211; Dersim katliam\u0131 tart\u0131\u015fmalar\u0131n\u0131 yeniden T\u00fcrkiye&#8217;nin g\u00fcndemine oturtan CHP Tunceli Milletvekili H\u00fcseyin Ayg\u00fcn, sessizli\u011fini CNN T\u00dcRK&#8217;te Tarafs\u0131z B\u00f6lge program\u0131nda Ahmet Hakan&#8217;a bozdu. Ayg\u00fcn, Zaman gazetesindeki r\u00f6portaj\u0131n \u00e7arp\u0131t\u0131ld\u0131\u011f\u0131n\u0131 belirtti. Ayg\u00fcn, Dersim&#8217;e y\u00f6nelik askeri operasyonun sebeplerini de <\/p>\n","protected":false},"author":1,"featured_media":0,"comment_status":"open","ping_status":"open","sticky":false,"template":"","format":"standard","meta":{"footnotes":""},"categories":[105],"tags":[],"class_list":["post-43594","post","type-post","status-publish","format-standard","hentry","category-gundem","odd"],"_links":{"self":[{"href":"http:\/\/www.korhanyilmaz.com\/index.php?rest_route=\/wp\/v2\/posts\/43594","targetHints":{"allow":["GET"]}}],"collection":[{"href":"http:\/\/www.korhanyilmaz.com\/index.php?rest_route=\/wp\/v2\/posts"}],"about":[{"href":"http:\/\/www.korhanyilmaz.com\/index.php?rest_route=\/wp\/v2\/types\/post"}],"author":[{"embeddable":true,"href":"http:\/\/www.korhanyilmaz.com\/index.php?rest_route=\/wp\/v2\/users\/1"}],"replies":[{"embeddable":true,"href":"http:\/\/www.korhanyilmaz.com\/index.php?rest_route=%2Fwp%2Fv2%2Fcomments&post=43594"}],"version-history":[{"count":0,"href":"http:\/\/www.korhanyilmaz.com\/index.php?rest_route=\/wp\/v2\/posts\/43594\/revisions"}],"wp:attachment":[{"href":"http:\/\/www.korhanyilmaz.com\/index.php?rest_route=%2Fwp%2Fv2%2Fmedia&parent=43594"}],"wp:term":[{"taxonomy":"category","embeddable":true,"href":"http:\/\/www.korhanyilmaz.com\/index.php?rest_route=%2Fwp%2Fv2%2Fcategories&post=43594"},{"taxonomy":"post_tag","embeddable":true,"href":"http:\/\/www.korhanyilmaz.com\/index.php?rest_route=%2Fwp%2Fv2%2Ftags&post=43594"}],"curies":[{"name":"wp","href":"https:\/\/api.w.org\/{rel}","templated":true}]}}