{"id":43591,"date":"2011-11-29T15:27:53","date_gmt":"2011-11-29T13:27:53","guid":{"rendered":"http:\/\/www.korhanyilmaz.com\/?p=43591"},"modified":"2011-11-29T15:27:53","modified_gmt":"2011-11-29T13:27:53","slug":"tahrik","status":"publish","type":"post","link":"http:\/\/www.korhanyilmaz.com\/?p=43591","title":{"rendered":"Tahrik&#8230;"},"content":{"rendered":"<div id=\"attachment_37377\" style=\"width: 114px\" class=\"wp-caption alignright\"><img loading=\"lazy\" decoding=\"async\" aria-describedby=\"caption-attachment-37377\" class=\" wp-image-37377  \" title=\"Bekir Co\u015fkun - Cumhuriyet Gazetesi\" src=\"http:\/\/www.korhanyilmaz.com\/wp-content\/uploads\/2011\/07\/2011-07-28_230334.jpg\" alt=\"\" width=\"104\" height=\"120\" \/><p id=\"caption-attachment-37377\" class=\"wp-caption-text\">Bekir Co\u015fkun<\/p><\/div>\n<p style=\"text-align: justify;\">Polis, kad\u0131n\u0131n g\u00f6zlerini \u201ctahrik edici\u201d buldu&#8230;<\/p>\n<p style=\"text-align: justify;\">E\u011filip bir daha bakt\u0131&#8230;<\/p>\n<p style=\"text-align: justify;\">Kad\u0131n g\u00f6zlerini k\u0131rp\u0131\u015ft\u0131rd\u0131&#8230;<\/p>\n<p style=\"text-align: justify;\">*<\/p>\n<p style=\"text-align: justify;\">Araplar, Suriye\u2019de demokrasi ve insan haklar\u0131 istiyorlar&#8230;<\/p>\n<p style=\"text-align: justify;\">\u0130steyenlerin ba\u015f\u0131nda Suudi Arabistan geliyor&#8230;\u00a0<!--more--><\/p>\n<p style=\"text-align: justify;\">\u0130\u015fte orada oldu bu:<\/p>\n<p style=\"text-align: justify;\">Adam Hael b\u00f6lgesinde kar\u0131s\u0131 ile y\u00fcr\u00fcyordu. Suudi \u201cahlak polisi\u201d yollar\u0131n\u0131 kesti, muhtemelen kad\u0131na \u201cBak bir bana\u201d dedi, i\u015fte o zaman kad\u0131n g\u00f6zlerini k\u0131rp\u0131\u015ft\u0131rarak bakt\u0131&#8230;<\/p>\n<p style=\"text-align: justify;\">Polis kad\u0131n\u0131n kocas\u0131na d\u00f6nd\u00fc \u201cKar\u0131n\u0131n g\u00f6zleri tahrik edici, bu haram\u201d dedi&#8230;<\/p>\n<p style=\"text-align: justify;\">Adam itiraz etti:<\/p>\n<p style=\"text-align: justify;\">\u201cBen de bak\u0131yorum i\u015fte&#8230; Tahrik edici olsa d\u00f6n\u00fcp eve gideriz&#8230; Niye kalk\u0131p yengemlere gideyim?..\u201d<\/p>\n<p style=\"text-align: justify;\">*<\/p>\n<p style=\"text-align: justify;\">Tart\u0131\u015fma b\u00fcy\u00fcd\u00fc&#8230;<\/p>\n<p style=\"text-align: justify;\">Polis \u201cg\u00f6zleri tahrik edici kad\u0131n\u0131n\u201d kocas\u0131n\u0131 d\u00f6vd\u00fc&#8230;<\/p>\n<p style=\"text-align: justify;\">Kolunu k\u0131rd\u0131&#8230;<\/p>\n<p style=\"text-align: justify;\">Mahkemeye gittiler&#8230;<\/p>\n<p style=\"text-align: justify;\">Mahkeme; \u015feriat mahkemesi&#8230;<\/p>\n<p style=\"text-align: justify;\">Bat\u0131 medyas\u0131na d\u00fc\u015fen haberlere g\u00f6re \u015feriat mahkemesi karar ald\u0131; bundan b\u00f6yle g\u00f6zleri tahrik edici kad\u0131nlar \u00fclke \u00e7ap\u0131nda g\u00f6zlerini kapatacaklar&#8230;<\/p>\n<p style=\"text-align: justify;\">*<\/p>\n<p style=\"text-align: justify;\">Mesela T\u00fcrkiye\u2019de de bu kafada adamlar var, onlara kalsa damacana da yasak&#8230; \u00c7\u00fcnk\u00fc \u201coval cisimlerin tahrik edici\u201d oldu\u011funu s\u00f6ylemi\u015fti hoca&#8230;<\/p>\n<p style=\"text-align: justify;\">Damacana hem oval, hem deli\u011fi var&#8230;<\/p>\n<p style=\"text-align: justify;\">Nitekim nerede yakalanm\u0131\u015ft\u0131 apartman\u0131n sucusu?..<\/p>\n<p style=\"text-align: justify;\">Asans\u00f6rde, damacanaya tecav\u00fcz ederken&#8230;<\/p>\n<p style=\"text-align: justify;\">*<\/p>\n<p style=\"text-align: justify;\">Ne alakas\u0131 var t\u00fcm bunlar\u0131n d\u00fcnya d\u00fczeni ile demeyin&#8230;<\/p>\n<p style=\"text-align: justify;\">Arap Birli\u011fi (ki \u0130ngilizler kurmu\u015ftur) birka\u00e7 g\u00fcn \u00f6nce toplan\u0131p \u201cinsan haklar\u0131\u201d olmad\u0131\u011f\u0131 gerek\u00e7esiyle Suriye\u2019ye yapt\u0131r\u0131m uygulama karar\u0131 ald\u0131, u\u00e7aklar u\u00e7arsa ABD f\u00fczeleri ile indirecekler&#8230;<\/p>\n<p style=\"text-align: justify;\">Karar\u0131 alanlar\u0131n ba\u015f\u0131nda Suudi Arabistan geliyor&#8230;<\/p>\n<p style=\"text-align: justify;\">Kad\u0131nlar\u0131n araba kullanmas\u0131n\u0131n da -muhtemelen vites kolundan dolay\u0131- yasak oldu\u011fu Suudi Arabistan&#8230;<\/p>\n<p style=\"text-align: justify;\">*<\/p>\n<p style=\"text-align: justify;\">Ortado\u011fu\u2019ya yeni bir dizayn vermekte olan ABD\u2019nin kukla gibi oynatt\u0131\u011f\u0131 Arap liderlerini, bir masan\u0131n etraf\u0131nda toplanm\u0131\u015f \u201cSuriye\u2019ye insan haklar\u0131 isterken\u201d g\u00f6r\u00fcnce, bunlar ge\u00e7ti akl\u0131mdan&#8230;<\/p>\n<p style=\"text-align: justify;\">Aralar\u0131na oturmu\u015f Arap olmayan tek ki\u015fi; AKP\u2019nin D\u0131\u015fi\u015fleri Bakan\u0131 Davuto\u011flu&#8230;<\/p>\n<p style=\"text-align: justify;\">\u201cNe i\u015fi var?\u201d dememeli&#8230;<\/p>\n<p style=\"text-align: justify;\">Buluyorlar birbirlerini&#8230;<\/p>\n<p style=\"text-align: justify;\">*<\/p>\n<p style=\"text-align: justify;\">Kad\u0131nlar\u0131n bak\u0131\u015f\u0131ndan ya da oval cisimlerden tahrik oluyorlar da&#8230;<\/p>\n<p style=\"text-align: justify;\">ABD f\u00fcze sokuyor, faydas\u0131 olmuyor&#8230;<\/p>\n<p style=\"text-align: justify;\"><a href=\"http:\/\/www.cumhuriyet.com.tr\/?hn=296614&amp;kw=Bekir+Co%FEkun'un+kaleminden+'Tahrik'+\" target=\"_blank\">Kaynak : Cumhuriyet Haber Portal\u0131<\/a><\/p>\n","protected":false},"excerpt":{"rendered":"<p id=\"caption-attachment-37377\" class=\"wp-caption-text\">Bekir Co\u015fkun<\/p>\n<p style=\"text-align: justify;\">Polis, kad\u0131n\u0131n g\u00f6zlerini \u201ctahrik edici\u201d buldu&#8230;<\/p>\n<p style=\"text-align: justify;\">E\u011filip bir daha bakt\u0131&#8230;<\/p>\n<p style=\"text-align: justify;\">Kad\u0131n g\u00f6zlerini k\u0131rp\u0131\u015ft\u0131rd\u0131&#8230;<\/p>\n<p style=\"text-align: justify;\">*<\/p>\n<p style=\"text-align: justify;\">Araplar, Suriye\u2019de demokrasi ve insan haklar\u0131 istiyorlar&#8230;<\/p>\n<p style=\"text-align: justify;\">\u0130steyenlerin ba\u015f\u0131nda Suudi Arabistan geliyor&#8230; <\/p>\n","protected":false},"author":1,"featured_media":0,"comment_status":"open","ping_status":"open","sticky":false,"template":"","format":"standard","meta":{"footnotes":""},"categories":[16],"tags":[],"class_list":["post-43591","post","type-post","status-publish","format-standard","hentry","category-kose-yazilari","odd"],"_links":{"self":[{"href":"http:\/\/www.korhanyilmaz.com\/index.php?rest_route=\/wp\/v2\/posts\/43591","targetHints":{"allow":["GET"]}}],"collection":[{"href":"http:\/\/www.korhanyilmaz.com\/index.php?rest_route=\/wp\/v2\/posts"}],"about":[{"href":"http:\/\/www.korhanyilmaz.com\/index.php?rest_route=\/wp\/v2\/types\/post"}],"author":[{"embeddable":true,"href":"http:\/\/www.korhanyilmaz.com\/index.php?rest_route=\/wp\/v2\/users\/1"}],"replies":[{"embeddable":true,"href":"http:\/\/www.korhanyilmaz.com\/index.php?rest_route=%2Fwp%2Fv2%2Fcomments&post=43591"}],"version-history":[{"count":0,"href":"http:\/\/www.korhanyilmaz.com\/index.php?rest_route=\/wp\/v2\/posts\/43591\/revisions"}],"wp:attachment":[{"href":"http:\/\/www.korhanyilmaz.com\/index.php?rest_route=%2Fwp%2Fv2%2Fmedia&parent=43591"}],"wp:term":[{"taxonomy":"category","embeddable":true,"href":"http:\/\/www.korhanyilmaz.com\/index.php?rest_route=%2Fwp%2Fv2%2Fcategories&post=43591"},{"taxonomy":"post_tag","embeddable":true,"href":"http:\/\/www.korhanyilmaz.com\/index.php?rest_route=%2Fwp%2Fv2%2Ftags&post=43591"}],"curies":[{"name":"wp","href":"https:\/\/api.w.org\/{rel}","templated":true}]}}