{"id":43587,"date":"2011-11-29T09:23:21","date_gmt":"2011-11-29T07:23:21","guid":{"rendered":"http:\/\/www.korhanyilmaz.com\/?p=43587"},"modified":"2011-11-29T15:23:39","modified_gmt":"2011-11-29T13:23:39","slug":"haluk-levent-ve-ahmet-san-gozaltinda","status":"publish","type":"post","link":"http:\/\/www.korhanyilmaz.com\/?p=43587","title":{"rendered":"Haluk Levent ve Ahmet San g\u00f6zalt\u0131nda!"},"content":{"rendered":"<p style=\"text-align: center;\"><a href=\"http:\/\/www.korhanyilmaz.com\/wp-content\/uploads\/2011\/11\/7416.jpg\"  class=\"lightview\"><img loading=\"lazy\" decoding=\"async\" class=\"aligncenter  wp-image-43588\" src=\"http:\/\/www.korhanyilmaz.com\/wp-content\/uploads\/2011\/11\/7416.jpg\" alt=\"\" width=\"420\" height=\"210\" \/><\/a><\/p>\n<p style=\"text-align: justify;\">\u0130ZM\u0130R\u2019de silahla tehdit, bask\u0131, y\u0131ld\u0131rma, i\u015f yeri ele ge\u00e7irme olaylar\u0131na kar\u0131\u015ft\u0131\u011f\u0131 belirtilen su\u00e7 \u00f6rg\u00fct\u00fcne y\u00f6nelik operasyonda 49 ki\u015fi g\u00f6zalt\u0131na al\u0131nd\u0131.<\/p>\n<p style=\"text-align: justify;\">\u00c7ete operasyonunda g\u00f6zalt\u0131na al\u0131nanlar\u0131n say\u0131s\u0131n\u0131n artabilece\u011fi ve olaylarla ilgili aralar\u0131nda tan\u0131nm\u0131\u015f organizat\u00f6r, \u015fark\u0131c\u0131 ve oyuncular\u0131n da bulundu\u011fu baz\u0131 ki\u015filerin de ifadesine ba\u015fvurulaca\u011f\u0131 belirtildi.\u00a0<!--more--><\/p>\n<p style=\"text-align: justify;\"><strong>HALUK LEVENT G\u00d6ZALTINDA\u00a0<\/strong><\/p>\n<p style=\"text-align: justify;\">\u0130zmir\u2019de 49 \u015f\u00fcphelinin g\u00f6zalt\u0131na al\u0131nd\u0131\u011f\u0131 \u00e7ete operasyonu kapsam\u0131nda sanat\u00e7\u0131 Haluk Levent de \u0130stanbul\u2019da g\u00f6zalt\u0131na al\u0131nd\u0131. Operasyon kapsam\u0131nda oyuncu Erkan Petekkaya ile organizat\u00f6r Ahmet San\u2019\u0131n da yine \u0130stanbul\u2019da ifadesine ba\u015fvurulaca\u011f\u0131 belirtildi.<\/p>\n<p style=\"text-align: justify;\"><strong>\u015eANTAJ CD\u2019S\u0130\u00a0<\/strong><\/p>\n<p style=\"text-align: justify;\">\u0130zmir\u2019de, \u2019Silahl\u0131 tehdit, bask\u0131, y\u0131ld\u0131rma, i\u015fyeri ele ge\u00e7irme\u2019 su\u00e7lar\u0131na kar\u0131\u015ft\u0131klar\u0131 \u00f6ne s\u00fcr\u00fclen su\u00e7 \u00f6rg\u00fct\u00fcne y\u00f6nelik olarak yap\u0131lan operasyonun ayr\u0131nt\u0131lar\u0131 ortaya \u00e7\u0131kmaya ba\u015flad\u0131. \u00dcnl\u00fc isimlerin de kar\u0131\u015ft\u0131\u011f\u0131 operasyonda \u00e7ete eleba\u015f\u0131n\u0131n \u0130zmir\u2019de oturan PKK itiraf\u00e7\u0131s\u0131 Diyarbak\u0131rl\u0131 eski kuyumcu Muzaffer K\u00f6se oldu\u011fu belirtildi.<\/p>\n<p style=\"text-align: justify;\">\u0130ddiaya g\u00f6re oyuncu Erkan Petekkaya\u2019ya ba\u015fka bir grup uygunsuz g\u00f6r\u00fcnt\u00fclerinin bulundu\u011fu CD ile para s\u0131zd\u0131rmak i\u00e7in \u015fantaj yapt\u0131. Petekkaya da \u015fantaj yapan bu gruptan kurtulmak i\u00e7in K\u00f6se\u2019den yard\u0131m istedi.<\/p>\n<p style=\"text-align: justify;\">Organizat\u00f6r Ahmet San\u2019\u0131n da \u00c7e\u015fme\u2019de kendisine ait e\u011flence yerinden kirac\u0131lar\u0131n\u0131 \u00e7\u0131karamay\u0131nca yine bu gruptan yard\u0131m istedi\u011fi iddia edildi.<\/p>\n<p style=\"text-align: justify;\">Kar\u015f\u0131l\u0131ks\u0131z \u00e7ek ve senetleri nedeniyle bir\u00e7ok kez g\u00f6zalt\u0131na al\u0131nan Haluk Levent\u2019in de tefecilerden ald\u0131\u011f\u0131 paray\u0131 \u00f6deyemeyince, s\u0131k\u0131\u015ft\u0131r\u0131ld\u0131\u011f\u0131, bunun \u00fczerine Muzaffer K\u00f6se\u2019nin \u2019korumas\u0131na girdi\u011fi\u2019 iddia edildi. Haluk Levent i\u00e7in g\u00f6zalt\u0131na al\u0131nma karar\u0131 verildi\u011fi belirtildi.<\/p>\n<p style=\"text-align: justify;\">Bu arada Prestij M\u00fczik\u2019in eski ortaklar\u0131ndan Burhan Aydemir\u2019in de benzer nedenlerle \u0130stanbul\u2019da polise ifade verece\u011fi ileri s\u00fcr\u00fcld\u00fc.<\/p>\n<p style=\"text-align: justify;\">\u00d6teyandan Muzaffer K\u00f6se\u2019nin eleba\u015f\u0131 oldu\u011fu ileri s\u00fcr\u00fclen su\u00e7 \u00e7etesiyle ilgili \u0130zmir, \u0130stanbul ve Bursa\u2019da polisin operasyonlar yapt\u0131\u011f\u0131, \u015fu ana kadar g\u00f6zalt\u0131 say\u0131s\u0131n\u0131n 32\u2019ye ula\u015ft\u0131\u011f\u0131, bu say\u0131n\u0131n 49\u2019u bulaca\u011f\u0131 bildirildi. 22 \u015f\u00fcphelinin \u0130zmir, 15\u2019inin \u0130stanbul, di\u011ferlerinin de Bursa\u2019da g\u00f6zalt\u0131na al\u0131nmas\u0131 bekleniyor.<\/p>\n<p style=\"text-align: justify;\"><strong>AHMET SAN \u0130STANBUL\u2019DA G\u00d6ZALTINA ALINDI\u00a0<\/strong><\/p>\n<p style=\"text-align: justify;\">\u00dcnl\u00fc organizat\u00f6r Ahmet San \u0130stanbul\u2019da g\u00f6zalt\u0131na al\u0131nd\u0131. Haseki E\u011fitim ve Ara\u015ft\u0131rma Hastanesi\u2019nde sa\u011fl\u0131k kontrol\u00fcnden ge\u00e7irilen San\u2019\u0131n \u0130zmir\u2019deki operasyon kapsam\u0131nda g\u00f6zalt\u0131na al\u0131nd\u0131\u011f\u0131 belirtiliyor.<\/p>\n<p style=\"text-align: justify;\"><strong>BURSA\u2019DA G\u00d6ZALTINA ALINAN 2 \u015e\u00dcPHEL\u0130 \u0130ZM\u0130R\u2019E G\u00d6NDER\u0130LD\u0130\u00a0<\/strong><\/p>\n<p style=\"text-align: justify;\">\u0130zmir\u2019de, \u2019Silahl\u0131 tehdit, bask\u0131, y\u0131ld\u0131rma, i\u015fyeri ele ge\u00e7irme\u2019 su\u00e7lar\u0131na kar\u0131\u015ft\u0131klar\u0131 \u00f6ne s\u00fcr\u00fclen su\u00e7 \u00f6rg\u00fct\u00fcne y\u00f6nelik olarak yap\u0131lan operasyon kapsam\u0131nda Bursa\u2019da iki adrese operasyon yap\u0131ld\u0131. \u0130zmir polisinin verdi\u011fi adrese bask\u0131n yapan Bursa\u2019daki ekipler bir m\u00fcteahhitlik \u015firketinde \u00e7al\u0131\u015fan \u0130.S. ve \u00dc.G.\u2019yi g\u00f6zalt\u0131na al\u0131nd\u0131. G\u00f6zalt\u0131na al\u0131nan 2 \u015f\u00fcpheli \u0130zmir\u2019e g\u00f6nderildi.<\/p>\n<p style=\"text-align: justify;\"><a href=\"http:\/\/haber.gazetevatan.com\/haluk-levent-ve-ahmet-san-gozaltinda\/414104\/1\/Gundem\" target=\"_blank\">Kaynak : Vatan Gazetesi<\/a><\/p>\n","protected":false},"excerpt":{"rendered":"<p style=\"text-align: center;\">\n<p style=\"text-align: justify;\">\u0130ZM\u0130R\u2019de silahla tehdit, bask\u0131, y\u0131ld\u0131rma, i\u015f yeri ele ge\u00e7irme olaylar\u0131na kar\u0131\u015ft\u0131\u011f\u0131 belirtilen su\u00e7 \u00f6rg\u00fct\u00fcne y\u00f6nelik operasyonda 49 ki\u015fi g\u00f6zalt\u0131na al\u0131nd\u0131.<\/p>\n<p style=\"text-align: justify;\">\u00c7ete operasyonunda g\u00f6zalt\u0131na al\u0131nanlar\u0131n say\u0131s\u0131n\u0131n artabilece\u011fi ve olaylarla ilgili aralar\u0131nda tan\u0131nm\u0131\u015f organizat\u00f6r, \u015fark\u0131c\u0131 ve oyuncular\u0131n da bulundu\u011fu baz\u0131 ki\u015filerin de ifadesine ba\u015fvurulaca\u011f\u0131 belirtildi. <\/p>\n","protected":false},"author":1,"featured_media":0,"comment_status":"open","ping_status":"open","sticky":false,"template":"","format":"standard","meta":{"footnotes":""},"categories":[105],"tags":[],"class_list":["post-43587","post","type-post","status-publish","format-standard","hentry","category-gundem","odd"],"_links":{"self":[{"href":"http:\/\/www.korhanyilmaz.com\/index.php?rest_route=\/wp\/v2\/posts\/43587","targetHints":{"allow":["GET"]}}],"collection":[{"href":"http:\/\/www.korhanyilmaz.com\/index.php?rest_route=\/wp\/v2\/posts"}],"about":[{"href":"http:\/\/www.korhanyilmaz.com\/index.php?rest_route=\/wp\/v2\/types\/post"}],"author":[{"embeddable":true,"href":"http:\/\/www.korhanyilmaz.com\/index.php?rest_route=\/wp\/v2\/users\/1"}],"replies":[{"embeddable":true,"href":"http:\/\/www.korhanyilmaz.com\/index.php?rest_route=%2Fwp%2Fv2%2Fcomments&post=43587"}],"version-history":[{"count":0,"href":"http:\/\/www.korhanyilmaz.com\/index.php?rest_route=\/wp\/v2\/posts\/43587\/revisions"}],"wp:attachment":[{"href":"http:\/\/www.korhanyilmaz.com\/index.php?rest_route=%2Fwp%2Fv2%2Fmedia&parent=43587"}],"wp:term":[{"taxonomy":"category","embeddable":true,"href":"http:\/\/www.korhanyilmaz.com\/index.php?rest_route=%2Fwp%2Fv2%2Fcategories&post=43587"},{"taxonomy":"post_tag","embeddable":true,"href":"http:\/\/www.korhanyilmaz.com\/index.php?rest_route=%2Fwp%2Fv2%2Ftags&post=43587"}],"curies":[{"name":"wp","href":"https:\/\/api.w.org\/{rel}","templated":true}]}}