{"id":43580,"date":"2011-11-29T09:51:52","date_gmt":"2011-11-29T07:51:52","guid":{"rendered":"http:\/\/www.korhanyilmaz.com\/?p=43580"},"modified":"2011-11-29T15:12:18","modified_gmt":"2011-11-29T13:12:18","slug":"mehmet-eymur-gozaltina-alinda","status":"publish","type":"post","link":"http:\/\/www.korhanyilmaz.com\/?p=43580","title":{"rendered":"Mehmet Eym\u00fcr g\u00f6zalt\u0131na al\u0131nda"},"content":{"rendered":"<p style=\"text-align: center;\"><a href=\"http:\/\/www.korhanyilmaz.com\/wp-content\/uploads\/2011\/11\/7414.jpg\"  class=\"lightview\"><img loading=\"lazy\" decoding=\"async\" class=\"aligncenter  wp-image-43581\" src=\"http:\/\/www.korhanyilmaz.com\/wp-content\/uploads\/2011\/11\/7414.jpg\" alt=\"\" width=\"462\" height=\"210\" \/><\/a><\/p>\n<p style=\"text-align: justify;\">Faili me\u00e7hul cinayetler soru\u015fturmas\u0131nda eski M\u0130T mensubu Mehmet Eym\u00fcr g\u00f6zalt\u0131na al\u0131nd\u0131.<\/p>\n<p style=\"text-align: justify;\">\u0130STANBUL &#8211; \u00d6zel yetkili Ankara Cumhuriyet Ba\u015fsavc\u0131vekilli\u011fince, baz\u0131 faili me\u00e7hul cinayetlere ili\u015fkin olarak y\u00fcr\u00fct\u00fclen soru\u015fturma kapsam\u0131nda, eski M\u0130T Kontrter\u00f6r Daire Ba\u015fkan\u0131 Mehmet Eym\u00fcr g\u00f6zalt\u0131na al\u0131nd\u0131.\u00a0<!--more--><\/p>\n<p style=\"text-align: justify;\">Eym\u00fcr&#8217;\u00fcn, \u0130stanbul Ter\u00f6rle M\u00fccadele \u015eube M\u00fcd\u00fcrl\u00fc\u011f\u00fc ekiplerince g\u00f6zalt\u0131na al\u0131nd\u0131\u011f\u0131 ve Ankara&#8217;ya g\u00f6nderilece\u011fi bildirildi.<\/p>\n<p style=\"text-align: justify;\"><strong>AYHAN \u00c7ARKIN SU\u00c7LAMALARDA BULUNMU\u015eTU<\/strong><\/p>\n<p style=\"text-align: justify;\">Eym\u00fcr\u2019\u00fcn eski \u00d6zel Harekat\u00e7\u0131 Ayhan \u00c7ark\u0131n\u2019\u0131n ifadeleri do\u011frultusunda g\u00f6zalt\u0131na al\u0131nd\u0131\u011f\u0131 \u00f6\u011frenildi. \u00c7ark\u0131n&#8217;\u0131n itiraflar\u0131yla ba\u015flat\u0131lan soru\u015fturma kapsam\u0131nda \u00d6zel Harekat Dairesi Eski Ba\u015fkanvekili \u0130brahim \u015eahin ile eski \u00f6zel harekat polisi Ercan Ersoy&#8217;un da aralar\u0131nda bulundu\u011fu baz\u0131 ki\u015filer tutuklanm\u0131\u015ft\u0131.<\/p>\n<p style=\"text-align: justify;\"><strong>\u00d6NEML\u0130 OPERASYONLARDA ADI VAR<\/strong><\/p>\n<p style=\"text-align: justify;\">1943 \u0130stanbul do\u011fumlu olan Eym\u00fcr, M\u0130T Kontrter\u00f6r Dairesi eski ba\u015fkan\u0131yd\u0131. 9 Mart 1971 darbe te\u015febb\u00fcs\u00fcnden sonra M\u0130T&#8217;te Hiram Abas&#8217;la birlikte Ziverbey&#8217;de 1. Ordu Komutan\u0131 Orgeneral Faik T\u00fcr\u00fcn&#8217;\u00fcn emrinde \u00e7al\u0131\u015ft\u0131. K\u0131z\u0131ldere ve Ula\u015f Bardak\u00e7\u0131&#8217;n\u0131n \u00f6ld\u00fcr\u00fcld\u00fc\u011f\u00fc operasyonlara kat\u0131ld\u0131. 1975&#8217;te Ankara M\u0130T B\u00f6lge Dairesi Ba\u015fkanl\u0131\u011f\u0131 Takip \u015eube M\u00fcd\u00fcrl\u00fc\u011f\u00fc de yapan Eym\u00fcr, 1980&#8217;de Bulgaristan&#8217;a gittikten sonra 1982&#8217;de Kenan Evren&#8217;in damad\u0131 Erkan G\u00fcrvit taraf\u0131ndan K\u00f6\u015fk&#8217;e \u00e7a\u011f\u0131r\u0131ld\u0131. ASALA&#8217;ya kar\u015f\u0131 eylemlerde g\u00f6revlendirildi.<\/p>\n<p style=\"text-align: justify;\">T\u00fcrkiye&#8217;ye d\u00f6nd\u00fckten sonra Mardin M\u0130T B\u00f6lge M\u00fcd\u00fcrl\u00fc\u011f\u00fc&#8217;ne getirildi. Daha sonra Ankara&#8217;da Kontrespiyonaj Dairesi i\u00e7inde kurulan Ka\u00e7ak\u00e7\u0131l\u0131k ve \u0130stihbarat \u015eube M\u00fcd\u00fcrl\u00fc\u011f\u00fc&#8217;ne tayin edildi. Ba\u015fkan yard\u0131mc\u0131l\u0131\u011f\u0131 g\u00f6revine getirildikten sonra 1984&#8217;te Genelkurmay Ba\u015fkanl\u0131\u011f\u0131&#8217;ndan al\u0131nan izinle Babalar Operasyonu&#8217;nu ba\u015flatt\u0131.<\/p>\n<p style=\"text-align: justify;\">Abdullah \u00c7atl\u0131&#8217;n\u0131n istihbarat ama\u00e7l\u0131 kullan\u0131ld\u0131\u011f\u0131n\u0131 ancak daha sonra kontrolden \u00e7\u0131k\u0131p kendisini bile g\u00f6revden ald\u0131rmak istedi\u011fini ileri s\u00fcrd\u00fc. M\u0130T g\u00f6revlisi Tar\u0131k \u00dcmit&#8217;in ka\u00e7\u0131r\u0131lmas\u0131n\u0131n ard\u0131ndan Mehmet A\u011far&#8217;\u0131 arad\u0131\u011f\u0131n\u0131 ve serbest b\u0131rak\u0131lmas\u0131n\u0131 s\u00f6yledi\u011fini a\u00e7\u0131klad\u0131. Ergenekon \u00e7etesine s\u0131zan Tuncay G\u00fcney&#8217;in de M\u0130T Kontrter\u00f6r Dairesine bilgi aktard\u0131\u011f\u0131 \u00f6ne s\u00fcr\u00fcl\u00fcyor.<\/p>\n<p style=\"text-align: justify;\"><strong>&#8220;TE\u015eK\u0130LATTA Y\u00dcZLERCE &#8216;YE\u015e\u0130L&#8217; VAR&#8221;<\/strong><\/p>\n<p style=\"text-align: justify;\">70&#8217;li y\u0131llar\u0131n ba\u015f\u0131nda girdi\u011fi M\u0130T&#8217;te Alaattin \u00c7ak\u0131c\u0131&#8217;n\u0131n yakalanmas\u0131n\u0131n ard\u0131ndan Washington&#8217;dan merkeze \u00e7a\u011f\u0131r\u0131ld\u0131. Emeklilik karar\u0131na direnince M\u0130T Yasas\u0131&#8217;n\u0131n 19. Maddesi i\u015fletildi ve Mesut Y\u0131lmaz&#8217;\u0131n onay\u0131yla \u015eeker Fabrikalar\u0131&#8217;na m\u00fc\u015favir olarak atand\u0131. Daha sonra emekliye ayr\u0131larak Washington&#8217;a yerle\u015fen Eym\u00fcr, en son \u0130nternet&#8217;te a\u00e7t\u0131\u011f\u0131 sitede (atin.org) yapt\u0131\u011f\u0131 a\u00e7\u0131klamalar\u0131yla g\u00fcndeme geldi.<\/p>\n<p style=\"text-align: justify;\">Eym\u00fcr, 2000&#8217;de bir gazeteye verdi\u011fi deme\u00e7te, Ye\u015fil kod adl\u0131 Mahmut Y\u0131ld\u0131r\u0131m konusunun M\u0130T&#8217;le de\u011fil kendisiyle \u00f6zde\u015fle\u015ftirilmesinden rahats\u0131z oldu\u011funu belirterek, &#8220;Te\u015fkilat\u0131n elemanlar\u0131 aras\u0131nda y\u00fczlerce Ye\u015fil var. Ye\u015fil \u00f6nce de vard\u0131, yetkililer ne derse desinler, bundan sonra da olacakt\u0131r&#8221; dedi.<\/p>\n<p style=\"text-align: justify;\">Eym\u00fcr hakk\u0131nda, e-mail yoluyla ve a\u00e7t\u0131\u011f\u0131 web sitesindeki a\u00e7\u0131klamalar\u0131 nedeniyle bas\u0131na &#8220;Devletin gizli s\u0131rlar\u0131n\u0131 if\u015fa etmek&#8221; su\u00e7undan soru\u015fturma ba\u015flat\u0131ld\u0131. Sitede yer alan bilgiler \u00fczerine M\u0130T, Eym\u00fcr hakk\u0131nda Ankara Devlet G\u00fcvenlik Mahkemesi&#8217;ne su\u00e7 duyurusunda bulundu. DGM Savc\u0131l\u0131\u011f\u0131 yetkisizlik karar\u0131 vererek dosyay\u0131 Ankara Cumhuriyet Ba\u015fsavc\u0131l\u0131\u011f\u0131&#8217;na g\u00f6nderdi. Cumhuriyet Savc\u0131s\u0131 Kas\u0131m Hac\u0131kamilo\u011flu taraf\u0131ndan y\u00fcr\u00fct\u00fclen soru\u015fturma \u00e7er\u00e7evesinde, Eym\u00fcr&#8217;\u00fcn adres tespiti ve kimlik bilgileri i\u00e7in Ba\u015fbakanl\u0131\u011fa yaz\u0131 g\u00f6nderildi.<\/p>\n<p style=\"text-align: justify;\">Emekli olduktan sonra Washington&#8217;a yerle\u015fen Eym\u00fcr, k\u0131sa bir s\u00fcre \u00f6nce yeniden \u0130stanbul&#8217;a d\u00f6nerek i\u015fadam\u0131 Sudi \u00d6zkan&#8217;\u0131n dan\u0131\u015fmanl\u0131\u011f\u0131n\u0131 yapmaya ba\u015flad\u0131. Eym\u00fcr &#8216;Sentez&#8217; adl\u0131 bir kitap yazm\u0131\u015ft\u0131.<\/p>\n<p style=\"text-align: justify;\"><a href=\"http:\/\/www.gazeteport.com.tr\/haber\/65381\/mehmet_eymur_gozaltina_alinda\" target=\"_blank\">Kaynak : GAZETEPORT<\/a><\/p>\n","protected":false},"excerpt":{"rendered":"<p style=\"text-align: center;\">\n<p style=\"text-align: justify;\">Faili me\u00e7hul cinayetler soru\u015fturmas\u0131nda eski M\u0130T mensubu Mehmet Eym\u00fcr g\u00f6zalt\u0131na al\u0131nd\u0131.<\/p>\n<p style=\"text-align: justify;\">\u0130STANBUL &#8211; \u00d6zel yetkili Ankara Cumhuriyet Ba\u015fsavc\u0131vekilli\u011fince, baz\u0131 faili me\u00e7hul cinayetlere ili\u015fkin olarak y\u00fcr\u00fct\u00fclen soru\u015fturma kapsam\u0131nda, eski M\u0130T Kontrter\u00f6r Daire Ba\u015fkan\u0131 Mehmet Eym\u00fcr g\u00f6zalt\u0131na al\u0131nd\u0131. <\/p>\n","protected":false},"author":1,"featured_media":0,"comment_status":"open","ping_status":"open","sticky":false,"template":"","format":"standard","meta":{"footnotes":""},"categories":[105],"tags":[],"class_list":["post-43580","post","type-post","status-publish","format-standard","hentry","category-gundem","odd"],"_links":{"self":[{"href":"http:\/\/www.korhanyilmaz.com\/index.php?rest_route=\/wp\/v2\/posts\/43580","targetHints":{"allow":["GET"]}}],"collection":[{"href":"http:\/\/www.korhanyilmaz.com\/index.php?rest_route=\/wp\/v2\/posts"}],"about":[{"href":"http:\/\/www.korhanyilmaz.com\/index.php?rest_route=\/wp\/v2\/types\/post"}],"author":[{"embeddable":true,"href":"http:\/\/www.korhanyilmaz.com\/index.php?rest_route=\/wp\/v2\/users\/1"}],"replies":[{"embeddable":true,"href":"http:\/\/www.korhanyilmaz.com\/index.php?rest_route=%2Fwp%2Fv2%2Fcomments&post=43580"}],"version-history":[{"count":0,"href":"http:\/\/www.korhanyilmaz.com\/index.php?rest_route=\/wp\/v2\/posts\/43580\/revisions"}],"wp:attachment":[{"href":"http:\/\/www.korhanyilmaz.com\/index.php?rest_route=%2Fwp%2Fv2%2Fmedia&parent=43580"}],"wp:term":[{"taxonomy":"category","embeddable":true,"href":"http:\/\/www.korhanyilmaz.com\/index.php?rest_route=%2Fwp%2Fv2%2Fcategories&post=43580"},{"taxonomy":"post_tag","embeddable":true,"href":"http:\/\/www.korhanyilmaz.com\/index.php?rest_route=%2Fwp%2Fv2%2Ftags&post=43580"}],"curies":[{"name":"wp","href":"https:\/\/api.w.org\/{rel}","templated":true}]}}