{"id":43576,"date":"2011-11-29T13:52:59","date_gmt":"2011-11-29T11:52:59","guid":{"rendered":"http:\/\/www.korhanyilmaz.com\/?p=43576"},"modified":"2011-11-29T15:08:22","modified_gmt":"2011-11-29T13:08:22","slug":"ozrunu-geri-al-dersim-ayaklanmadir","status":"publish","type":"post","link":"http:\/\/www.korhanyilmaz.com\/?p=43576","title":{"rendered":"&#8220;\u00d6zr\u00fcn\u00fc geri al, Dersim ayaklanmad\u0131r!&#8221;"},"content":{"rendered":"<p style=\"text-align: justify;\"><a href=\"http:\/\/www.korhanyilmaz.com\/wp-content\/uploads\/2011\/11\/7413.jpg\"  class=\"lightview\"><img loading=\"lazy\" decoding=\"async\" class=\"aligncenter size-full wp-image-43577\" title=\"\" src=\"http:\/\/www.korhanyilmaz.com\/wp-content\/uploads\/2011\/11\/7413.jpg\" alt=\"\" width=\"313\" height=\"240\" \/><\/a><\/p>\n<p style=\"text-align: justify;\">MHP lideri Devlet Bah\u00e7eli AK Parti ile CHP aras\u0131ndaki Dersim tart\u0131\u015fmas\u0131na \u00e7ok sert s\u00f6zlerle dahil oldu. Ba\u015fbakan Erdo\u011fan&#8217;\u0131n Dersim \u00f6zr\u00fc i\u00e7in &#8220;T\u00fcrk devlet gelene\u011finde b\u00f6yle bir literat\u00fcr de rezalet de yok&#8221; dedi ve Erdo\u011fan&#8217;a &#8220;Dersim katliam de\u011fil isyan giri\u015fimidir. Onurun varsa \u00f6zr\u00fcn\u00fc geri al&#8221; diye seslendi.<!--more--><\/p>\n<p style=\"text-align: justify;\">Partisinin grup toplant\u0131s\u0131nda konu\u015fan Bah\u00e7eli&#8217;nin a\u00e7\u0131klamalar\u0131ndan \u00f6ne \u00e7\u0131kanlar \u015f\u00f6yle:<\/p>\n<p style=\"text-align: justify;\">&#8211; &#8220;Bug\u00fcn\u00fcn PKK\u2019s\u0131, KCK\u2019s\u0131 neyse, Dersim kalk\u0131\u015fmas\u0131na tevess\u00fcl edenler de ayn\u0131s\u0131d\u0131r&#8221;<\/p>\n<p style=\"text-align: justify;\">&#8211; \u00dclkemiz, AKP iktidar\u0131n\u0131n yol a\u00e7t\u0131\u011f\u0131 ve neden oldu\u011fu y\u0131k\u0131m ve tahribatlar\u0131 ileri d\u00fczeyde ya\u015famaktad\u0131r. 10. y\u0131l\u0131na giren bu zihniyet, istismar etmedik de\u011fer, a\u015f\u0131nd\u0131rmad\u0131k tarihi mesele, b\u00fckmedik milli konu, kavga etmedik toplum kesimi b\u0131rakmam\u0131\u015ft\u0131r.<\/p>\n<p style=\"text-align: justify;\">Ecdad\u0131m\u0131z Ermenilere sorgulat\u0131lm\u0131\u015f, ge\u00e7mi\u015fimiz Avrupal\u0131lar\u0131n insaf\u0131na b\u0131rak\u0131lm\u0131\u015f, milli davam\u0131z Rumlar\u0131n k\u00fcstahl\u0131klar\u0131na havale edilmi\u015ftir.<\/p>\n<p style=\"text-align: justify;\">Vatan\u0131m\u0131z b\u00f6l\u00fcc\u00fclere, da\u011flar\u0131m\u0131z ter\u00f6ristlere, demokrasimiz mandac\u0131lara, \u00f6zg\u00fcrl\u00fcklerimiz ise haysiyet fukaras\u0131 bat\u0131 yana\u015fmalar\u0131na pe\u015fke\u015f \u00e7ekilmi\u015ftir. Bir zamanlar k\u0131rm\u0131z\u0131 pasaport verdi\u011fimiz pe\u015fmerge reisleri, bir yanda ter\u00f6r\u00fcn mesajlar\u0131n\u0131 iletir olmu\u015flar, di\u011fer yanda ise tetik \u00e7eken elleri himaye etmekten \u00e7ekinmemi\u015flerdir.<\/p>\n<p style=\"text-align: justify;\">Kanl\u0131 \u00f6rg\u00fct\u00fcn cinayetleri i\u00e7in yard\u0131m ve yatakl\u0131k yapmaktan herhangi bir rahats\u0131zl\u0131k duymam\u0131\u015flard\u0131r.T\u00fcrk milletine d\u00fc\u015fmanl\u0131kta bulu\u015fan namertler bekledikleri t\u00fcm imk\u00e2n ve kolayl\u0131klar\u0131 AKP\u2019yle bulmu\u015flard\u0131r. Arad\u0131klar\u0131 f\u0131rsatlar\u0131 AKP\u2019de g\u00f6rm\u00fc\u015flerdir. \u0130stedikleri tavizleri bu iktidardan alm\u0131\u015flard\u0131r.<\/p>\n<p style=\"text-align: justify;\"><strong>&#8220;Ba\u015fbakan hakl\u0131d\u0131r&#8230; &#8221;\u00a0<\/strong><\/p>\n<p style=\"text-align: justify;\">&#8211; Ba\u015fbakan Erdo\u011fan; \u201cnice dokunulmaz konu vard\u0131, biz hepsine dokunduk\u201d derken hakl\u0131d\u0131r. &#8220;Konu\u015fulmayanlar\u0131n konu\u015fulmas\u0131n\u0131 sa\u011flad\u0131k\u201d s\u00f6zleriyle do\u011fru tespitte bulunmaktad\u0131r. \u201cYaz\u0131lmayanlar\u0131n yaz\u0131lmas\u0131n\u0131, sorgulanmayanlar\u0131n sorgulanmas\u0131n\u0131 sa\u011flad\u0131k\u201d s\u00f6zleriyle de kendi a\u00e7\u0131s\u0131ndan mant\u0131kl\u0131 ve yerinde tav\u0131r sergilemektedir.<\/p>\n<p style=\"text-align: justify;\"><strong>&#8220;As\u0131l kavga 88 y\u0131ll\u0131k birikimle&#8221;\u00a0<\/strong><\/p>\n<p style=\"text-align: justify;\">&#8211; Ancak nedense dokunulmaz, konu\u015fulmaz, yaz\u0131lmaz, sorgulanmaz diye takdim edilen her meselenin a\u00e7\u0131ld\u0131\u011f\u0131 kap\u0131 Cumhuriyettir, T\u00fcrk milletinin \u015ferefi ve milli nitelikleridir.<\/p>\n<p style=\"text-align: justify;\">&#8211; Zira as\u0131l kavga 88 y\u0131ll\u0131k birikimledir ve T\u00fcrk milletinin \u00e7a\u011flar\u0131 a\u015fan milli kimli\u011fiyledir. Ger\u00e7ek tahamm\u00fcls\u00fczl\u00fck T\u00fcrkiye\u2019nin \u00fcniter yap\u0131s\u0131na, toprak b\u00fct\u00fcnl\u00fc\u011f\u00fcne ve bin y\u0131ll\u0131k karde\u015flik hukukuna y\u00f6neliktir.<\/p>\n<p style=\"text-align: justify;\"><strong>&#8220;T\u00fcrk milletinin utanaca\u011f\u0131 bir ge\u00e7mi\u015fi yok&#8221;\u00a0<\/strong><\/p>\n<p style=\"text-align: justify;\">&#8211; Allah\u2019a \u00e7ok \u015f\u00fck\u00fcr, T\u00fcrk milletinin ge\u00e7mi\u015finde utanaca\u011f\u0131, s\u0131k\u0131laca\u011f\u0131 ve anlatamayaca\u011f\u0131 herhangi bir taraf yoktur. \u0130mparatorluk y\u0131llar\u0131m\u0131z da d\u00e2hil, s\u00fcmen alt\u0131 yapaca\u011f\u0131m\u0131z, g\u00f6rmezden gelece\u011fimiz, izahta zorlanaca\u011f\u0131m\u0131z bir konu da bulunmamaktad\u0131r.<\/p>\n<p style=\"text-align: justify;\">&#8211; Bu halde ikide bir, gerek ana muhalefet partisi CHP\u2019nin, gerekse de AKP\u2019nin \u00e7ok nazik milli meseleleri ka\u015f\u0131malar\u0131 ve eski defterleri tekrar a\u00e7malar\u0131 hi\u00e7 kimseye bir yarar sa\u011flamayacakt\u0131r.<\/p>\n<p style=\"text-align: justify;\">&#8211; \u00d6zellikle AKP ile CHP aras\u0131nda tarihi bir mesele \u00fczerinden yap\u0131lan kay\u0131k\u00e7\u0131 kavgas\u0131, iki partinin bu hassas konuda \u00e7elik \u00e7omak oynar gibi hareket etmeleri sanc\u0131l\u0131 bir evreye dayanm\u0131\u015ft\u0131r. Bu konu, T\u00fcrkiye\u2019yi y\u00fcksek gerilim hatt\u0131na sokmu\u015f, enerjisini ve derman\u0131n\u0131 zafiyete u\u011fratm\u0131\u015ft\u0131r.<\/p>\n<p style=\"text-align: justify;\"><strong>&#8220;\u0130ki partinin anlay\u0131\u015f\u0131 sab\u0131rlar\u0131 zorluyor&#8221;\u00a0<\/strong><\/p>\n<p style=\"text-align: justify;\">&#8211; Kabuk ba\u011flam\u0131\u015f yaralarla, kapanm\u0131\u015f hadiselerle haddi a\u015fan bir bi\u00e7imde oynayan h\u00fck\u00fcmet ve ana muhalefet anlay\u0131\u015f\u0131n\u0131n, s\u0131n\u0131rlar\u0131 ve sab\u0131rlar\u0131 zorlad\u0131\u011f\u0131 a\u00e7\u0131k ve nettir. Takdir edersiniz ki bizim, AKP ile CHP aras\u0131ndaki \u00e7\u0131kar ve g\u00fcn\u00fc kurtarmaya d\u00f6n\u00fck at\u0131\u015fmalara m\u00fcdahil olmam\u0131z s\u00f6z konusu de\u011fildir.<\/p>\n<p style=\"text-align: justify;\">&#8211; Ayn\u0131 kap\u0131n\u0131n iki y\u00fcz\u00fcn\u00fc temsil eden AKP ve CHP\u2019nin rol payla\u015f\u0131m\u0131yla, i\u00e7ine girdikleri s\u00f6z d\u00fcellosunun bizim a\u00e7\u0131m\u0131zdan ehemmiyeti ve manas\u0131 zaten yoktur. Birbirlerine ne s\u00f6ylediklerini, siyaseti nas\u0131l kirlettiklerini T\u00fcrk milleti kesinlikle g\u00f6rmekte ve gerekli notlar\u0131n\u0131 almaktad\u0131r.<\/p>\n<p style=\"text-align: justify;\">&#8211; Aziz milletimiz ayn\u0131 g\u00f6vdenin bu iki ba\u015f\u0131n\u0131 samimi olarak de\u011ferlendirecek ve \u015fu i\u00e7inde bulundu\u011fumuz puslu ortam\u0131n faturas\u0131n\u0131 \u00f6nlerine mutlaka koyacakt\u0131r.<\/p>\n<p style=\"text-align: justify;\"><strong>&#8220;Ba\u015fbakan&#8217;\u0131n a\u00e7\u0131klamalar\u0131 ayr\u0131mc\u0131l\u0131\u011fa prim veriyor&#8221;\u00a0<\/strong><\/p>\n<p style=\"text-align: justify;\">&#8211; Dersim isyan\u0131 hakk\u0131nda yap\u0131lan yorumlar\u0131n, g\u00fcndeme ta\u015f\u0131nan belgelerin ve \u015fuursuz su\u00e7lamalar\u0131n T\u00fcrkiye\u2019de ana g\u00fcndem maddelerinden birisi haline geldi\u011fi ortadad\u0131r. Ba\u015fbakan Erdo\u011fan bilmelidir ki; belge diye a\u00e7\u0131klad\u0131\u011f\u0131 ve ya\u015fanm\u0131\u015f diyerek anlatt\u0131\u011f\u0131 hadiseler karde\u015fli\u011fimize de\u011fil, ayr\u0131mc\u0131l\u0131\u011fa prim verecektir.<\/p>\n<p style=\"text-align: justify;\">&#8211; Murat suyunun rengine kadar izahlarda bulunan bu \u015fahsiyetin, \u00e7ok tehlikeli bir oyun oynad\u0131\u011f\u0131 tart\u0131\u015fmas\u0131zd\u0131r. AKP ile CHP i\u015fte bu konu etraf\u0131nda bilek g\u00fcre\u015fi yapmakta, bir d\u00f6nemin kapaklar\u0131n\u0131 kald\u0131rarak asl\u0131 astar\u0131 olmayan yakla\u015f\u0131mlarla, tarihimizi utanmadan hedef tahtas\u0131na haline getirmektedirler.<\/p>\n<p style=\"text-align: justify;\">&#8211; Dersim isyan\u0131n\u0131n, ayaklanmas\u0131n\u0131n savunulmas\u0131 ad\u0131na AKP ile CHP tepi\u015fircesine birbirine sata\u015fmakta ve sanal bir g\u00fcndemle \u00fclkemizin ger\u00e7ek meselelerini kapatmaya u\u011fra\u015fmaktad\u0131rlar. Oysaki g\u00fcndem a\u011f\u0131r ve vatanda\u015flar\u0131m\u0131z\u0131n sorunlar\u0131 fazlad\u0131r.<\/p>\n<p style=\"text-align: justify;\">&#8211; Ekonomi alarm vermekte, toplumun her kesimi \u00e7\u0131\u011fl\u0131klar\u0131na kulak verilmesini istemektedir. Nihayetinde bu iki parti de, ayn\u0131 mant\u0131k ve e\u011filimle benzer g\u00f6r\u00fc\u015fler sarfetmekte, yaln\u0131zca n\u00fcanslarda ayr\u0131\u015fmakta ve ters d\u00fc\u015fmektedir.<\/p>\n<p style=\"text-align: justify;\">&#8211; Bizim i\u00e7in bu iki siyasi zihniyetin T\u00fcrkiye\u2019yi harap etmeleri, tarihten husumet \u00e7\u0131karmalar\u0131 talihsiz oldu\u011fu kadar kabul edilemez bir sorumsuzluk ve vicdans\u0131zl\u0131k \u00f6rne\u011fidir.<\/p>\n<p style=\"text-align: justify;\"><strong>&#8220;Dersim&#8217;in ismini koymak laz\u0131m&#8221;\u00a0<\/strong><\/p>\n<p style=\"text-align: justify;\">&#8211; Dersim\u2019de cereyan eden hadiselerin her \u015feyden evvel tan\u0131m\u0131n\u0131 ve ismini koymak laz\u0131md\u0131r. Milletimizin bu konuda daha iyi ayd\u0131nlat\u0131lmas\u0131 i\u00e7in siyasiler de\u011fil, tarih\u00e7iler, milli vicdanlar\u0131n\u0131 ipotek ettirmemi\u015f ayd\u0131nlar konu\u015fmal\u0131d\u0131r. Londra\u2019daki, Moskova\u2019daki, Washington\u2019daki, Paris\u2019teki ar\u015fivlere de girilmeli, kimin kiminle sarma\u015f dola\u015f oldu\u011fu, ne gibi senaryolara destek verildi\u011fi netlik kazanmal\u0131d\u0131r. Fakat \u00fczeri \u00f6rt\u00fclemeyecek kadar bariz bir ger\u00e7ek vard\u0131r ki, o da Dersim olaylar\u0131n\u0131n Ba\u015fbakan\u2019\u0131n sundu\u011fu gibi katliam de\u011fil; apa\u00e7\u0131k bir ayaklanma oldu\u011fu hususudur.<\/p>\n<p style=\"text-align: justify;\">&#8211; D\u00fc\u015f\u00fcnebiliyor musunuz; T\u00fcrkiye Cumhuriyeti Ba\u015fbakan\u0131, kendi tarihimizdeki bir isyana katliam diyebilmektedir. Say\u0131n Ba\u015fbakan e\u011fer biraz onurun, merhametin ve \u015ferefin varsa bu iftirandan dolay\u0131 \u00f6z\u00fcr dilersin ve s\u00f6z\u00fcn\u00fc geri al\u0131rs\u0131n. Hele hele huzurlar\u0131nda bu yalan\u0131 ve temelsiz su\u00e7lamay\u0131 dile getirdi\u011fin kendi partinin il ba\u015fkanlar\u0131ndan helallik al\u0131rs\u0131n. \u015eundan emin ol ki, \u015fu an hayatta olmayanlar\u0131n haklar\u0131n\u0131 \u00e7i\u011fnemen, pervas\u0131zca haklar\u0131n\u0131 yemen kar\u015f\u0131l\u0131ks\u0131z kalmayacak ve bunun vebali iki cihanda da yakan\u0131 b\u0131rakmayacakt\u0131r.<\/p>\n<p style=\"text-align: justify;\"><strong>&#8220;Bug\u00fcn\u00fcn PKK&#8217;s\u0131 neyse&#8230; &#8221;\u00a0<\/strong><\/p>\n<p style=\"text-align: justify;\">&#8211; Ba\u015fbakan ve kol kola girdi\u011fi teslimiyet korosu ne s\u00f6ylerse s\u00f6ylesin; Dersim vakas\u0131 bir isyan giri\u015fimidir ve T\u00fcrk devletinin egemenlik haklar\u0131na k\u00fcstah\u00e7a meydan okumad\u0131r. Bug\u00fcn\u00fcn PKK\u2019s\u0131, KCK\u2019s\u0131 neyse, Dersim kalk\u0131\u015fmas\u0131na tevess\u00fcl edenler de ayn\u0131s\u0131d\u0131r. Bu a\u015famada sormak isterim ki; bu zaman diliminde b\u00f6l\u00fcc\u00fc ter\u00f6re kar\u015f\u0131 al\u0131nan tedbirlerin, yap\u0131lan operasyonlar\u0131n \u00f6zr\u00fcn\u00fc g\u00fcn gelecek birileri de dileyecek midir?<\/p>\n<p style=\"text-align: justify;\">&#8211; H\u00fck\u00fcmetin talimatlar\u0131yla g\u00f6rev yapan kamu g\u00f6revlilerinden, g\u00fcn gelecek t\u0131pk\u0131 bug\u00fcnk\u00fc gibi hesap sorulacak, isimleri kirletilerek verildikleri yerlerden s\u00f6k\u00fcl\u00fcp at\u0131lacak m\u0131d\u0131r? Ve \u00f6z\u00fcr furyas\u0131 basiretsiz, k\u00f6t\u00fc niyetli ama siyasi yetki alm\u0131\u015f ellerce s\u00fcrd\u00fcr\u00fcld\u00fc\u011f\u00fc m\u00fcddet\u00e7e bu devlet, bu co\u011frafyada nas\u0131l ya\u015fat\u0131lacak ve nas\u0131l ayakta tutulacakt\u0131r?<\/p>\n<p style=\"text-align: justify;\"><a href=\"http:\/\/www.cnnturk.com\/2011\/turkiye\/11\/29\/ozrunu.geri.al.dersim.ayaklanmadir\/638549.0\/index.html\" target=\"_blank\">Kaynak : CNN T\u00dcRK<\/a><\/p>\n","protected":false},"excerpt":{"rendered":"<p style=\"text-align: justify;\">\n<p style=\"text-align: justify;\">MHP lideri Devlet Bah\u00e7eli AK Parti ile CHP aras\u0131ndaki Dersim tart\u0131\u015fmas\u0131na \u00e7ok sert s\u00f6zlerle dahil oldu. Ba\u015fbakan Erdo\u011fan&#8217;\u0131n Dersim \u00f6zr\u00fc i\u00e7in &#8220;T\u00fcrk devlet gelene\u011finde b\u00f6yle bir literat\u00fcr de rezalet de yok&#8221; dedi ve Erdo\u011fan&#8217;a &#8220;Dersim katliam de\u011fil isyan giri\u015fimidir. Onurun varsa \u00f6zr\u00fcn\u00fc geri al&#8221; diye seslendi.<\/p>\n","protected":false},"author":1,"featured_media":0,"comment_status":"open","ping_status":"open","sticky":false,"template":"","format":"standard","meta":{"footnotes":""},"categories":[105],"tags":[],"class_list":["post-43576","post","type-post","status-publish","format-standard","hentry","category-gundem","odd"],"_links":{"self":[{"href":"http:\/\/www.korhanyilmaz.com\/index.php?rest_route=\/wp\/v2\/posts\/43576","targetHints":{"allow":["GET"]}}],"collection":[{"href":"http:\/\/www.korhanyilmaz.com\/index.php?rest_route=\/wp\/v2\/posts"}],"about":[{"href":"http:\/\/www.korhanyilmaz.com\/index.php?rest_route=\/wp\/v2\/types\/post"}],"author":[{"embeddable":true,"href":"http:\/\/www.korhanyilmaz.com\/index.php?rest_route=\/wp\/v2\/users\/1"}],"replies":[{"embeddable":true,"href":"http:\/\/www.korhanyilmaz.com\/index.php?rest_route=%2Fwp%2Fv2%2Fcomments&post=43576"}],"version-history":[{"count":0,"href":"http:\/\/www.korhanyilmaz.com\/index.php?rest_route=\/wp\/v2\/posts\/43576\/revisions"}],"wp:attachment":[{"href":"http:\/\/www.korhanyilmaz.com\/index.php?rest_route=%2Fwp%2Fv2%2Fmedia&parent=43576"}],"wp:term":[{"taxonomy":"category","embeddable":true,"href":"http:\/\/www.korhanyilmaz.com\/index.php?rest_route=%2Fwp%2Fv2%2Fcategories&post=43576"},{"taxonomy":"post_tag","embeddable":true,"href":"http:\/\/www.korhanyilmaz.com\/index.php?rest_route=%2Fwp%2Fv2%2Ftags&post=43576"}],"curies":[{"name":"wp","href":"https:\/\/api.w.org\/{rel}","templated":true}]}}