{"id":43568,"date":"2011-11-28T21:58:23","date_gmt":"2011-11-28T19:58:23","guid":{"rendered":"http:\/\/www.korhanyilmaz.com\/?p=43568"},"modified":"2011-11-29T13:24:04","modified_gmt":"2011-11-29T11:24:04","slug":"erdogana-basarili-operasyon","status":"publish","type":"post","link":"http:\/\/www.korhanyilmaz.com\/?p=43568","title":{"rendered":"Erdo\u011fan\u2019a ba\u015far\u0131l\u0131 operasyon"},"content":{"rendered":"<p style=\"text-align: center;\"><a href=\"http:\/\/www.korhanyilmaz.com\/wp-content\/uploads\/2011\/11\/7411.jpg\"  class=\"lightview\"><img loading=\"lazy\" decoding=\"async\" class=\"aligncenter  wp-image-43569\" src=\"http:\/\/www.korhanyilmaz.com\/wp-content\/uploads\/2011\/11\/7411.jpg\" alt=\"\" width=\"420\" height=\"210\" \/><\/a><\/p>\n<p style=\"text-align: justify;\">Ba\u015fbakanl\u0131k\u2019tan yap\u0131lan k\u0131sa a\u00e7\u0131klamada, \u201cSay\u0131n Ba\u015fbakan\u0131m\u0131z, laparoskopik y\u00f6ntemle, ba\u015far\u0131l\u0131 bir sindirim sistemi ameliyat\u0131 ge\u00e7irmi\u015flerdir\u201d denildi. 3 g\u00fcnd\u00fcr hastanede olan Erdo\u011fan\u2019\u0131n ne zaman taburcu olaca\u011f\u0131 bilinmiyor.\u00a0<!--more--><\/p>\n<p style=\"text-align: justify;\">BA\u015eBAKAN Recep Tayyip Erdo\u011fan\u2019\u0131n, sindirim sistemindeki bir rahats\u0131zl\u0131k nedeniyle ameliyat oldu\u011fu ortaya \u00e7\u0131kt\u0131. Cuma g\u00fcn\u00fc resmi program\u0131n\u0131n ard\u0131ndan istirahat i\u00e7in \u0130stabul \u00dcsk\u00fcdar\u2019daki evine ge\u00e7en Erdo\u011fan, haftasonu boyunca hi\u00e7bir programa kat\u0131lmad\u0131. Erdo\u011fan\u2019\u0131n sindirim sistemindeki bir rahats\u0131zl\u0131k nedeniyle, Cumartesi g\u00fcn\u00fc Kaynarca\u2019daki Marmara \u00dcniversitesi Pendik E\u011fitim ve Ara\u015ft\u0131rma Hastanesi\u2019nde b\u0131\u00e7ak alt\u0131na yatt\u0131\u011f\u0131 \u00f6\u011frenildi.<\/p>\n<p style=\"text-align: justify;\"><strong>Ameliyat ba\u015far\u0131l\u0131 ge\u00e7ti\u00a0<\/strong><\/p>\n<p style=\"text-align: justify;\">Ba\u015fbakanl\u0131k taraf\u0131ndan yap\u0131lan a\u00e7\u0131klamada, Erdo\u011fan\u2019\u0131n ba\u015far\u0131l\u0131 bir sindirim sistemi ameliyat\u0131 ge\u00e7irdi\u011fi belirtilerek, \u201cSay\u0131n Ba\u015fbakan\u0131m\u0131z, 26 Kas\u0131m 2011 tarihinde, laparoskopik y\u00f6ntemle, ba\u015far\u0131l\u0131 bir sindirim sistemi ameliyat\u0131 ge\u00e7irmi\u015flerdir. Ameliyat, Say\u0131n Ba\u015fbakan\u0131m\u0131z\u0131n program\u0131n\u0131n m\u00fcsait olmas\u0131 nedeniyle 26 Kas\u0131m tarihinde ger\u00e7ekle\u015fmi\u015ftir. Say\u0131n Ba\u015fbakan\u0131m\u0131z\u0131n sa\u011fl\u0131k durumu yerindedir. Doktorlar\u0131n gerekli g\u00f6rd\u00fc\u011f\u00fc istirahat ard\u0131ndan, Say\u0131n Ba\u015fbakan\u0131m\u0131z \u00e7al\u0131\u015fmalar\u0131na ba\u015flayacakt\u0131r\u201d denildi.<\/p>\n<p style=\"text-align: justify;\"><strong>Cuma\u2019ya kadar istirahat\u00a0<\/strong><\/p>\n<p style=\"text-align: justify;\">\u0130ki haftada bir yap\u0131lan Bakanlar Kurulu toplant\u0131s\u0131, ameliyat nedeniyle d\u00fcn yap\u0131lamad\u0131. AKP\u2019nin bug\u00fcn yap\u0131lacak Meclis grubu toplant\u0131s\u0131n\u0131n da ayn\u0131 nedenle iptal edildi\u011fi belirtildi. Bug\u00fcnk\u00fc Ba\u015fbakanl\u0131k\u2019a yak\u0131n kaynaklar, Erdo\u011fan\u2019\u0131n Cuma g\u00fcn\u00fc Ankara\u2019da program\u0131n\u0131n bulundu\u011funu, o g\u00fcne kadar istirahat etmesinin beklendi\u011fini belirtti.<\/p>\n<p style=\"text-align: justify;\"><strong>Yo\u011fun g\u00fcvenlik \u00f6nlemi\u00a0<\/strong><\/p>\n<p style=\"text-align: justify;\">Erdo\u011fan\u2019\u0131n ameliyat oldu\u011fu Marmara \u00dcniversitesi Pendik E\u011fitim ve Ara\u015ft\u0131rma Hastanesi\u2019nde yo\u011fun g\u00fcvenlik \u00f6nlemleri al\u0131nd\u0131. Hastanede Erdo\u011fan\u2019\u0131n kald\u0131\u011f\u0131 6. ve 7. katlar\u0131n tamamen bo\u015falt\u0131ld\u0131\u011f\u0131, ve di\u011fer katlarda da Ba\u015fbakanl\u0131k korumalar\u0131n\u0131n ku\u015f u\u00e7urtmad\u0131\u011f\u0131 belirlendi.<\/p>\n<p style=\"text-align: justify;\"><strong>En son, annesini ziyaret etti\u00a0<\/strong><\/p>\n<p style=\"text-align: justify;\">Erdo\u011fan, \u00c7ar\u015famba ak\u015fam\u0131 \u0130stanbul\u2019a gelmi\u015f ve Per\u015fembe g\u00fcn\u00fc de Dolmabah\u00e7e\u2019deki \u00e7al\u0131\u015fma ofisinde baz\u0131 \u00f6zel g\u00f6r\u00fc\u015fmeler yapm\u0131\u015ft\u0131. Cuma g\u00fcn\u00fc Karacaahmet\u2019teki \u015eakirin Camii\u2019nde o\u011flu Bilal Erdo\u011fan ve torunu \u00d6mer Tayyip ile birlikte Cuma namaz\u0131n\u0131 k\u0131lan Erdo\u011fan, daha sonra anne ve babas\u0131n\u0131n mezar\u0131n\u0131 ziyaret etmi\u015fti. Dolmabah\u00e7e\u2019deki \u00e7al\u0131\u015fma ofisine ge\u00e7en Erdo\u011fan saat 16.30\u2019da o\u011flu ve torunuyla birlikte \u00e7\u0131karak tekrar \u00dcsk\u00fcdar\u2019daki evine ge\u00e7mi\u015fti.<\/p>\n<p style=\"text-align: justify;\"><strong>13 y\u0131ld\u0131r \u015feker hastas\u0131\u00a0<\/strong><\/p>\n<p style=\"text-align: justify;\">BA\u015eBAKAN Erdo\u011fan\u2019\u0131n, \u00fc\u00e7 y\u0131l \u00f6nce \u0130stanbul\u2019da bir hastane a\u00e7\u0131l\u0131\u015f\u0131 s\u0131ras\u0131nda, internet \u00fczerinde sa\u011fl\u0131k bilgilerinin izlenebilece\u011fi kart\u0131 g\u00f6stermesi sonucu \u015feker hastas\u0131 oldu\u011fu ortaya \u00e7\u0131km\u0131\u015ft\u0131. 1998 sonu\u00e7lar\u0131na g\u00f6re a\u00e7l\u0131k kan \u015fekeri y\u00fcksek \u00e7\u0131kan Erdo\u011fan\u2019\u0131n kan\u0131ndaki \u00fcre de tehlikeli s\u0131n\u0131rlara yak\u0131n olarak belirlenmi\u015fti.<\/p>\n<p style=\"text-align: justify;\"><strong>\u2018B\u0131\u00e7aks\u0131z ameliyat\u2019 yap\u0131ld\u0131\u00a0<\/strong><\/p>\n<p style=\"text-align: justify;\">GAZ\u0130 \u00dcniversitesi T\u0131p Fak\u00fcltesi Genel Cerrahi Anabilim Dal\u0131 \u00d6\u011fretim \u00dcyesi Prof. Dr. Ekmel Tezel, halk aras\u0131nda \u201cb\u0131\u00e7aks\u0131z ameliyat\u201d olarak bilinen laparoskopi i\u015flemini \u015f\u00f6ye anlatt\u0131: \u201cKarn\u0131n i\u00e7eine karbondioksit gaz\u0131 basmak suretiyle, kar\u0131n duvar\u0131n\u0131n \u015fi\u015firilmesidir. Genel anestezi ile yap\u0131l\u0131r. Karn\u0131n i\u00e7ine k\u00fc\u00e7\u00fck borular yerle\u015ftirilerek ameliyat ger\u00e7ekle\u015ftirilir. Ba\u015fbakan Erdo\u011fan i\u00e7in ger\u00e7ekle\u015ftirilen operasyonun sindirim sistemiyle ilgili oldu\u011fu belirtiliyor. Bu da yemek borusu dahil, safra kesesi, dalak, pankreas, mide, kal\u0131n ve ince ba\u011f\u0131rsak ve apandisit gibi bir\u00e7ok organ ile ilgili olabilir. Karn\u0131n \u015fi\u015firilmesinin nedeni, ayd\u0131nlat\u0131l\u0131p kamerayla rahatl\u0131kla g\u00f6r\u00fcnt\u00fc al\u0131nabilmesidir. Laparoskopinin kullan\u0131ld\u0131\u011f\u0131 en basit hastal\u0131k g\u00f6bek f\u0131t\u0131\u011f\u0131d\u0131r. En a\u011f\u0131r\u0131 ise kal\u0131n ve ince ba\u011f\u0131rsak hastal\u0131klar\u0131d\u0131r.\u201d<\/p>\n<p style=\"text-align: justify;\"><a href=\"http:\/\/haber.gazetevatan.com\/erdogana-basarili-operasyon\/414079\/1\/Gundem\" target=\"_blank\">Kaynak : Vatan Gazetesi<\/a><\/p>\n","protected":false},"excerpt":{"rendered":"<p style=\"text-align: center;\">\n<p style=\"text-align: justify;\">Ba\u015fbakanl\u0131k\u2019tan yap\u0131lan k\u0131sa a\u00e7\u0131klamada, \u201cSay\u0131n Ba\u015fbakan\u0131m\u0131z, laparoskopik y\u00f6ntemle, ba\u015far\u0131l\u0131 bir sindirim sistemi ameliyat\u0131 ge\u00e7irmi\u015flerdir\u201d denildi. 3 g\u00fcnd\u00fcr hastanede olan Erdo\u011fan\u2019\u0131n ne zaman taburcu olaca\u011f\u0131 bilinmiyor. <\/p>\n","protected":false},"author":1,"featured_media":0,"comment_status":"open","ping_status":"open","sticky":false,"template":"","format":"standard","meta":{"footnotes":""},"categories":[105],"tags":[],"class_list":["post-43568","post","type-post","status-publish","format-standard","hentry","category-gundem","odd"],"_links":{"self":[{"href":"http:\/\/www.korhanyilmaz.com\/index.php?rest_route=\/wp\/v2\/posts\/43568","targetHints":{"allow":["GET"]}}],"collection":[{"href":"http:\/\/www.korhanyilmaz.com\/index.php?rest_route=\/wp\/v2\/posts"}],"about":[{"href":"http:\/\/www.korhanyilmaz.com\/index.php?rest_route=\/wp\/v2\/types\/post"}],"author":[{"embeddable":true,"href":"http:\/\/www.korhanyilmaz.com\/index.php?rest_route=\/wp\/v2\/users\/1"}],"replies":[{"embeddable":true,"href":"http:\/\/www.korhanyilmaz.com\/index.php?rest_route=%2Fwp%2Fv2%2Fcomments&post=43568"}],"version-history":[{"count":0,"href":"http:\/\/www.korhanyilmaz.com\/index.php?rest_route=\/wp\/v2\/posts\/43568\/revisions"}],"wp:attachment":[{"href":"http:\/\/www.korhanyilmaz.com\/index.php?rest_route=%2Fwp%2Fv2%2Fmedia&parent=43568"}],"wp:term":[{"taxonomy":"category","embeddable":true,"href":"http:\/\/www.korhanyilmaz.com\/index.php?rest_route=%2Fwp%2Fv2%2Fcategories&post=43568"},{"taxonomy":"post_tag","embeddable":true,"href":"http:\/\/www.korhanyilmaz.com\/index.php?rest_route=%2Fwp%2Fv2%2Ftags&post=43568"}],"curies":[{"name":"wp","href":"https:\/\/api.w.org\/{rel}","templated":true}]}}