{"id":43554,"date":"2011-11-28T18:42:15","date_gmt":"2011-11-28T16:42:15","guid":{"rendered":"http:\/\/www.korhanyilmaz.com\/?p=43554"},"modified":"2011-11-29T02:14:53","modified_gmt":"2011-11-29T00:14:53","slug":"bu-tur-soylemler-yargiya-mudahaleye-girer","status":"publish","type":"post","link":"http:\/\/www.korhanyilmaz.com\/?p=43554","title":{"rendered":"&#8216;Bu t\u00fcr s\u00f6ylemler yarg\u0131ya m\u00fcdahaleye girer&#8217;"},"content":{"rendered":"<p style=\"text-align: center;\"><a href=\"http:\/\/www.korhanyilmaz.com\/wp-content\/uploads\/2011\/11\/7502.jpg\"  class=\"lightview\"><img loading=\"lazy\" decoding=\"async\" class=\"aligncenter  wp-image-43555\" src=\"http:\/\/www.korhanyilmaz.com\/wp-content\/uploads\/2011\/11\/7502.jpg\" alt=\"\" width=\"420\" height=\"210\" \/><\/a><\/p>\n<p style=\"text-align: justify;\"><strong>Mahkeme ba\u015fkan\u0131ndan G\u00fcl ve Ar\u0131n\u00e7\u2019a tepki<\/strong><\/p>\n<p style=\"text-align: justify;\">BALYOZ Davas\u0131\u2019na, Cumhurba\u015fkan\u0131 Abdullah G\u00fcl ve Ba\u015fbakan Yard\u0131mc\u0131s\u0131 B\u00fclent Ar\u0131n\u00e7\u2019\u0131n tutukluluk s\u00fcreleriyle ilgili a\u00e7\u0131klamalar\u0131 damga vurdu. Mahkeme ba\u015fkan\u0131 \u00d6mer Diken, G\u00fcl ve Ar\u0131n\u00e7\u2019\u0131n a\u00e7\u0131klamalar\u0131n\u0131 \u00f6rnek g\u00f6steren san\u0131klara, &#8220;Biz yasalara ba\u011fl\u0131y\u0131z. De\u011ferlendirmeler Cumhurba\u015fkan\u0131, Ba\u015fbakan, bakan da olsa s\u00f6yleyen ki\u015fiyi ba\u011flar. Bizi ba\u011flamaz. Biz etki alt\u0131nda kalmadan ba\u011f\u0131ms\u0131z yarg\u0131lama yap\u0131yoruz. Bu t\u00fcr s\u00f6ylemler, yarg\u0131ya m\u00fcdahaleye girer&#8221; dedi.<!--more--><\/p>\n<p style=\"text-align: justify;\">Tutuklu san\u0131k Hakan B\u00fcy\u00fck\u2019\u00fcn evinden \u00e7\u0131kt\u0131\u011f\u0131 iddia edilen flash bellek ile ilgili haz\u0131rlatt\u0131klar\u0131 bilirki\u015fi raporunu mahkemeye sunan avukat H\u00fcseyin Ers\u00f6z teknik raporda, dijital verilere elle m\u00fcdahalede bulunulmu\u015f oldu\u011fu sonucuna ula\u015f\u0131ld\u0131\u011f\u0131n\u0131 s\u00f6yledi.<\/p>\n<p style=\"text-align: justify;\"><strong>TUTUKLU HAK\u0130ME, TUTUKLU HAK\u0130M SORDU\u00a0<\/strong><\/p>\n<p style=\"text-align: justify;\">Savunma yapan tutuklu san\u0131klardan Hava Hakim Albay B\u00fclent G\u00fcn\u00e7al\u2019a tutuklu san\u0131k hakim Albay Ahmet Zeki \u00dc\u00e7ok, \u015fu soruyu y\u00f6neltti: &#8220;40 y\u0131ll\u0131k hukuk\u00e7u ve TBMM Ba\u015fkanl\u0131\u011f\u0131 g\u00f6revlerinde bulunmu\u015f olan B\u00fclent Ar\u0131n\u00e7, tutuklulu\u011fun tedbir oldu\u011funu ama bizde ceza olarak kullan\u0131ld\u0131\u011f\u0131n\u0131 s\u00f6yleyerek, \u2018biz kanun yaparken b\u00f6yle d\u00fc\u015f\u00fcnmemi\u015ftik\u2019 dedi. Cumhurba\u015fkan\u0131 da bizdeki tutuklamalar\u0131n uluslararas\u0131 standartlar\u0131n alt\u0131nda oldu\u011funu s\u00f6yledi. Ancak 1. Ergenekon Davas\u0131\u2019n\u0131n 4 Kas\u0131m\u2019daki oturumunda h\u00e2kim Sedat Sami Ha\u015f\u0131lo\u011flu \u2018mahkeme d\u0131\u015f\u0131 beyanlar bizim i\u00e7in sinek v\u0131z\u0131lt\u0131s\u0131d\u0131r\u2019 dedi. Bunlar kar\u015f\u0131s\u0131nda yarg\u0131laman\u0131n ba\u011f\u0131ms\u0131z oldu\u011funu d\u00fc\u015f\u00fcn\u00fcyor musunuz? Bu mahkemede kendinizi g\u00fcvende hissediyor musunuz?&#8221; diye sordu.<\/p>\n<p style=\"text-align: justify;\"><strong>&#8220;SORU SORMA HAKKINI K\u00d6T\u00dcYE KULLANIYORSUNUZ&#8221;\u00a0<\/strong><\/p>\n<p style=\"text-align: justify;\">\u00dc\u00e7ok\u2019un bu s\u00f6zlerine sinirlenen mahkeme ba\u015fkan\u0131 \u00d6mer Diken, &#8220;B\u00f6yle bir soru soramazs\u0131n\u0131z. De\u011ferlendirme yap\u0131yorsunuz. Soru sorma hakk\u0131n\u0131 k\u00f6t\u00fcye kullan\u0131yorsunuz. \u2019Sinek v\u0131z\u0131lt\u0131s\u0131\u2019 diyen yarg\u0131\u00e7 kim? Bu heyette mi? Biz yasalara ba\u011fl\u0131y\u0131z. De\u011ferlendirmeler, Cumhurba\u015fkan\u0131, Ba\u015fbakan, bakan da olsa s\u00f6yleyen ki\u015fiyi ba\u011flar. Bizi ba\u011flamaz. Biz etki alt\u0131nda kalmadan ba\u011f\u0131ms\u0131z yarg\u0131lama yap\u0131yoruz. Bu t\u00fcr s\u00f6ylemler yarg\u0131ya m\u00fcdahaleye girer&#8221; dedi.<\/p>\n<p style=\"text-align: justify;\"><strong>HAKAN B\u00dcY\u00dcK\u2019\u00dcN AVUKATLARI HAZIRLATTIKLARI B\u0130L\u0130RK\u0130\u015e\u0130 RAPORUNU MAHKEMEYE SUNDU\u00a0<\/strong><\/p>\n<p style=\"text-align: justify;\">G\u00fcn\u00e7al\u2019\u0131n savunmas\u0131n\u0131n ard\u0131ndan savunma yapan Hakan B\u00fcy\u00fck ise hakk\u0131ndaki su\u00e7lamalar\u0131 redderek tahliyesini istedi. San\u0131k B\u00fcy\u00fck\u2019\u00fcn avukatlar\u0131 Hakan B\u00fcy\u00fck\u2019\u00fcn Eski\u015fehir\u2019de bulunan evinden \u00e7\u0131kt\u0131\u011f\u0131 iddia edilen flash bellek ile ilgili haz\u0131rlatt\u0131klar\u0131 bilirki\u015fi raporunu mahkemeye sundu. Avukat H\u00fcseyin Ers\u00f6z teknik raporda, dijital verilere elle m\u00fcdahalede bulunulmu\u015f oldu\u011fu sonucuna ula\u015f\u0131ld\u0131\u011f\u0131n\u0131 vurgulad\u0131.<\/p>\n<p style=\"text-align: justify;\">\u015eubat ve Haziran 2011 tarihlerinde Hakan B\u00fcy\u00fck\u2019ten ele ge\u00e7ti\u011fi iddia olunan flash bellekle ilgili kolluk taraf\u0131ndan haz\u0131rlanm\u0131\u015f 2 adet rapor bulundu\u011funu s\u00f6yleyen Avukat Ers\u00f6z, \u015f\u00f6yle konu\u015ftu:<\/p>\n<p style=\"text-align: justify;\">&#8220;Ancak bu raporlarda yer alan yazar ve olu\u015fturma tarihleri gibi bilgiler aras\u0131nda \u00e7eli\u015fkiler mevcuttur. Bu \u00e7eli\u015fkiler, delil b\u00fct\u00fcnl\u00fc\u011f\u00fcn\u00fc etkileyecek oranda b\u00fcy\u00fckt\u00fcr. Bu hususlar, Bo\u011fazi\u00e7i \u00dcniversitesi \u00f6\u011fretim \u00fcyesi Prof.Dr. Ufuk \u00c7a\u011flayan taraf\u0131ndan haz\u0131rlanm\u0131\u015f bilirki\u015fi raporu ile tesbit edilmi\u015ftir. \u00c7a\u011flayan, raporunda \u00f6zellikle olu\u015fturulma tarihi ile dok\u00fcman i\u00e7eri\u011finde yer alan bilgiler aras\u0131nda yer alan \u00f6nemli zaman farkl\u0131l\u0131klar\u0131 oldu\u011funu ifade ederek s\u00f6zkonusu dijitallerin delil b\u00fct\u00fcnl\u00fc\u011f\u00fc ve sa\u011fl\u0131\u011f\u0131n\u0131 kaybetti\u011fi y\u00f6n\u00fcnde tesbitte bulunmu\u015ftur. \u015eubat ve Haziran aylar\u0131ndaki raporlar aras\u0131nda olu\u015fturulma tarihi ve dosya yollar\u0131 ile ilgili \u00f6nemli farkl\u0131l\u0131klar mevcuttur. Bu farkl\u0131l\u0131klar bu bilgilere elle m\u00fcdahele edilmi\u015f oldu\u011funu g\u00f6stermektedir. \u00d6yle ki baz\u0131 karakterler ve harfler, dosya i\u00e7erisinde d\u00fczg\u00fcn bir \u015fekilde yer al\u0131rken T\u00fcrk\u00e7e karakterler gibi baz\u0131 harflerin de ba\u015fka bir karakter ile ifade edilmesi, bilgisayar tekni\u011fine ve \u00e7al\u0131\u015fma prensibine uygun de\u011fildir. Bu durum, elle m\u00fcdahalenin g\u00f6stergesidir&#8221; dedi.<\/p>\n<p style=\"text-align: justify;\">Mahkeme, duru\u015fmay\u0131 yar\u0131na erteledi.<\/p>\n<p style=\"text-align: justify;\"><strong>B\u0130L\u0130RK\u0130\u015e\u0130 RAPORU\u00a0<\/strong><\/p>\n<p style=\"text-align: justify;\">Prof. Dr. Ufuk \u00c7a\u011flayan taraf\u0131ndan emekli Albay Hakan B\u00fcy\u00fck\u2019\u00fcn Eski\u015fehir\u2019deki evinde 21 \u015eubat 2011 tarihinde ele ge\u00e7irildi\u011fi flash bellek \u00fczerinde yap\u0131lan inceleme sonucu haz\u0131rlan raporda \u015fu de\u011ferlendirmeler yer al\u0131yor:<\/p>\n<p style=\"text-align: justify;\">&#8220;Dijital dok\u00fcman, hard disk, flash ve benzeri yaz\u0131labilen bir ortamda depolanm\u0131\u015fsa, meta data bilgilerinin dijital dok\u00fcman\u0131n neresinde yer ald\u0131\u011f\u0131n\u0131 ve format\u0131n\u0131 bilen uzman bir ki\u015fi, edit\u00f6r olarak adland\u0131rabilecek \u00f6zel bir yaz\u0131l\u0131m kullanarak &#8220;meta data&#8221; bilgilerinden istedi\u011fini, istedi\u011fi bir \u015fekilde de\u011fi\u015ftirebilir. \u00dczerinde bilin\u00e7li olarak veri \u00e7\u0131karma, de\u011fi\u015ftirme gibi i\u015flemler yap\u0131lmad\u0131\u011f\u0131 s\u00fcrece, bu bilgilerin kendiliklerinden anlaml\u0131 bir \u015fekilde de\u011fi\u015fmeleri m\u00fcmk\u00fcn de\u011fildir. Ancak \u00e7evre \u015fartlar\u0131, medya materyalinde bozulmalar olmas\u0131 gibi sebeple bu bilgiler bozulabilir ve okunmaz hale gelebilir.&#8221;<\/p>\n<p style=\"text-align: justify;\">Raporda \u015fu ifadelere yer verildi: &#8220;Ayn\u0131 dijital medya i\u00e7in farkl\u0131 tarihlerde yap\u0131lan incelemeler neticesinde olu\u015fturulan raporlardaki hash de\u011feri, olu\u015fturma tarihi, son kaydetme tarihi, yazar gibi bilgilerin herhangi birinde farkl\u0131l\u0131klar varsa, bu durum dijital medya i\u00e7erisinde de\u011fi\u015fiklik oldu\u011fu anlam\u0131na gelece\u011finden, dijital medyan\u0131n delil b\u00fct\u00fcnl\u00fc\u011f\u00fc ve sa\u011fl\u0131\u011f\u0131 art\u0131k kaybolmu\u015ftur. 12 May\u0131s 2009 tarihine ait bir gazetenin taranm\u0131\u015f g\u00f6r\u00fcnt\u00fcs\u00fc olan dijital bir verinin olu\u015fturma tarihi hi\u00e7bir \u015fekilde \u00f6nceki tarih 19 Nisan 2007 olamaz. \u0130\u00e7eri\u011finde 12 \u015eubat 2008 tarihli yaz\u0131 olan dijital verinin olu\u015fturma tarihi hi\u00e7bir \u015fekilde \u00f6nceki tarih 19 Nisan 2007 olamaz.&#8221;<\/p>\n<p style=\"text-align: justify;\"><a href=\"http:\/\/haber.gazetevatan.com\/bu-tur-soylemler-yargiya-mudahaleye-girer\/414037\/1\/Gundem\" target=\"_blank\">Kaynak : Vatan Gazetesi<\/a><\/p>\n","protected":false},"excerpt":{"rendered":"<p style=\"text-align: center;\">\n<p style=\"text-align: justify;\">Mahkeme ba\u015fkan\u0131ndan G\u00fcl ve Ar\u0131n\u00e7\u2019a tepki<\/p>\n<p style=\"text-align: justify;\">BALYOZ Davas\u0131\u2019na, Cumhurba\u015fkan\u0131 Abdullah G\u00fcl ve Ba\u015fbakan Yard\u0131mc\u0131s\u0131 B\u00fclent Ar\u0131n\u00e7\u2019\u0131n tutukluluk s\u00fcreleriyle ilgili a\u00e7\u0131klamalar\u0131 damga vurdu. Mahkeme ba\u015fkan\u0131 \u00d6mer Diken, G\u00fcl ve Ar\u0131n\u00e7\u2019\u0131n a\u00e7\u0131klamalar\u0131n\u0131 \u00f6rnek g\u00f6steren san\u0131klara, &#8220;Biz yasalara ba\u011fl\u0131y\u0131z. De\u011ferlendirmeler Cumhurba\u015fkan\u0131, Ba\u015fbakan, bakan da olsa s\u00f6yleyen ki\u015fiyi ba\u011flar. Bizi ba\u011flamaz. Biz <\/p>\n","protected":false},"author":1,"featured_media":0,"comment_status":"open","ping_status":"open","sticky":false,"template":"","format":"standard","meta":{"footnotes":""},"categories":[105],"tags":[],"class_list":["post-43554","post","type-post","status-publish","format-standard","hentry","category-gundem","odd"],"_links":{"self":[{"href":"http:\/\/www.korhanyilmaz.com\/index.php?rest_route=\/wp\/v2\/posts\/43554","targetHints":{"allow":["GET"]}}],"collection":[{"href":"http:\/\/www.korhanyilmaz.com\/index.php?rest_route=\/wp\/v2\/posts"}],"about":[{"href":"http:\/\/www.korhanyilmaz.com\/index.php?rest_route=\/wp\/v2\/types\/post"}],"author":[{"embeddable":true,"href":"http:\/\/www.korhanyilmaz.com\/index.php?rest_route=\/wp\/v2\/users\/1"}],"replies":[{"embeddable":true,"href":"http:\/\/www.korhanyilmaz.com\/index.php?rest_route=%2Fwp%2Fv2%2Fcomments&post=43554"}],"version-history":[{"count":0,"href":"http:\/\/www.korhanyilmaz.com\/index.php?rest_route=\/wp\/v2\/posts\/43554\/revisions"}],"wp:attachment":[{"href":"http:\/\/www.korhanyilmaz.com\/index.php?rest_route=%2Fwp%2Fv2%2Fmedia&parent=43554"}],"wp:term":[{"taxonomy":"category","embeddable":true,"href":"http:\/\/www.korhanyilmaz.com\/index.php?rest_route=%2Fwp%2Fv2%2Fcategories&post=43554"},{"taxonomy":"post_tag","embeddable":true,"href":"http:\/\/www.korhanyilmaz.com\/index.php?rest_route=%2Fwp%2Fv2%2Ftags&post=43554"}],"curies":[{"name":"wp","href":"https:\/\/api.w.org\/{rel}","templated":true}]}}