{"id":43549,"date":"2011-11-28T13:14:56","date_gmt":"2011-11-28T11:14:56","guid":{"rendered":"http:\/\/www.korhanyilmaz.com\/?p=43549"},"modified":"2011-11-29T02:19:17","modified_gmt":"2011-11-29T00:19:17","slug":"tuncelili-baskandan-daha-anlamli-bir-yuzlesme-olabilir-mi","status":"publish","type":"post","link":"http:\/\/www.korhanyilmaz.com\/?p=43549","title":{"rendered":"&#8220;Tuncelili ba\u015fkandan daha anlaml\u0131 bir y\u00fczle\u015fme olabilir mi?&#8221;"},"content":{"rendered":"<p style=\"text-align: center;\"><a href=\"http:\/\/www.korhanyilmaz.com\/wp-content\/uploads\/2011\/11\/7501.jpg\"  class=\"lightview\"><img loading=\"lazy\" decoding=\"async\" class=\"aligncenter  wp-image-43551\" src=\"http:\/\/www.korhanyilmaz.com\/wp-content\/uploads\/2011\/11\/7501.jpg\" alt=\"\" width=\"322\" height=\"241\" \/><\/a><\/p>\n<p style=\"text-align: justify;\">CHP Grup Ba\u015fkanvekili Emine \u00dclker Tarhan, CHP&#8217;nin, ge\u00e7mi\u015fiyle y\u00fczle\u015fti\u011fini ifade ederek, &#8221;Tuncelili bir genel ba\u015fkan\u0131 olmas\u0131ndan daha anlaml\u0131 bir y\u00fczle\u015fme olabilir mi? S\u00f6yleyin Ba\u015fbakan, bir Tuncelili AKP&#8217;ye genel ba\u015fkan olabilir mi?&#8221; dedi.<\/p>\n<p style=\"text-align: justify;\">Ankara- Tarhan, TBMM&#8217;de d\u00fczenledi\u011fi bas\u0131n toplant\u0131s\u0131nda, g\u00fcndemdeki konulara ili\u015fkin de\u011ferlendirmelerde bulundu.\u00a0<!--more--><\/p>\n<p style=\"text-align: justify;\">\u0130zmir B\u00fcy\u00fck\u015fehir Belediyesine y\u00f6nelik operasyona i\u015faret eden Tarhan, bug\u00fcn AKP&#8217;nin, &#8221;yarg\u0131y\u0131 kullanarak, tehlikeli bir oyun daha oynad\u0131\u011f\u0131n\u0131, ba\u015fka soru\u015fturma ve davalarda uygulad\u0131\u011f\u0131 y\u00f6ntemi, yeniden sahneye koydu\u011funu&#8221; s\u00f6yledi. Tarhan, AKP zihniyetinin, &#8221;gavur&#8217; diye nitelendirdi\u011fi \u0130zmir&#8217;e alabildi\u011fince y\u00fcklendi\u011fini, ele ge\u00e7irme taktiklerine odakland\u0131\u011f\u0131n\u0131n anla\u015f\u0131ld\u0131\u011f\u0131n\u0131 belirtti.<\/p>\n<p style=\"text-align: justify;\">Tarhan, yine \u00f6nceden yaz\u0131lm\u0131\u015f bir senaryonun bulundu\u011funu ifade ederek, &#8221;\u00d6zel g\u00f6revlendirilmi\u015f emniyet m\u00fcd\u00fcrleri, Habur&#8217;daki hizmetinden memnun kal\u0131nm\u0131\u015f ancak hizmetle yetinmeyip, yeni hedef olarak \u0130zmir&#8217;e konu\u015fland\u0131r\u0131lan, PKK-M\u0130T g\u00f6r\u00fc\u015fmesinin deyimini kullan\u0131yorum, o deyimle, ayarlanm\u0131\u015f yarg\u0131 g\u00f6revlileriyle \u0130zmir&#8217;e hi\u00e7 durmadan sald\u0131r\u0131yorlar&#8221; diye konu\u015ftu.<\/p>\n<p style=\"text-align: justify;\">\u0130zmir&#8217;de, &#8221;sipari\u015f yarg\u0131ya uygun, sipari\u015f hukuk uyguland\u0131\u011f\u0131n\u0131&#8221; diyen Tarhan, bu komplolar i\u00e7in \u00f6zel g\u00f6revlendirilmi\u015f kolluk ve mahkemelerin yetmedi\u011fini, vergi denetmenleri, m\u00fcfetti\u015fler ve iktidar g\u00fcc\u00fcyle kente vurduklar\u0131n\u0131 dile getirdi.<\/p>\n<p style=\"text-align: justify;\">Tarhan, s\u00f6zlerini &#8221;Sahte davalarla muhaliflerin ba\u015f\u0131na \u00e7uval ge\u00e7irmede ustala\u015fanlar, \u0130zmir B\u00fcy\u00fck\u015fehir Belediyesinin ba\u015f\u0131na \u00e7uval ge\u00e7irmeye \u00e7al\u0131\u015f\u0131yorlar. Ama as\u0131l diren\u00e7 k\u0131rmak istedikleri, B\u00fcy\u00fck\u015fehir Belediyesi ve Aziz Ba\u015fkan de\u011fil. Hedefe koyduklar\u0131, CHP ve &#8216;gavurlu\u011fundan&#8217; hi\u00e7 ama hi\u00e7 \u00f6d\u00fcn vermeyen aziz \u0130zmir asl\u0131nda. \u0130zmir B\u00fcy\u00fck\u015fehir Belediyesine yap\u0131lan bu s\u00f6zde operasyon bir AKP operasyonudur. Asl\u0131nda AKP&#8217;nin yerel se\u00e7im start\u0131d\u0131r. Buna en g\u00fc\u00e7l\u00fc cevab\u0131, onlar\u0131n deyimiyle gavur ama bizim aziz \u0130zmirimiz verecektir&#8221; diye s\u00fcrd\u00fcrd\u00fc.<\/p>\n<p style=\"text-align: justify;\"><strong>&#8221;Toplumsal kampla\u015fmaya son vermeli&#8221;\u00a0<\/strong><\/p>\n<p style=\"text-align: justify;\">Tarhan, Ba\u015fbakan Recep Tayyip Erdo\u011fan&#8217;\u0131n kendi ge\u00e7mi\u015fine bakt\u0131\u011f\u0131nda neleri g\u00f6rece\u011fini sordu. &#8221;Ge\u00e7mi\u015fte halk\u0131 kin ve d\u00fc\u015fmanl\u0131\u011fa tahrik etmekten sab\u0131ka kayd\u0131 bulunan Ba\u015fbakan&#8217;\u0131n, bu konuda su\u00e7 i\u015fleme kararl\u0131l\u0131\u011f\u0131n\u0131 s\u00fcrd\u00fcrd\u00fc\u011f\u00fcn\u00fc&#8221; \u00f6ne s\u00fcren Tarhan, bug\u00fcn de ayn\u0131 kimlik siyasetiyle kutupla\u015fmay\u0131 derinle\u015ftirdik\u00e7e derinle\u015ftirdi\u011fini savundu.<\/p>\n<p style=\"text-align: justify;\">&#8221;Bu her\u015feye \u00f6fkeli adam, bundan adeta zevk al\u0131yor&#8221; diyen Tarhan, s\u00f6zlerini \u015f\u00f6yle s\u00fcrd\u00fcrd\u00fc:<\/p>\n<p style=\"text-align: justify;\">&#8221;Oysa bug\u00fcn ortalarda g\u00f6r\u00fcnmeyen baz\u0131 radikal \u015fahsiyetlerin \u00f6n\u00fcnde diz \u00e7\u00f6kerek, neredeyse ba\u015f\u0131na ok\u015fatm\u0131\u015ft\u0131 bir zamanlar. \u0130\u015fledi\u011fi baz\u0131 su\u00e7lardan hen\u00fcz adalete hesap vermedi\u011fini biliyoruz. 12 Eyl\u00fcl darbecileri taraf\u0131ndan &#8216;iyi \u00e7ocuk&#8217; denilerek, himayelerine al\u0131nd\u0131\u011f\u0131n\u0131 biliyoruz. Onlar sayesinde ve darbe hukukunu kullanarak bug\u00fcnlere geldi\u011fini Ba\u015fbakan unutmu\u015f g\u00f6r\u00fcn\u00fcyor. Alelacele g\u00f6mlek de\u011fi\u015ftirdi, g\u00f6mle\u011fini bir ton a\u00e7\u0131k renkle de\u011fi\u015ftirip i\u015fe koyulmas\u0131na ra\u011fmen bug\u00fcn \u00e7ok iyi ge\u00e7indi\u011fi Anayasa Mahkemesinde bir i\u00e7tihat olmu\u015f. Ne mi i\u00e7tihat olmu\u015f. Baz\u0131 malum eylemlerin oda\u011f\u0131 olma tespitinden kurtulamad\u0131\u011f\u0131n\u0131 da unutmu\u015f g\u00f6r\u00fcn\u00fcyor Say\u0131n Ba\u015fbakan. Ba\u015fbakan, y\u00fczle\u015fme ve hesapla\u015fma konusunu \u00f6n\u00fcne geldi\u011finde d\u00fcn &#8216;karde\u015fim&#8217; dedi\u011fine, bug\u00fcn &#8216;zalim&#8217; diyen bir adam\u0131n hesapla\u015fma tablosuyla kar\u015f\u0131la\u015facak. \u00dcstelik bu kadar k\u0131sa s\u00fcrede. Toplumsal kampla\u015fmay\u0131 k\u00f6r\u00fcklemek \u00fczere kurgulanan bu fas\u0131la art\u0131k Ba\u015fbakan&#8217;\u0131n bir son vermesini \u00f6neriyoruz. \u00c7\u00fcnk\u00fc CHP ge\u00e7mi\u015fiyle pekala y\u00fczle\u015fmi\u015ftir. CHP&#8217;nin Tuncelili bir genel ba\u015fkan\u0131 olmas\u0131, bizatihi y\u00fczle\u015fme de\u011fil de nedir sizce? Bundan daha anlaml\u0131 bir y\u00fczle\u015fme olabilir mi? S\u00f6yleyin Ba\u015fbakan, bir Tuncelili AKP&#8217;ye genel ba\u015fkan olabilir mi? Siz AKP&#8217;liler bunu i\u00e7inize sindirebilir misiniz? B\u0131rak\u0131n bir ba\u015fkan, aran\u0131zda Tuncelili ka\u00e7 ki\u015fi var, s\u00f6yler misiniz?&#8221;<\/p>\n<p style=\"text-align: justify;\"><strong>&#8221;Aynaya bak\u0131n\u0131z&#8221;\u00a0<\/strong><\/p>\n<p style=\"text-align: justify;\">Tarhan, konu\u015fmas\u0131nda \u015fu sorular\u0131 y\u00f6neltti:<\/p>\n<p style=\"text-align: justify;\">&#8221;Hz. Ali ile Atat\u00fcrk&#8217;\u00fcn resimlerini yan yana koyan Tunceliler mi CHP&#8217;nin, ge\u00e7mi\u015finden utan\u00e7 duymas\u0131n\u0131 sa\u011flayacak? Her \u015feyi dinsel ve mezhepsel temelli kimlikle refere etmeye al\u0131\u015fm\u0131\u015f ve kom\u015fular\u0131n\u0131 bile bu g\u00f6zl\u00fckle g\u00f6r\u00fcp kategorize edenler mi bizden y\u00fczle\u015fme isteyecekler? \u0130stanbul&#8217;da bir havaalan\u0131n\u0131n ad\u0131n\u0131 de\u011fi\u015ftirmeye cesaret edemeyenler, di\u011fer havaalan\u0131n\u0131n ad\u0131n\u0131n de\u011fi\u015fmesini istemekle yoksa bize yoklama m\u0131 \u00e7ekiyorlar? Anayasadan T\u00fcrk ad\u0131n\u0131n da silinmesini de isteyenler, bu ad\u0131 sterilize edip tek tek \u00e7\u0131kartt\u0131ktan sonra yoksa yerine Arap ad\u0131n\u0131 koymay\u0131 tercih ederler? T\u00fcrkiye Cumhuriyeti&#8217;nin Ba\u015fkan\u0131 olmay\u0131 hafifseyip Arap co\u011frafyalar\u0131n\u0131n sultan\u0131na soyunan bir zihniyete de ancak bu yak\u0131\u015f\u0131r. O kurnazl\u0131kla k\u0131\u015fk\u0131rtmaya \u00e7al\u0131\u015ft\u0131\u011f\u0131n\u0131z, gericili\u011fe hi\u00e7 ge\u00e7it vermemi\u015f Tunceli&#8217;den ka\u00e7 oy \u00e7\u0131kard\u0131n\u0131z? Kubilay&#8217;a k\u0131yanlar\u0131n g\u00fcnahlar\u0131yla kim y\u00fczle\u015fecek Say\u0131n Ba\u015fbakan, torunlar\u0131n m\u0131 yoksa? Faili me\u00e7huller, J\u0130TEM cinayetleri, i\u015fkenceler, Mara\u015f, \u00c7orum, Sivas ile kim y\u00fczle\u015fecek? Ebu Suud efendiyle gurur duyanlar m\u0131 y\u00fczle\u015fecek? F\u0131rsat\u0131 ganimet bilip, Cumhuriyet&#8217;i san\u0131k sandalyesine oturtmaya m\u0131 kalkt\u0131n\u0131z Say\u0131n Ba\u015fbakan. Kendinize geliniz, d\u00f6n\u00fcp bir aynaya bak\u0131p, hi\u00e7 okumad\u0131\u011f\u0131n\u0131z o demokrasi tarihi kitab\u0131n\u0131 bir kez de olsa g\u00f6zden ge\u00e7iriniz.&#8221;<\/p>\n<p style=\"text-align: justify;\">CHP&#8217;de &#8221;Dersim&#8221; konusunda g\u00f6r\u00fc\u015f ayr\u0131l\u0131\u011f\u0131 olup olmad\u0131\u011f\u0131n\u0131n sorulmas\u0131 \u00fczerine Tarhan, CHP&#8217;nin demokrasiyi i\u00e7selle\u015ftirdi\u011fini, her konuda oldu\u011fu gibi bu konuda da farkl\u0131 de\u011ferlendirmelerin olabilece\u011fini s\u00f6yledi.<\/p>\n<p style=\"text-align: justify;\">CHP Genel Ba\u015fkan\u0131 Kemal K\u0131l\u0131\u00e7daro\u011flu&#8217;nun, i\u00e7 \u00e7at\u0131\u015fma uyar\u0131s\u0131nda bulundu\u011funun ifade edilmesi \u00fczerine Tarhan, kampla\u015fman\u0131n derinle\u015fmesinin, toplumdaki bar\u0131\u015f duygusunu zedeleyece\u011fini belirtti. Tarhan, tahrikler, unutulmaya y\u00fcz tutmu\u015f pek \u00e7ok an\u0131n\u0131n yeniden canland\u0131r\u0131lmas\u0131 s\u00fcre\u00e7lerinin, toplumdaki bar\u0131\u015f duygusuna zarar verece\u011fini kaydetti.<\/p>\n<p style=\"text-align: justify;\">Tarhan, ter\u00f6r \u00f6rg\u00fct\u00fc PKK&#8217;n\u0131n silah b\u0131rakmak i\u00e7in iki \u015fart \u00f6ne s\u00fcrd\u00fc\u011f\u00fcn\u00fc ifade eden gazeteciye, &#8221;D\u00fcnyada hi\u00e7bir ter\u00f6r \u00f6rg\u00fct\u00fcn\u00fcn silahlar\u0131 b\u0131rakmadan, hatta kendisini la\u011fvetmeden bar\u0131\u015f masas\u0131na oturdu\u011fu g\u00f6r\u00fc\u015fm\u00fc\u015f \u015fey de\u011fildir. Silahlar b\u0131rak\u0131lmadan, uzla\u015fmay\u0131 b\u0131rak\u0131n, bir tart\u0131\u015fma zemini sa\u011flanmas\u0131 m\u00fcmk\u00fcn de\u011fildir&#8221; kar\u015f\u0131l\u0131\u011f\u0131n\u0131 verdi.<\/p>\n<p style=\"text-align: justify;\"><a href=\"http:\/\/www.cumhuriyet.com.tr\/?hn=296302&amp;kw=%22Tuncelili+ba%FEkandan+daha+anlaml%FD+bir+y%FCzle%FEme+olabilir+mi%3F%22\" target=\"_blank\">Kaynak : Cumhuriyet Haber Portal\u0131<\/a><\/p>\n","protected":false},"excerpt":{"rendered":"<p style=\"text-align: center;\">\n<p style=\"text-align: justify;\">CHP Grup Ba\u015fkanvekili Emine \u00dclker Tarhan, CHP&#8217;nin, ge\u00e7mi\u015fiyle y\u00fczle\u015fti\u011fini ifade ederek, &#8221;Tuncelili bir genel ba\u015fkan\u0131 olmas\u0131ndan daha anlaml\u0131 bir y\u00fczle\u015fme olabilir mi? S\u00f6yleyin Ba\u015fbakan, bir Tuncelili AKP&#8217;ye genel ba\u015fkan olabilir mi?&#8221; dedi.<\/p>\n<p style=\"text-align: justify;\">Ankara- Tarhan, TBMM&#8217;de d\u00fczenledi\u011fi bas\u0131n toplant\u0131s\u0131nda, g\u00fcndemdeki konulara ili\u015fkin de\u011ferlendirmelerde bulundu. <\/p>\n","protected":false},"author":1,"featured_media":0,"comment_status":"open","ping_status":"open","sticky":false,"template":"","format":"standard","meta":{"footnotes":""},"categories":[105],"tags":[],"class_list":["post-43549","post","type-post","status-publish","format-standard","hentry","category-gundem","odd"],"_links":{"self":[{"href":"http:\/\/www.korhanyilmaz.com\/index.php?rest_route=\/wp\/v2\/posts\/43549","targetHints":{"allow":["GET"]}}],"collection":[{"href":"http:\/\/www.korhanyilmaz.com\/index.php?rest_route=\/wp\/v2\/posts"}],"about":[{"href":"http:\/\/www.korhanyilmaz.com\/index.php?rest_route=\/wp\/v2\/types\/post"}],"author":[{"embeddable":true,"href":"http:\/\/www.korhanyilmaz.com\/index.php?rest_route=\/wp\/v2\/users\/1"}],"replies":[{"embeddable":true,"href":"http:\/\/www.korhanyilmaz.com\/index.php?rest_route=%2Fwp%2Fv2%2Fcomments&post=43549"}],"version-history":[{"count":0,"href":"http:\/\/www.korhanyilmaz.com\/index.php?rest_route=\/wp\/v2\/posts\/43549\/revisions"}],"wp:attachment":[{"href":"http:\/\/www.korhanyilmaz.com\/index.php?rest_route=%2Fwp%2Fv2%2Fmedia&parent=43549"}],"wp:term":[{"taxonomy":"category","embeddable":true,"href":"http:\/\/www.korhanyilmaz.com\/index.php?rest_route=%2Fwp%2Fv2%2Fcategories&post=43549"},{"taxonomy":"post_tag","embeddable":true,"href":"http:\/\/www.korhanyilmaz.com\/index.php?rest_route=%2Fwp%2Fv2%2Ftags&post=43549"}],"curies":[{"name":"wp","href":"https:\/\/api.w.org\/{rel}","templated":true}]}}