{"id":43545,"date":"2011-11-28T15:25:36","date_gmt":"2011-11-28T13:25:36","guid":{"rendered":"http:\/\/www.korhanyilmaz.com\/?p=43545"},"modified":"2011-11-29T01:56:26","modified_gmt":"2011-11-28T23:56:26","slug":"erdogan-bagirsak-operasyonu-gecirdi","status":"publish","type":"post","link":"http:\/\/www.korhanyilmaz.com\/?p=43545","title":{"rendered":"Erdo\u011fan ba\u011f\u0131rsak operasyonu ge\u00e7irdi"},"content":{"rendered":"<p style=\"text-align: center;\"><a href=\"http:\/\/www.korhanyilmaz.com\/wp-content\/uploads\/2011\/11\/7500.jpg\"  class=\"lightview\"><img loading=\"lazy\" decoding=\"async\" class=\"aligncenter  wp-image-43546\" src=\"http:\/\/www.korhanyilmaz.com\/wp-content\/uploads\/2011\/11\/7500.jpg\" alt=\"\" width=\"322\" height=\"241\" \/><\/a><\/p>\n<p style=\"text-align: justify;\">Ba\u015fbakan&#8217;a ba\u011f\u0131rsak operasyonu. G\u00fcndem bu iddia ile kar\u0131\u015ft\u0131. Erdo\u011fan&#8217;\u0131n haftasonu ba\u011f\u0131rsaklar\u0131yla ilgili bir operasyon ge\u00e7irdi\u011fi iddias\u0131 g\u00fcndemi sarst\u0131.<\/p>\n<p style=\"text-align: justify;\">Ard\u0131ndan Ba\u015fbakan&#8217;\u0131n twitter hesab\u0131ndan konuyla ilgili bir a\u00e7\u0131klama geldi.<\/p>\n<p style=\"text-align: justify;\">Son olarak Ba\u015fbakanl\u0131k&#8217;tan yap\u0131lan resmi a\u00e7\u0131klamada Erdo\u011fan&#8217;\u0131n ba\u015far\u0131l\u0131 bir sindirim sistemi operasyonu ge\u00e7irdi\u011fi ve cuma g\u00fcn\u00fcne kadar \u0130stanbul&#8217;daki evinde dinlenece\u011fi belirtildi.<!--more--><\/p>\n<p style=\"text-align: justify;\">Ba\u015fbakanl\u0131k&#8217;tan yap\u0131lana a\u00e7\u0131klamada; &#8220;Say\u0131n ba\u015fbakan\u0131m\u0131z 26 kas\u0131m 2011 tarihinde laparoskopik y\u00f6ntemle ba\u015far\u0131l\u0131 bir sindirim sistemi ameliyat\u0131 ge\u00e7irmi\u015ftir&#8221; denildi.<\/p>\n<p style=\"text-align: justify;\">A\u00e7\u0131klamada: &#8220;Say\u0131n Ba\u015fbakan\u0131m\u0131z, 26 Kas\u0131m 2011 tarihinde, laparoskopik y\u00f6ntemle, ba\u015far\u0131l\u0131 bir sindirim sistemi ameliyat\u0131 ge\u00e7irmi\u015flerdir.<\/p>\n<p style=\"text-align: justify;\">Ameliyat, Say\u0131n Ba\u015fbakan\u0131m\u0131z\u0131n program\u0131n\u0131n m\u00fcsait olmas\u0131 nedeniyle 26 Kas\u0131m tarihinde ger\u00e7ekle\u015fmi\u015ftir.<\/p>\n<p style=\"text-align: justify;\">Say\u0131n Ba\u015fbakan\u0131m\u0131z\u0131n sa\u011fl\u0131k durumu yerindedir. Doktorlar\u0131n gerekli g\u00f6rd\u00fc\u011f\u00fc istirahat\u0131n ard\u0131ndan, Say\u0131n Ba\u015fbakan\u0131m\u0131z \u00e7al\u0131\u015fmalar\u0131na ba\u015flayacakt\u0131r. Kamuoyuna sayg\u0131yla duyurulur&#8221; denildi.<\/p>\n<p style=\"text-align: justify;\">\u00d6te yandan edinilen bilgilere g\u00f6re; Ba\u015fbakan Erdo\u011fan, haftasonu Sa\u011fl\u0131k Bakanl\u0131\u011f\u0131&#8217;na ba\u011fl\u0131 Pendik&#8217;teki Marmara \u00dcniversitesi E\u011fitim ve Ara\u015ft\u0131rma Hastanesi&#8217;ne kald\u0131r\u0131ld\u0131. Hastanenin 2. ve 6. kat\u0131 &#8220;g\u00fcvenlik sebebiyle&#8221; tamamen kapat\u0131ld\u0131.<\/p>\n<p style=\"text-align: justify;\">Medipol Hastanesi&#8217;nden getirilen baz\u0131 doktorlar da Ba\u015fbakan&#8217;\u0131 tedavi etti. Bu s\u0131rada, hastanenin g\u00fcvenlik kameralar\u0131 da iptal edildi. Haber merkezimize gelen bilgiye g\u00f6re, Sa\u011fl\u0131k Bakan\u0131 Recep Akda\u011f da hastaneye gelerek tedaviyle bizzat ilgilendi.<\/p>\n<p style=\"text-align: justify;\"><a href=\"http:\/\/siyaset.milliyet.com.tr\/erdogan-bagirsak-operasyonu-gecirdi\/siyaset\/siyasetdetay\/28.11.2011\/1468507\/default.htm\" target=\"_blank\">Kaynak : Milliyet.com.tr<\/a><\/p>\n","protected":false},"excerpt":{"rendered":"<p style=\"text-align: center;\">\n<p style=\"text-align: justify;\">Ba\u015fbakan&#8217;a ba\u011f\u0131rsak operasyonu. G\u00fcndem bu iddia ile kar\u0131\u015ft\u0131. Erdo\u011fan&#8217;\u0131n haftasonu ba\u011f\u0131rsaklar\u0131yla ilgili bir operasyon ge\u00e7irdi\u011fi iddias\u0131 g\u00fcndemi sarst\u0131.<\/p>\n<p style=\"text-align: justify;\">Ard\u0131ndan Ba\u015fbakan&#8217;\u0131n twitter hesab\u0131ndan konuyla ilgili bir a\u00e7\u0131klama geldi.<\/p>\n<p style=\"text-align: justify;\">Son olarak Ba\u015fbakanl\u0131k&#8217;tan yap\u0131lan resmi a\u00e7\u0131klamada Erdo\u011fan&#8217;\u0131n ba\u015far\u0131l\u0131 bir sindirim sistemi operasyonu ge\u00e7irdi\u011fi ve cuma g\u00fcn\u00fcne kadar \u0130stanbul&#8217;daki evinde <\/p>\n","protected":false},"author":1,"featured_media":0,"comment_status":"open","ping_status":"open","sticky":false,"template":"","format":"standard","meta":{"footnotes":""},"categories":[105],"tags":[],"class_list":["post-43545","post","type-post","status-publish","format-standard","hentry","category-gundem","odd"],"_links":{"self":[{"href":"http:\/\/www.korhanyilmaz.com\/index.php?rest_route=\/wp\/v2\/posts\/43545","targetHints":{"allow":["GET"]}}],"collection":[{"href":"http:\/\/www.korhanyilmaz.com\/index.php?rest_route=\/wp\/v2\/posts"}],"about":[{"href":"http:\/\/www.korhanyilmaz.com\/index.php?rest_route=\/wp\/v2\/types\/post"}],"author":[{"embeddable":true,"href":"http:\/\/www.korhanyilmaz.com\/index.php?rest_route=\/wp\/v2\/users\/1"}],"replies":[{"embeddable":true,"href":"http:\/\/www.korhanyilmaz.com\/index.php?rest_route=%2Fwp%2Fv2%2Fcomments&post=43545"}],"version-history":[{"count":0,"href":"http:\/\/www.korhanyilmaz.com\/index.php?rest_route=\/wp\/v2\/posts\/43545\/revisions"}],"wp:attachment":[{"href":"http:\/\/www.korhanyilmaz.com\/index.php?rest_route=%2Fwp%2Fv2%2Fmedia&parent=43545"}],"wp:term":[{"taxonomy":"category","embeddable":true,"href":"http:\/\/www.korhanyilmaz.com\/index.php?rest_route=%2Fwp%2Fv2%2Fcategories&post=43545"},{"taxonomy":"post_tag","embeddable":true,"href":"http:\/\/www.korhanyilmaz.com\/index.php?rest_route=%2Fwp%2Fv2%2Ftags&post=43545"}],"curies":[{"name":"wp","href":"https:\/\/api.w.org\/{rel}","templated":true}]}}