{"id":43542,"date":"2011-11-28T07:57:34","date_gmt":"2011-11-28T05:57:34","guid":{"rendered":"http:\/\/www.korhanyilmaz.com\/?p=43542"},"modified":"2011-11-28T10:22:16","modified_gmt":"2011-11-28T08:22:16","slug":"2-dokunulmazlik-vakasi","status":"publish","type":"post","link":"http:\/\/www.korhanyilmaz.com\/?p=43542","title":{"rendered":"2. dokunulmazl\u0131k vakas\u0131"},"content":{"rendered":"<p style=\"text-align: center;\"><a href=\"http:\/\/www.korhanyilmaz.com\/wp-content\/uploads\/2011\/11\/7410.JPG.jpg\"  class=\"lightview\"><img loading=\"lazy\" decoding=\"async\" class=\"aligncenter  wp-image-43543\" src=\"http:\/\/www.korhanyilmaz.com\/wp-content\/uploads\/2011\/11\/7410.JPG.jpg\" alt=\"\" width=\"396\" height=\"180\" \/><\/a><\/p>\n<p style=\"text-align: justify;\">Deniz otob\u00fcs\u00fcn\u00fc ka\u00e7\u0131ran canl\u0131 bomban\u0131n polis taraf\u0131ndan aranan k\u0131z karde\u015fine refakat ederken g\u00f6r\u00fcnt\u00fclenen Sebahat Tuncel\u2019in, dokunulmazl\u0131k z\u0131rh\u0131n\u0131 ba\u015fka PKK\u2019l\u0131lar i\u00e7in de kulland\u0131\u011f\u0131 g\u00f6r\u00fcnt\u00fclendi.<!--more--><\/p>\n<p style=\"text-align: justify;\">ANKARA &#8211; Kartepe Deniz otob\u00fcs\u00fcn\u00fc ka\u00e7\u0131ran PKK\u2019l\u0131 Mansur G\u00fczel\u2019in bomba yapmaktan aranan karde\u015fi \u015eeyma G\u00fczel\u2019e VIP \u00fczerinden \u201cKandil Refakati\u201d yaparken g\u00f6r\u00fcnt\u00fclenen BDP Milletvekili Tuncel\u2019in yeni bir skandal\u0131 ortaya \u00e7\u0131kt\u0131.<\/p>\n<p style=\"text-align: justify;\"><strong>TER\u00d6R\u0130STLE KAFELERDE G\u00d6R\u00dc\u015eT\u00dc<\/strong><\/p>\n<p style=\"text-align: justify;\">Star gazetesinin haberine g\u00f6re, Tuncel\u2019in, ter\u00f6r \u00f6rg\u00fct\u00fcn\u00fcn \u015fehir merkezlerinde illegal eylemler yapmak i\u00e7in olu\u015fturdu\u011fu gen\u00e7lik yap\u0131s\u0131 \u00d6SB\u2019nin (\u00d6z Savunma Birlikleri) \u0130l ve \u00dclke sorumlular\u0131yla s\u0131k s\u0131k bir araya geldi\u011fi ortaya \u00e7\u0131kt\u0131. \u00d6SB\u2019nin \u00fclke sorumlusu PKK \u00fcyesi Cafer Ate\u015f\u2019in Ankara \u00c7ankaya\u2019da farkl\u0131 kafelerde farkl\u0131 tarihlerde BDP Milletvekilleri Tuncel ve Ayla Akat Ata ile bir araya geldi\u011fini g\u00f6steren foto\u011fraflar ortaya \u00e7\u0131kt\u0131.<\/p>\n<p style=\"text-align: justify;\"><strong>TER\u00d6R\u0130ST\u0130 AYNI ARA\u00c7LA TA\u015eIDI<\/strong><\/p>\n<p style=\"text-align: justify;\">Savc\u0131l\u0131k emriyle yap\u0131lan takipte Ate\u015f\u2019in Tuncel\u2019le yapt\u0131\u011f\u0131 uzun g\u00f6r\u00fc\u015fmeler an be an izlendi. Daha \u00f6nce PKK\u2019l\u0131 \u015eeyma G\u00fczel\u2019i Volkswagen Jetta marka TBMM kartl\u0131 arac\u0131yla ta\u015f\u0131yan Tuncel\u2019in, \u00d6SB Y\u00f6neticisi Ate\u015f\u2019i de ayn\u0131 arac\u0131yla defalarca ta\u015f\u0131d\u0131\u011f\u0131, \u00e7e\u015fitli adreslere b\u0131rak\u0131p geri ald\u0131\u011f\u0131 belirlendi.<\/p>\n<p style=\"text-align: justify;\">Tuncel\u2019in ara\u00e7 ve mekan dokunulmazl\u0131\u011f\u0131 nedeniyle uzun s\u00fcre ertelenen operasyon, Ate\u015f\u2019in tek ba\u015f\u0131na kald\u0131\u011f\u0131 bir s\u0131rada ger\u00e7ekle\u015ftirildi. Cafer Ate\u015f, 2 May\u0131s 2011 PKK ter\u00f6r \u00f6rg\u00fct\u00fc \u00fcyesi olmaktan tutukland\u0131.<\/p>\n<p style=\"text-align: justify;\"><strong>SEBAHAT TUNCEL, CAFER ATE\u015eLE<\/strong><\/p>\n<p style=\"text-align: justify;\">Kartepe Deniz Otob\u00fcs\u00fcn\u00fc ka\u00e7\u0131ran canl\u0131 bomban\u0131n k\u0131z karde\u015fini Diyarbak\u0131r\u2019a g\u00f6t\u00fcrmek isteyen Tuncel, dokunulmazl\u0131k z\u0131rh\u0131n\u0131 ba\u015fka PKK\u2019l\u0131lar i\u00e7in de kulland\u0131. Tuncel\u2019in tutuklanan Ate\u015f\u2019i arac\u0131na ald\u0131\u011f\u0131 g\u00f6r\u00fcnt\u00fclendi.<\/p>\n<p style=\"text-align: justify;\"><a href=\"http:\/\/www.gazeteport.com.tr\/haber\/65156\/2_dokunulmazlik_vakasi\" target=\"_blank\">Kaynak : GAZETEPORT<\/a><\/p>\n","protected":false},"excerpt":{"rendered":"<p style=\"text-align: center;\">\n<p style=\"text-align: justify;\">Deniz otob\u00fcs\u00fcn\u00fc ka\u00e7\u0131ran canl\u0131 bomban\u0131n polis taraf\u0131ndan aranan k\u0131z karde\u015fine refakat ederken g\u00f6r\u00fcnt\u00fclenen Sebahat Tuncel\u2019in, dokunulmazl\u0131k z\u0131rh\u0131n\u0131 ba\u015fka PKK\u2019l\u0131lar i\u00e7in de kulland\u0131\u011f\u0131 g\u00f6r\u00fcnt\u00fclendi.<\/p>\n","protected":false},"author":1,"featured_media":0,"comment_status":"open","ping_status":"open","sticky":false,"template":"","format":"standard","meta":{"footnotes":""},"categories":[105],"tags":[],"class_list":["post-43542","post","type-post","status-publish","format-standard","hentry","category-gundem","odd"],"_links":{"self":[{"href":"http:\/\/www.korhanyilmaz.com\/index.php?rest_route=\/wp\/v2\/posts\/43542","targetHints":{"allow":["GET"]}}],"collection":[{"href":"http:\/\/www.korhanyilmaz.com\/index.php?rest_route=\/wp\/v2\/posts"}],"about":[{"href":"http:\/\/www.korhanyilmaz.com\/index.php?rest_route=\/wp\/v2\/types\/post"}],"author":[{"embeddable":true,"href":"http:\/\/www.korhanyilmaz.com\/index.php?rest_route=\/wp\/v2\/users\/1"}],"replies":[{"embeddable":true,"href":"http:\/\/www.korhanyilmaz.com\/index.php?rest_route=%2Fwp%2Fv2%2Fcomments&post=43542"}],"version-history":[{"count":0,"href":"http:\/\/www.korhanyilmaz.com\/index.php?rest_route=\/wp\/v2\/posts\/43542\/revisions"}],"wp:attachment":[{"href":"http:\/\/www.korhanyilmaz.com\/index.php?rest_route=%2Fwp%2Fv2%2Fmedia&parent=43542"}],"wp:term":[{"taxonomy":"category","embeddable":true,"href":"http:\/\/www.korhanyilmaz.com\/index.php?rest_route=%2Fwp%2Fv2%2Fcategories&post=43542"},{"taxonomy":"post_tag","embeddable":true,"href":"http:\/\/www.korhanyilmaz.com\/index.php?rest_route=%2Fwp%2Fv2%2Ftags&post=43542"}],"curies":[{"name":"wp","href":"https:\/\/api.w.org\/{rel}","templated":true}]}}