{"id":43536,"date":"2011-11-28T00:02:55","date_gmt":"2011-11-27T22:02:55","guid":{"rendered":"http:\/\/www.korhanyilmaz.com\/?p=43536"},"modified":"2011-11-28T00:38:40","modified_gmt":"2011-11-27T22:38:40","slug":"ysk-da-bilmiyor-ki","status":"publish","type":"post","link":"http:\/\/www.korhanyilmaz.com\/?p=43536","title":{"rendered":"YSK da bilmiyor ki"},"content":{"rendered":"<p style=\"text-align: center;\"><a href=\"http:\/\/www.korhanyilmaz.com\/wp-content\/uploads\/2011\/11\/7409.jpg\"  class=\"lightview\"><img loading=\"lazy\" decoding=\"async\" class=\"aligncenter  wp-image-43539\" src=\"http:\/\/www.korhanyilmaz.com\/wp-content\/uploads\/2011\/11\/7409.jpg\" alt=\"\" width=\"462\" height=\"210\" \/><\/a><\/p>\n<p style=\"text-align: justify;\">Yarg\u0131-Sen Ba\u015fkan\u0131 Emina\u011fao\u011flu ile CHP milletvekili Kart, YSK\u2019ya Cumhurba\u015fkan\u0131 G\u00fcl\u2019\u00fcn g\u00f6rev s\u00fcresini sordu. Ancak \u2018\u2019\u00d6zel inceleme gerekir\u2019\u2019 diyen YSK da, bu sorunun cevab\u0131n\u0131 bilmiyor.<\/p>\n<p style=\"text-align: justify;\">ANKARA &#8211; Yarg\u0131-Sen Ba\u015fkan\u0131 hakim \u00d6mer Faruk Emina\u011fao\u011flu ile CHP milletvekili Atilla Kart, Cumhurba\u015fkan\u0131 Abdullah G\u00fcl\u2019\u00fcn g\u00f6rev s\u00fcresindeki belirsizli\u011fin giderilmesi i\u00e7in Y\u00fcksek Se\u00e7im Kuruluna ba\u015fvurdu. Ancak YSK da G\u00fcl\u2019\u00fcn g\u00f6revde 5 y\u0131l m\u0131, 7 y\u0131l m\u0131 kalaca\u011f\u0131n\u0131 bilmiyor. CHP milletvekili Mahmut Tanal\u2019\u0131n ba\u015fvurusunu cevapland\u0131ran YSK, \u2018\u2019Bu konuda \u00f6zel inceleme gerekir\u2019\u2019 demi\u015fti.\u00a0<!--more--><\/p>\n<p style=\"text-align: justify;\">Emina\u011fao\u011flu, Cumhurba\u015fkanl\u0131\u011f\u0131 se\u00e7iminin 2012\u2019de yap\u0131lmas\u0131 gerekti\u011fini ve G\u00fcl\u2019\u00fcn de yeniden aday olabilece\u011fini savundu. G\u00fcl\u2019\u00fcn g\u00f6rev s\u00fcresinin ne zaman dolaca\u011f\u0131 ve se\u00e7im s\u00fcrecinin ne zaman ba\u015flayaca\u011f\u0131na dair belirsizli\u011fin giderilmesini istedi. Kart da se\u00e7imin ne zaman yap\u0131laca\u011f\u0131 konusunda YSK\u2019dan bilgi istedi.<\/p>\n<p style=\"text-align: justify;\">CHP \u0130stanbul milletvekili Mahmut Tanal da, bilgi edinme yasas\u0131 \u00e7er\u00e7evesinde, 1 Ekim 2011\u2019de YSK\u2019ya ba\u015fvurarak, \u2018\u2019Cumhurba\u015fkan\u0131 Abdullah G\u00fcl\u2019\u00fcn g\u00f6revi ka\u00e7 y\u0131ld\u0131r ve s\u00fcresi ne zaman dolacakt\u0131r. Se\u00e7im ne zaman yap\u0131lacakt\u0131r?\u2019\u2019 sorular\u0131n\u0131 y\u00f6neltmi\u015fti.<\/p>\n<p style=\"text-align: justify;\"><strong>\u2018\u2019CEVAP VEREM\u0130YORUZ\u2019\u2019<\/strong><\/p>\n<p style=\"text-align: justify;\">Bu ba\u015fvuruyu YSK Ba\u015fkanvekili Turan Karakaya yaz\u0131l\u0131 olarak cevapland\u0131rm\u0131\u015f ve konunun Bilgi Edindirme kanunun 7. maddesi gere\u011fi, \u00f6zel inceleme gerektirdi\u011fini belirterek, \u2018\u2019Bu a\u015famada cevaplama olana\u011f\u0131 bulunmamaktad\u0131r\u2019\u2019 demi\u015fti.<\/p>\n<p style=\"text-align: justify;\">Karakaya\u2019n\u0131n at\u0131f yapt\u0131\u011f\u0131 yasan\u0131n 7.maddesi \u2018\u2019\u2019Kurumlar, ayr\u0131 veya \u00f6zel bir \u00e7al\u0131\u015fma, ara\u015ft\u0131rma, inceleme ya da analiz neticesinde olu\u015fturulabilecek t\u00fcrden bir bilgi veya belge i\u00e7in yap\u0131lacak ba\u015fvurulara, olumsuz cevap verebilirler\u2019\u2019 h\u00fckm\u00fcn\u00fc ta\u015f\u0131yor.<\/p>\n<p style=\"text-align: justify;\"><strong>\u0130T\u0130RAZ ETT\u0130<\/strong><\/p>\n<p style=\"text-align: justify;\">Tanal bu cevaba itiraz ederek, \u2018\u2019Yasa kapsam\u0131nda, edinilmek istenen bilgi, YSK\u2019n\u0131n Anayasa ile belirlenmi\u015f g\u00f6revi gere\u011fi bilmesi gereken bir bilgidir\u2019\u2019 dedi ve YSK\u2019ya cevap i\u00e7in yeniden ba\u015fvurdu.<\/p>\n<p style=\"text-align: justify;\">G\u00fcl, Cumhurba\u015fkanl\u0131\u011f\u0131 g\u00f6revine se\u00e7ildi\u011finde Anayasa\u2019da 7 y\u0131ll\u0131k s\u00fcre bulunuyordu. De\u011fi\u015fen Anayasa ile 5 art\u0131 5 form\u00fcl\u00fc getirildi ve halk\u0131n oyu ile se\u00e7im benimsendi. G\u00fcl\u2019\u00fcn g\u00f6rev s\u00fcresi, se\u00e7ildi\u011fi d\u00f6nemdeki Anayasa esas al\u0131n\u0131rsa 2014\u2019de, yeni Anayasa uygulan\u0131rsa, 2012\u2019de sona erecek. Yeni Anayasa, G\u00fcl\u2019e ikinci 5 y\u0131l i\u00e7in adayl\u0131k olana\u011f\u0131 da veriyor.<\/p>\n\n\t\t\t\t\t\t\t<style type='text\/css'>\n\t\t\t\t\t\t\t\t#gallery-1 {\n\t\t\t\t\t\t\t\t\tmargin: auto;\n\t\t\t\t\t\t\t\t}\n\t\t\t\t\t\t\t\t#gallery-1 .gallery-item {\n\t\t\t\t\t\t\t\t\tfloat: left;\n\t\t\t\t\t\t\t\t\tmargin-top: 10px;\n\t\t\t\t\t\t\t\t\ttext-align: center;\n\t\t\t\t\t\t\t\t\twidth: 33%;\t\t\t}\n\t\t\t\t\t\t\t\t#gallery-1 img {\n\t\t\t\t\t\t\t\t\tborder: 2px solid #cfcfcf;\n\t\t\t\t\t\t\t\t}\n\t\t\t\t\t\t\t\t#gallery-1 .gallery-caption {\n\t\t\t\t\t\t\t\t\tmargin-left: 0;\n\t\t\t\t\t\t\t\t}\n\t\t\t\t\t\t\t<\/style>\n\t\t\t\t\t\t\t<!-- z-Lightview gallery shortcode, see http:\/\/www.zaikos.com\/wp-plugins\/z-lightview\/ -->\n\t\t\t\t\t\t\t<div id='gallery-1' class='gallery galleryid-43536'><dl class='gallery-item'>\n\t\t\t\t\t<dt class='gallery-icon'>\n\t\t\t\t\t\t<a href='http:\/\/www.korhanyilmaz.com\/wp-content\/uploads\/2011\/11\/7408.jpg'>7408<\/a>\n\t\t\t\t\t<\/dt><\/dl><dl class='gallery-item'>\n\t\t\t\t\t<dt class='gallery-icon'>\n\t\t\t\t\t\t<a href='http:\/\/www.korhanyilmaz.com\/wp-content\/uploads\/2011\/11\/7407.jpg'>7407<\/a>\n\t\t\t\t\t<\/dt><\/dl><dl class='gallery-item'>\n\t\t\t\t\t<dt class='gallery-icon'>\n\t\t\t\t\t\t<a href='http:\/\/www.korhanyilmaz.com\/wp-content\/uploads\/2011\/11\/7409.jpg'>7409<\/a>\n\t\t\t\t\t<\/dt><\/dl><br style=\"clear: both\" \/>\n\t\t\t\t\t<br style='clear: both;' \/>\n\t\t\t\t<\/div>\n\n<p style=\"text-align: justify;\"><a href=\"http:\/\/www.gazeteport.com.tr\/haber\/65007\/ysk_da_bilmiyor_ki\" target=\"_blank\">Kaynak : GAZETEPORT<\/a><\/p>\n","protected":false},"excerpt":{"rendered":"<p style=\"text-align: center;\">\n<p style=\"text-align: justify;\">Yarg\u0131-Sen Ba\u015fkan\u0131 Emina\u011fao\u011flu ile CHP milletvekili Kart, YSK\u2019ya Cumhurba\u015fkan\u0131 G\u00fcl\u2019\u00fcn g\u00f6rev s\u00fcresini sordu. Ancak \u2018\u2019\u00d6zel inceleme gerekir\u2019\u2019 diyen YSK da, bu sorunun cevab\u0131n\u0131 bilmiyor.<\/p>\n<p style=\"text-align: justify;\">ANKARA &#8211; Yarg\u0131-Sen Ba\u015fkan\u0131 hakim \u00d6mer Faruk Emina\u011fao\u011flu ile CHP milletvekili Atilla Kart, Cumhurba\u015fkan\u0131 Abdullah G\u00fcl\u2019\u00fcn g\u00f6rev s\u00fcresindeki belirsizli\u011fin giderilmesi i\u00e7in Y\u00fcksek Se\u00e7im Kuruluna <\/p>\n","protected":false},"author":1,"featured_media":0,"comment_status":"open","ping_status":"open","sticky":false,"template":"","format":"standard","meta":{"footnotes":""},"categories":[105],"tags":[],"class_list":["post-43536","post","type-post","status-publish","format-standard","hentry","category-gundem","odd"],"_links":{"self":[{"href":"http:\/\/www.korhanyilmaz.com\/index.php?rest_route=\/wp\/v2\/posts\/43536","targetHints":{"allow":["GET"]}}],"collection":[{"href":"http:\/\/www.korhanyilmaz.com\/index.php?rest_route=\/wp\/v2\/posts"}],"about":[{"href":"http:\/\/www.korhanyilmaz.com\/index.php?rest_route=\/wp\/v2\/types\/post"}],"author":[{"embeddable":true,"href":"http:\/\/www.korhanyilmaz.com\/index.php?rest_route=\/wp\/v2\/users\/1"}],"replies":[{"embeddable":true,"href":"http:\/\/www.korhanyilmaz.com\/index.php?rest_route=%2Fwp%2Fv2%2Fcomments&post=43536"}],"version-history":[{"count":0,"href":"http:\/\/www.korhanyilmaz.com\/index.php?rest_route=\/wp\/v2\/posts\/43536\/revisions"}],"wp:attachment":[{"href":"http:\/\/www.korhanyilmaz.com\/index.php?rest_route=%2Fwp%2Fv2%2Fmedia&parent=43536"}],"wp:term":[{"taxonomy":"category","embeddable":true,"href":"http:\/\/www.korhanyilmaz.com\/index.php?rest_route=%2Fwp%2Fv2%2Fcategories&post=43536"},{"taxonomy":"post_tag","embeddable":true,"href":"http:\/\/www.korhanyilmaz.com\/index.php?rest_route=%2Fwp%2Fv2%2Ftags&post=43536"}],"curies":[{"name":"wp","href":"https:\/\/api.w.org\/{rel}","templated":true}]}}