{"id":43523,"date":"2011-11-27T13:06:46","date_gmt":"2011-11-27T11:06:46","guid":{"rendered":"http:\/\/www.korhanyilmaz.com\/?p=43523"},"modified":"2011-11-27T19:24:29","modified_gmt":"2011-11-27T17:24:29","slug":"olay-intihar-susu-verilmis-bir-cinayet","status":"publish","type":"post","link":"http:\/\/www.korhanyilmaz.com\/?p=43523","title":{"rendered":"&#8216;Olay intihar s\u00fcs\u00fc verilmi\u015f bir cinayet&#8217;"},"content":{"rendered":"<p style=\"text-align: center;\"><a href=\"http:\/\/www.korhanyilmaz.com\/wp-content\/uploads\/2011\/11\/7397.jpg\"  class=\"lightview\"><img loading=\"lazy\" decoding=\"async\" class=\"aligncenter  wp-image-43524\" src=\"http:\/\/www.korhanyilmaz.com\/wp-content\/uploads\/2011\/11\/7397.jpg\" alt=\"\" width=\"320\" height=\"214\" \/><\/a><\/p>\n<p style=\"text-align: justify;\">ASELSAN M\u00fchendisi H\u00fcseyin Ba\u015fbilen&#8217;in \u00f6l\u00fcm\u00fcn\u00fc inceleyen bilirki\u015fi savc\u0131l\u0131\u011fa sundu\u011fu raporda, &#8221;Olay intihar s\u00fcs\u00fc verilmi\u015f bir cinayet&#8221; dedi.<\/p>\n<p style=\"text-align: justify;\">Aselsan m\u00fchendislerinin \u015f\u00fcpheli \u00f6l\u00fcmleri ile ilgili soru\u015fturmada \u00e7arp\u0131c\u0131 delillere ula\u015f\u0131ld\u0131. Savc\u0131n\u0131n, H\u00fcseyin Ba\u015fbilen&#8217;in \u00f6l\u00fcm\u00fc ile ilgili cinayet sonras\u0131 olay yeri inceleme ekiplerince \u00e7ekilen foto\u011fraf ve video kay\u0131tlar\u0131 ile cinayete dair elde edilen delillerin incelenmesini talep etti\u011fi bilirki\u015fi, haz\u0131rlad\u0131\u011f\u0131 raporda cinayeti i\u015faret etti. Ara\u00e7ta ba\u015fka parmak izlerine rastland\u0131\u011f\u0131 belirtilen raporda Ba\u015fbilen&#8217;in \u00e7antas\u0131n\u0131n da sonradan arabaya kondu\u011fu belirtildi.\u00a0<!--more--><\/p>\n<p style=\"text-align: justify;\">Taraf gazetesinin haberine g\u00f6re; Ankara&#8217;da 7 A\u011fustos 2006 tarihinde arac\u0131nda bo\u011faz\u0131 ve elleri kesilmi\u015f halde bulunan Aselsan m\u00fchendisi H\u00fcseyin Ba\u015fbilen&#8217;in intihar oldu\u011fu \u00f6ne s\u00fcr\u00fclen \u00f6l\u00fcm\u00fcyle ilgili y\u00fcr\u00fct\u00fclen soru\u015fturmada \u00e7arp\u0131c\u0131 bir geli\u015fme ya\u015fand\u0131. Ankara Cumhuriyet Ba\u015fsavc\u0131l\u0131\u011f\u0131&#8217;n\u0131n talebi \u00fczerine Ba\u015fbilen&#8217;in \u00f6l\u00fc bulundu\u011fu ara\u00e7taki kan ve parmak izlerini analiz eden uzman bilirki\u015fi, cinayeti i\u015faret etti.<\/p>\n<p style=\"text-align: justify;\">Aselsan soru\u015fturmas\u0131n\u0131 y\u00fcr\u00fcten Ankara Cumhuriyet Savc\u0131s\u0131 Murat Demir, H\u00fcseyin Ba\u015fbilen&#8217;in \u00f6l\u00fc bulundu\u011fu ara\u00e7ta \u00e7ekilmi\u015f foto\u011fraflar\u0131 ve video kay\u0131tlar\u0131n\u0131, kan ve parmak izlerini, T\u00fcrkiye&#8217;de bu alandaki uzmanl\u0131\u011f\u0131 ile tan\u0131nan bilirki\u015fiye yorumlatt\u0131. Olaydan sonra ara\u00e7ta \u00e7ekilen onlarca resmi tek tek inceleyen uzman bilirki\u015fi, kan\u0131n y\u00f6n\u00fc ve ak\u0131\u015f \u015feklini analiz etti.<\/p>\n<p style=\"text-align: justify;\">Bilirki\u015fi raporunda, Ba\u015fbilen&#8217;in \u015fof\u00f6r koltu\u011funun yan\u0131ndaki koltukta, ba\u015f\u0131n\u0131n torpido g\u00f6z\u00fcn\u00fcn alt\u0131nda, ayaklar\u0131n\u0131n ise koltu\u011fun \u00fczerine kalmas\u0131 ile ilgili olarak, &#8220;Ba\u015fbilen&#8217;in arac\u0131n i\u00e7erisinde oldu\u011fu esnada, boynundaki 20 cmlik kesik ve bile\u011findeki kesiklerin mevcut oldu\u011fu, kendisinin d\u0131\u015far\u0131 \u00e7\u0131kmak i\u00e7in \u00f6nce \u015fof\u00f6r koltu\u011funun yan\u0131ndaki koltu\u011fu a\u00e7mak istedi\u011fi, ancak kap\u0131y\u0131 a\u00e7may\u0131 ba\u015faramay\u0131nca yan koltu\u011fa ge\u00e7ti\u011fi, yan koltuktaki kap\u0131y\u0131 a\u00e7mak i\u00e7in ge\u00e7ti\u011fi esnada v\u00fccudundaki yaralar nedeniyle ba\u015f\u0131n\u0131n torpido g\u00f6z\u00fcn\u00fcn alt\u0131na gelecek bi\u00e7imde d\u00fc\u015ft\u00fc\u011f\u00fc, daha sonra \u00f6l\u00fcm an\u0131n\u0131n ger\u00e7ekle\u015fti\u011fi ve v\u00fccut a\u011f\u0131rl\u0131\u011f\u0131n\u0131n ba\u015f \u00fczerinde toplanmas\u0131ndan dolay\u0131 boynunda k\u0131r\u0131klar olu\u015ftu\u011fu&#8221; de\u011ferlendirmesi yap\u0131ld\u0131.<\/p>\n<p style=\"text-align: justify;\">Bilirki\u015fi iki \u00f6nemli bulguda olay\u0131n cinayet oldu\u011funa kanaat getirdi. Kan f\u0131\u015fk\u0131rma, akma ve cesedin bulundu\u011fu konumu g\u00f6z\u00f6n\u00fcnde bulunduran uzmanlar, parmak izi ara\u015ft\u0131rmas\u0131na g\u00f6re olay an\u0131nda ara\u00e7ta ba\u015fka ki\u015fi veya ki\u015filerin varl\u0131\u011f\u0131n\u0131 tesbit etti. Ayr\u0131ca Ba\u015fbilen&#8217;e ait oldu\u011fu belirtilen bir \u00e7antan\u0131n olaydan sonra ara\u00e7 koltu\u011funa b\u0131rak\u0131ld\u0131\u011f\u0131 belirlendi. S\u00f6z konusu yorumlar\u0131n yan\u0131na kan izlerinin resimleri eklenerek raporla\u015ft\u0131r\u0131ld\u0131. Bu rapora g\u00f6re olay &#8216;intihar&#8217; de\u011fil &#8216;cinayet&#8217;.<\/p>\n<p style=\"text-align: justify;\"><strong>ERGENEKON SAVCISI DOSYAYI A\u00c7TIRDI<\/strong><\/p>\n<p style=\"text-align: justify;\">Aselsan&#8217;da uzak mesafede daha etkili bir kanas silah\u0131, F16 ve milli tank projeleri \u00fczerinde \u00e7al\u0131\u015fan H\u00fcseyin Ba\u015fbilen, 7 A\u011fustos 2006&#8217;da bo\u011faz\u0131 ve bile\u011fi kesilmi\u015f olarak arac\u0131n\u0131n i\u00e7inde bulunmu\u015ftu. Ard\u0131ndan 17 Ocak 2007&#8217;de Halim \u00dcnal kafas\u0131na isabet eden tek kur\u015funla \u00f6ld\u00fc.<\/p>\n<p style=\"text-align: justify;\">Dokuz g\u00fcn sonra da Evrim Yan\u00e7eken, oturdu\u011fu binan\u0131n alt\u0131nc\u0131 kat\u0131ndan d\u00fc\u015ferek can verdi. ODT\u00dc mezunu \u00fc\u00e7 gen\u00e7 m\u00fchendisin ortak \u00f6zelli\u011fi u\u00e7aklar i\u00e7in dost-d\u00fc\u015fman tan\u0131ma sistemi \u00fczerinde \u00e7al\u0131\u015fmalar\u0131 oldu.<\/p>\n<p style=\"text-align: justify;\">Ankara Ba\u015fsavc\u0131l\u0131\u011f\u0131&#8217;n\u0131n bu olaylarla ilgili iki y\u0131l \u00f6nce kapatt\u0131\u011f\u0131 Aselsan intiharlar\u0131 dosyas\u0131, bir d\u00f6nem Ergenekon soru\u015fturmas\u0131n\u0131 y\u00fcr\u00fcten savc\u0131lar\u0131ndan Fikret Se\u00e7en&#8217;in elde etti\u011fi deliller \u00fczerine Ankara \u00d6zel Yetkili Cumhuriyet Savc\u0131l\u0131\u011f\u0131 taraf\u0131ndan yeniden a\u00e7\u0131lm\u0131\u015ft\u0131.<\/p>\n<p style=\"text-align: justify;\"><a href=\"http:\/\/www.radikal.com.tr\/Radikal.aspx?aType=RadikalDetayV3&amp;ArticleID=1070809&amp;Date=27.11.2011&amp;CategoryID=77\" target=\"_blank\">Kaynak : Radikal.com.tr<\/a><\/p>\n","protected":false},"excerpt":{"rendered":"<p style=\"text-align: center;\">\n<p style=\"text-align: justify;\">ASELSAN M\u00fchendisi H\u00fcseyin Ba\u015fbilen&#8217;in \u00f6l\u00fcm\u00fcn\u00fc inceleyen bilirki\u015fi savc\u0131l\u0131\u011fa sundu\u011fu raporda, &#8221;Olay intihar s\u00fcs\u00fc verilmi\u015f bir cinayet&#8221; dedi.<\/p>\n<p style=\"text-align: justify;\">Aselsan m\u00fchendislerinin \u015f\u00fcpheli \u00f6l\u00fcmleri ile ilgili soru\u015fturmada \u00e7arp\u0131c\u0131 delillere ula\u015f\u0131ld\u0131. Savc\u0131n\u0131n, H\u00fcseyin Ba\u015fbilen&#8217;in \u00f6l\u00fcm\u00fc ile ilgili cinayet sonras\u0131 olay yeri inceleme ekiplerince \u00e7ekilen foto\u011fraf ve video kay\u0131tlar\u0131 ile cinayete dair elde <\/p>\n","protected":false},"author":1,"featured_media":0,"comment_status":"open","ping_status":"open","sticky":false,"template":"","format":"standard","meta":{"footnotes":""},"categories":[105],"tags":[],"class_list":["post-43523","post","type-post","status-publish","format-standard","hentry","category-gundem","odd"],"_links":{"self":[{"href":"http:\/\/www.korhanyilmaz.com\/index.php?rest_route=\/wp\/v2\/posts\/43523","targetHints":{"allow":["GET"]}}],"collection":[{"href":"http:\/\/www.korhanyilmaz.com\/index.php?rest_route=\/wp\/v2\/posts"}],"about":[{"href":"http:\/\/www.korhanyilmaz.com\/index.php?rest_route=\/wp\/v2\/types\/post"}],"author":[{"embeddable":true,"href":"http:\/\/www.korhanyilmaz.com\/index.php?rest_route=\/wp\/v2\/users\/1"}],"replies":[{"embeddable":true,"href":"http:\/\/www.korhanyilmaz.com\/index.php?rest_route=%2Fwp%2Fv2%2Fcomments&post=43523"}],"version-history":[{"count":0,"href":"http:\/\/www.korhanyilmaz.com\/index.php?rest_route=\/wp\/v2\/posts\/43523\/revisions"}],"wp:attachment":[{"href":"http:\/\/www.korhanyilmaz.com\/index.php?rest_route=%2Fwp%2Fv2%2Fmedia&parent=43523"}],"wp:term":[{"taxonomy":"category","embeddable":true,"href":"http:\/\/www.korhanyilmaz.com\/index.php?rest_route=%2Fwp%2Fv2%2Fcategories&post=43523"},{"taxonomy":"post_tag","embeddable":true,"href":"http:\/\/www.korhanyilmaz.com\/index.php?rest_route=%2Fwp%2Fv2%2Ftags&post=43523"}],"curies":[{"name":"wp","href":"https:\/\/api.w.org\/{rel}","templated":true}]}}