{"id":43514,"date":"2011-11-27T16:01:29","date_gmt":"2011-11-27T14:01:29","guid":{"rendered":"http:\/\/www.korhanyilmaz.com\/?p=43514"},"modified":"2011-11-27T16:17:27","modified_gmt":"2011-11-27T14:17:27","slug":"sahin-pkkda-cozulmeler-basladi","status":"publish","type":"post","link":"http:\/\/www.korhanyilmaz.com\/?p=43514","title":{"rendered":"\u015eahin: &#8220;PKK&#8217;da \u00e7\u00f6z\u00fclmeler ba\u015flad\u0131&#8221;"},"content":{"rendered":"<p style=\"text-align: justify;\"><a href=\"http:\/\/www.korhanyilmaz.com\/wp-content\/uploads\/2011\/11\/7395.jpg\"  class=\"lightview\"><img loading=\"lazy\" decoding=\"async\" class=\"aligncenter size-full wp-image-43515\" title=\"\" src=\"http:\/\/www.korhanyilmaz.com\/wp-content\/uploads\/2011\/11\/7395.jpg\" alt=\"\" width=\"312\" height=\"215\" \/><\/a><\/p>\n<p style=\"text-align: justify;\">\u0130\u00e7i\u015fleri Bakan\u0131 \u0130dris Naim \u015eahin, PKK&#8217;ya kar\u015f\u0131 yap\u0131lan operasyonlarda \u00f6rg\u00fct\u00fcn ciddi derecede kay\u0131plar verdi\u011fini belirterek, &#8220;Bir \u00e7\u00f6z\u00fclme ba\u015flad\u0131&#8221; dedi.<\/p>\n<p style=\"text-align: justify;\">\u0130\u00e7i\u015fleri Bakan\u0131 \u0130dris Naim \u015eahin, Ak Parti Ordu Milletvekilleri Mustafa Hamarat, \u0130hsan \u015eener ve \u0130l Ba\u015fkan\u0131 H\u00fcseyin Akyol ile birlikte uydudan yay\u0131n yapan yerel televizyon kanallar\u0131n\u0131n canl\u0131 ortak yay\u0131n\u0131na kat\u0131ld\u0131. Bakan \u015eahin, T\u00fcrkiye&#8217;nin son 30 y\u0131ld\u0131r s\u0131k\u0131nt\u0131l\u0131 bir d\u00f6nemden ge\u00e7ti\u011fini s\u00f6yledi. Bakan \u015eahin, \u015funlar\u0131 s\u00f6yledi:<!--more--><\/p>\n<p style=\"text-align: justify;\">&#8220;Ne yapmak istedi\u011fi tam da belli olmayan, hele bug\u00fcn hi\u00e7 belli olmayan, istismar konular\u0131 tamamen elinden al\u0131nm\u0131\u015f, gerek\u00e7eleri tamamen yok edilmi\u015f, bir b\u00f6l\u00fcc\u00fc ter\u00f6r \u00f6rg\u00fct\u00fc, T\u00fcrkiye&#8217;ye kar\u015f\u0131 b\u00f6lme \u00e7abalar\u0131n\u0131 s\u00fcrd\u00fcr\u00fcyor. Buna kar\u015f\u0131 da devletin her zaman oldu\u011fu gibi, hem istihbarat ba\u011flam\u0131nda, hem de m\u00fccadele, operasyon ba\u011flam\u0131nda tedbirleri devam ediyor, eder, edecektir. Hi\u00e7bir \u00f6rg\u00fct, hi\u00e7bir b\u00f6l\u00fcc\u00fc ter\u00f6r \u00f6rg\u00fct\u00fc, y\u0131k\u0131c\u0131 \u00f6rg\u00fct bu devleti yok etmeye, bu vatan topra\u011f\u0131n\u0131 b\u00f6lmeye, bu milletin birli\u011fine zarar vermeye g\u00fc\u00e7 yetiremez.&#8221;<\/p>\n<p style=\"text-align: justify;\"><strong>&#8220;Ter\u00f6r \u00f6rg\u00fct\u00fcn\u00fcn kayb\u0131 \u00e7ok y\u00fcksek, \u00e7\u00f6z\u00fclme ba\u015flad\u0131&#8221;\u00a0<\/strong><\/p>\n<p style=\"text-align: justify;\">Ter\u00f6rle m\u00fccadelede milletin bir beklentiye ge\u00e7ti\u011fini belirten \u0130\u00e7i\u015fleri Bakan\u0131 \u0130dris Naim \u015eahin, buna y\u00f6nelik olarak \u00e7ok ciddi \u00e7al\u0131\u015fmalar yap\u0131ld\u0131\u011f\u0131n\u0131 s\u00f6yledi. Bu \u00e7al\u0131\u015fmalar\u0131n bir b\u00f6l\u00fcm\u00fcn\u00fcn kamuoyu taraf\u0131ndan bilindi\u011fini belirten Bakan \u015eahin, \u015f\u00f6yle konu\u015ftu:<\/p>\n<p style=\"text-align: justify;\">&#8220;Hepsinin bilinmesine gerek yoktur. \u00d6zellikle \u00f6nlenen olaylar, istihbarata ba\u011fl\u0131 olarak hi\u00e7 ger\u00e7ekle\u015fmeyen, benim tabirimle olmayan olaylar \u00e7ok y\u00fcksektir. Bu noktada g\u00fcvenlik g\u00fc\u00e7lerimiz, jandarmam\u0131z\u0131n, kara kuvvetleri unsurlar\u0131m\u0131z\u0131n, polisimizin fevkalade ba\u015far\u0131l\u0131 \u00e7al\u0131\u015fmalar\u0131 olmu\u015ftur. Ama ger\u00e7ekle\u015fen hain sald\u0131r\u0131lar\u0131 biliyoruz, ya\u015fad\u0131k, ya\u015f\u0131yoruz. Bunlara kar\u015f\u0131l\u0131k veya bunlara kar\u015f\u0131l\u0131k olmadan da ger\u00e7ekle\u015ftirilen operasyonlar ba\u011flam\u0131nda ter\u00f6r \u00f6rg\u00fct\u00fcn\u00fcn kayb\u0131 ciddi derecededir. Hem \u00fclke s\u0131n\u0131rlar\u0131 i\u00e7inde, hemde \u00fclke s\u0131n\u0131rlar\u0131 d\u0131\u015f\u0131nda. Bir \u00e7\u00f6z\u00fclme ba\u015flad\u0131.&#8221;<\/p>\n<p style=\"text-align: justify;\">Ter\u00f6r \u00f6rg\u00fct\u00fcn\u00fcn sokak hareketlerinin \u00fclke g\u00fcndeminden d\u00fc\u015ft\u00fc\u011f\u00fcn\u00fc ileri s\u00fcren \u0130\u00e7i\u015fleri Bakan\u0131 \u015eahin, s\u00f6zlerine \u015f\u00f6yle devam etti:<\/p>\n<p style=\"text-align: justify;\">&#8220;Sokak hareketleri art\u0131k bug\u00fcn T\u00fcrkiye&#8217;nin g\u00fcndeminden d\u00fc\u015fmek \u00fczeredir. D\u00fc\u015fm\u00fc\u015ft\u00fcr hatta. Canlanmak istese de canlanamayacakt\u0131r. Tedirginlik veren sokak hareketleri, 17 A\u011fustos&#8217;ta ba\u015flayan hava harekat\u0131, 20-21 Ekim tarihlerinde ba\u015flayan kapsaml\u0131 kara harekatlar\u0131 ve onlar\u0131n d\u0131\u015f\u0131nda \u00fclkemizin ter\u00f6r \u00f6rg\u00fct\u00fcn\u00fcn bulundu\u011funu tespit etti\u011fimiz her noktada ger\u00e7ekle\u015ftirilen noktasal operasyonlarla, ter\u00f6r \u00f6rg\u00fct\u00fc de\u011fi\u015fik a\u00e7\u0131lardan silahl\u0131 militanlar\u0131n\u0131n etkisiz hale getirilmeleri suretiyle \u00f6nemli kay\u0131plar verdi\u011fi bir ger\u00e7ektir. Ama di\u011fer taraftan ter\u00f6r \u00f6rg\u00fct\u00fcn\u00fcn \u00e7ok \u00f6nemli yeni d\u00f6nem yap\u0131lanmas\u0131 olan ve ad\u0131na &#8216;Demokratik Halklar Toplulu\u011fu&#8217; dedikleri &#8216;KCK&#8217; harfleriyle ifade edilen bir yap\u0131lanmas\u0131na y\u00f6nelik ger\u00e7ekle\u015ftirilen 1 Eyl\u00fcl 2011 tarihinden g\u00fcn\u00fcm\u00fcze devam eden hukuki operasyonlar, adli s\u00fcre\u00e7 itibar\u0131yla son derece etkili bir m\u00fccadele ger\u00e7ekle\u015ftirildi ve devam ediyor.&#8221;<\/p>\n<p style=\"text-align: justify;\">\u0130\u00e7i\u015fleri Bakan\u0131 \u0130dris Naim \u015eahin, b\u00f6l\u00fcc\u00fc ter\u00f6r \u00f6rg\u00fct\u00fcn\u00fcn m\u00fccadelesinin \u00e7ift boyutlu oldu\u011funu anlatarak, konu\u015fmas\u0131n\u0131 \u015fu \u015fekilde s\u00fcrd\u00fcrd\u00fc:<\/p>\n<p style=\"text-align: justify;\">&#8220;Bir silahl\u0131 sald\u0131r\u0131, bomba atarak, canl\u0131 bombalar\u0131 \u015fehirlere g\u00f6ndererek, Hakkari&#8217;de Depin polis noktas\u0131na 20 kilo patlay\u0131c\u0131 maddeyi kat\u0131r\u0131n s\u0131rt\u0131na ba\u011flay\u0131p g\u00f6ndermek suretiyle, de\u011fi\u015fik \u015fekillerde silahl\u0131, bombal\u0131, roketli sald\u0131r\u0131lar\u0131 var. Ama bir ba\u015fka \u00e7ok \u00f6nemli boyutu var; Psikolojik, propaganda, kara propaganda boyutu. B\u00f6l\u00fcc\u00fc ter\u00f6r \u00f6rg\u00fct\u00fcn\u00fc farkl\u0131, hatta bazen masum, ma\u011fdur, hakl\u0131 g\u00f6sterme \u00e7abalar\u0131 var. Avrupa&#8217;dan ve ba\u015fka \u00fclkelerden, uluslararas\u0131 kurulu\u015flardan destek bulan bir \u00e7aba. Maalesef bilerek- bilmeyerek, fark\u0131nda olarak, olmayarak, \u00fclkemizde de bir tak\u0131m siyaset\u00e7iler, bazen bas\u0131n mensuplar\u0131, bazen fikir adamlar\u0131 veya bunlar\u0131n olu\u015fturdu\u011fu sivil toplum kurulu\u015flar\u0131 taraf\u0131ndan da destek verilerek y\u00fcr\u00fct\u00fclen bir psikolojik harekat var. \u015eimdi biz harekat\u0131n bug\u00fcne kadar hep silahl\u0131 boyutuna bakt\u0131k. Silahl\u0131 boyutunu \u00e7ok \u00f6nemsedik. Bir yerde olay varsa tamam, kan ak\u0131t\u0131lm\u0131\u015fsa, \u015fehit vermi\u015fsek, hep onun \u00fczerine yo\u011funla\u015ft\u0131k. Ama di\u011fer taraftan da bu olay veya bu olaya bir \u015fekilde destek verenler, ona ikmal yapanlar, ona kaynak olu\u015fturanlar makul ve masum g\u00f6sterilmeye, hatta ma\u011fdur g\u00f6sterilmeye \u00e7al\u0131\u015f\u0131ld\u0131. Daha ileri bir ad\u0131m. Ter\u00f6r \u00f6rg\u00fct\u00fcyle m\u00fccadeleyi y\u00fcr\u00fctmesi gereken, g\u00f6revi bu olan, ki\u015fisel duygular\u0131 d\u00fc\u015f\u00fcnceleri bir tarafa, \u0130\u00e7i\u015fleri Bakan\u0131 olarak bu benim g\u00f6revim. H\u00fck\u00fcmet&#8217;in bu g\u00f6revi. Vatanda\u015f\u0131n g\u00fcvenli\u011fini sa\u011flamak, bu \u00fclkenin birli\u011fini, bu vatan\u0131n b\u00f6l\u00fcnmezli\u011fini sa\u011flamak bizim g\u00f6revimiz, sorumlulu\u011fumuz.&#8221;<\/p>\n<p style=\"text-align: justify;\">\u0130\u00e7i\u015fleri Bakan\u0131 \u0130dris Naim \u015eahin, hakk\u0131nda \u00e7\u0131kan haberlere de de\u011finirken, \u00e7ok sevdi\u011fi Bekta\u015fi babalar\u0131, dedeleri oldu\u011funu s\u00f6yledi. Bakan \u015eahin, &#8220;Hani onlara bir latife olarak tak\u0131l\u0131n\u0131r. Sarho\u015fken namaza yakla\u015fmay\u0131n ayetinin terc\u00fcmesini bir b\u00f6l\u00fcm\u00fcn\u00fc al\u0131p, bir b\u00f6l\u00fcm\u00fcn\u00fc almad\u0131\u011f\u0131n\u0131z zaman pekala namazdan kendinizi ar\u0131nd\u0131rabilirsiniz. Orada oldu\u011fu gibi hani Bekta\u015fi babaya yak\u0131\u015ft\u0131r\u0131lan o s\u00f6ylemde, n\u00fcktede oldu\u011fu gibi benim 10 c\u00fcmlelik a\u00e7\u0131klamam\u0131n 9&#8217;unu bir tarafa b\u0131rak\u0131p, 10&#8217;ncu c\u00fcmlede 3 tane kelimeyi al\u0131p bundan ne demek istedi, bundan \u015funu demek istedi, i\u015fte siyasete yeni birisi geliyor. Siyasette yeni bir s\u00f6ylem tarz\u0131 ba\u015flad\u0131, siyasette yeni bir bilinmeyen ama yeni tan\u0131d\u0131\u011f\u0131m\u0131z kimlik ortaya \u00e7\u0131kt\u0131 gibi de\u011ferlendirmeler ter\u00f6rle, ter\u00f6r yap\u0131s\u0131n\u0131n psikolojik harekat boyutunun ikinci b\u00f6l\u00fcm\u00fcnden ger\u00e7ekle\u015fen yak\u0131\u015ft\u0131rmalard\u0131r, ger\u00e7ekle\u015fen at\u0131\u015fmalard\u0131r ve \u00e7ok g\u00fcl\u00fcn\u00e7t\u00fcr, \u00e7ok gariptir. Yani cevap vermeyi gerektirmeyecek kadar basittir&#8221; diye konu\u015ftu.<\/p>\n<p style=\"text-align: justify;\">\u0130\u00e7i\u015fleri Bakan\u0131 \u0130dris Naim \u015eahin, hukukun \u00fcst\u00fcnl\u00fc\u011f\u00fc, demokrasi ilkeleri ve adalet anlay\u0131\u015f\u0131 i\u00e7inde, iyi, \u00fclkesine ba\u011fl\u0131 insanlarla bu memlekete kar\u015f\u0131 bu millete kar\u015f\u0131 su\u00e7 i\u015fleyeni birbirinden ay\u0131rt ederek devam edeceklerini anlat\u0131rken, &#8220;\u00c7ukurca&#8217;da 30 kilometre \u00f6tede operasyonlar devam ederken bir gazeteci arkada\u015f\u0131m\u0131z\u0131n tespitidir bu; \u00c7ukurca merkezinde kahveler, d\u00fckkanlar a\u00e7\u0131kt\u0131r, halk i\u015finde g\u00fcc\u00fcndedir. G\u00fcvenlik g\u00fc\u00e7lerimiz, yarg\u0131 makamlar\u0131m\u0131z art\u0131k \u015fu\u00e7luyla su\u00e7suzu, \u015f\u00fcpheliden delile de\u011fil, delilden \u015f\u00fcpheliye giderek \u00e7a\u011fda\u015f bir \u015fekilde, vicdani bir \u015fekilde millet ad\u0131na ay\u0131rt ederek bu m\u00fccadaleyi y\u00fcr\u00fct\u00fcyor. Bu yeni m\u00fccadale d\u00f6neminin en \u00f6nemli \u00f6zelliklerinden birisi de budur. Bu da milletimiz taraf\u0131ndan farkedilmi\u015ftir. \u00d6zellikle Hakkari&#8217;den \u015e\u0131rnak&#8217;a, Diyarbak\u0131r&#8217;dan Batman&#8217;a, Van&#8217;dan Bitlis&#8217;e Siirt&#8217;e uzanan \u00e7izgide, Mersin&#8217;e, \u0130stanbul&#8217;a, Mu\u011fla&#8217;ya uzanan \u00e7izgide vatanda\u015f\u0131m\u0131z onu birebir g\u00f6rmektedir ve ter\u00f6r \u00f6rg\u00fct\u00fc ad\u0131na onun legal uzant\u0131s\u0131 gibi g\u00f6z\u00fcken siyasi parti ge\u00e7ti\u011fimiz Cumartesi g\u00fcn\u00fc Diyarbak\u0131r&#8217;da bu son KCK operasyonlar\u0131n\u0131 k\u0131namak \u00fczere veya ona tepki g\u00f6stermek \u00fczere yapmak istedi\u011fi mitingi Diyarbak\u0131r&#8217;da yapamam\u0131\u015ft\u0131r. Hava muhalefeti dolay\u0131s\u0131yla yapmam\u0131\u015ft\u0131r g\u00f6r\u00fcn\u00fcrde odur ama ba\u015fka muhalefetler vard\u0131r, ba\u015fka uyan\u0131\u015flar vard\u0131r&#8221; \u015feklinde konu\u015ftu.<\/p>\n<p style=\"text-align: justify;\"><strong>&#8220;Biz de Cumhuriyet \u00e7ocuklar\u0131y\u0131z&#8221;\u00a0<\/strong><\/p>\n<p style=\"text-align: justify;\">Bakan \u015eahin, AK Parti Ordu Merkez \u0130l\u00e7e Ba\u015fkanl\u0131\u011f\u0131n\u0131n Ay I\u015f\u0131\u011f\u0131 Tesisleri&#8217;nde d\u00fczenlenen 4. Ola\u011fan Genel Kurul Toplant\u0131s\u0131&#8217;nda da 1923 tarihiyle do\u011fan cumhuriyetin onurlu \u00e7ocuklar\u0131, onurlu yurtta\u015flar\u0131 olduklar\u0131n\u0131 belirterek, \u015funlar\u0131 kaydetti:<\/p>\n<p style=\"text-align: justify;\">&#8220;Cumhuriyet sadece ad\u0131nda cumhuriyet olan bir siyasi partinin tekelinde de\u011fildir. Biz de cumhuriyetin \u00e7ocuklar\u0131y\u0131z. Cumhuriyet vatan\u0131 sevmekse, cumhuriyet devleti sevmekse, halk\u0131 g\u00f6rmek, g\u00f6zetmekse, milli de\u011ferlere sahip \u00e7\u0131kmaksa, d\u00fcnyadaki geli\u015fmeleri al\u0131p birey ve toplum olarak \u00f6z\u00fcmsemek, ya\u015famaksa i\u015fte biz cumhuriyet\u00e7iyiz. Devleti, milleti seviyoruz, de\u011fi\u015fimleri, d\u00f6n\u00fc\u015f\u00fcmleri benimsiyoruz. Hatta onun \u00f6tesinde, T\u00fcrkiye&#8217;yi en h\u0131zl\u0131 \u015fekilde de\u011fi\u015ftirmenin ve d\u00f6n\u00fc\u015ft\u00fcrmenin gayreti i\u00e7inde olan bir partiyiz.&#8221;<\/p>\n<p style=\"text-align: justify;\"><a href=\"http:\/\/www.cnnturk.com\/2011\/turkiye\/11\/27\/sahin.pkkda.cozulmeler.basladi\/638296.0\/index.html\" target=\"_blank\">Kaynak : CNN T\u00dcRK<\/a><\/p>\n","protected":false},"excerpt":{"rendered":"<p style=\"text-align: justify;\">\n<p style=\"text-align: justify;\">\u0130\u00e7i\u015fleri Bakan\u0131 \u0130dris Naim \u015eahin, PKK&#8217;ya kar\u015f\u0131 yap\u0131lan operasyonlarda \u00f6rg\u00fct\u00fcn ciddi derecede kay\u0131plar verdi\u011fini belirterek, &#8220;Bir \u00e7\u00f6z\u00fclme ba\u015flad\u0131&#8221; dedi.<\/p>\n<p style=\"text-align: justify;\">\u0130\u00e7i\u015fleri Bakan\u0131 \u0130dris Naim \u015eahin, Ak Parti Ordu Milletvekilleri Mustafa Hamarat, \u0130hsan \u015eener ve \u0130l Ba\u015fkan\u0131 H\u00fcseyin Akyol ile birlikte uydudan yay\u0131n yapan yerel televizyon kanallar\u0131n\u0131n canl\u0131 ortak yay\u0131n\u0131na <\/p>\n","protected":false},"author":1,"featured_media":0,"comment_status":"open","ping_status":"open","sticky":false,"template":"","format":"standard","meta":{"footnotes":""},"categories":[105],"tags":[],"class_list":["post-43514","post","type-post","status-publish","format-standard","hentry","category-gundem","odd"],"_links":{"self":[{"href":"http:\/\/www.korhanyilmaz.com\/index.php?rest_route=\/wp\/v2\/posts\/43514","targetHints":{"allow":["GET"]}}],"collection":[{"href":"http:\/\/www.korhanyilmaz.com\/index.php?rest_route=\/wp\/v2\/posts"}],"about":[{"href":"http:\/\/www.korhanyilmaz.com\/index.php?rest_route=\/wp\/v2\/types\/post"}],"author":[{"embeddable":true,"href":"http:\/\/www.korhanyilmaz.com\/index.php?rest_route=\/wp\/v2\/users\/1"}],"replies":[{"embeddable":true,"href":"http:\/\/www.korhanyilmaz.com\/index.php?rest_route=%2Fwp%2Fv2%2Fcomments&post=43514"}],"version-history":[{"count":0,"href":"http:\/\/www.korhanyilmaz.com\/index.php?rest_route=\/wp\/v2\/posts\/43514\/revisions"}],"wp:attachment":[{"href":"http:\/\/www.korhanyilmaz.com\/index.php?rest_route=%2Fwp%2Fv2%2Fmedia&parent=43514"}],"wp:term":[{"taxonomy":"category","embeddable":true,"href":"http:\/\/www.korhanyilmaz.com\/index.php?rest_route=%2Fwp%2Fv2%2Fcategories&post=43514"},{"taxonomy":"post_tag","embeddable":true,"href":"http:\/\/www.korhanyilmaz.com\/index.php?rest_route=%2Fwp%2Fv2%2Ftags&post=43514"}],"curies":[{"name":"wp","href":"https:\/\/api.w.org\/{rel}","templated":true}]}}