{"id":43497,"date":"2011-11-27T13:56:28","date_gmt":"2011-11-27T11:56:28","guid":{"rendered":"http:\/\/www.korhanyilmaz.com\/?p=43497"},"modified":"2011-11-27T14:07:18","modified_gmt":"2011-11-27T12:07:18","slug":"chpden-erdogana-yazili-yanit","status":"publish","type":"post","link":"http:\/\/www.korhanyilmaz.com\/?p=43497","title":{"rendered":"CHP&#8217;den Erdo\u011fan&#8217;a yaz\u0131l\u0131 yan\u0131t!"},"content":{"rendered":"<div id=\"attachment_43498\" style=\"width: 322px\" class=\"wp-caption aligncenter\"><a title=\"CHP Genel Ba\u015fkan Yard\u0131mc\u0131s\u0131 Nihat Matkap\" href=\"http:\/\/www.korhanyilmaz.com\/wp-content\/uploads\/2011\/11\/7394.jpg\"  class=\"lightview\"><img loading=\"lazy\" decoding=\"async\" aria-describedby=\"caption-attachment-43498\" class=\"size-full wp-image-43498\" title=\"CHP Genel Ba\u015fkan Yard\u0131mc\u0131s\u0131 Nihat Matkap\" src=\"http:\/\/www.korhanyilmaz.com\/wp-content\/uploads\/2011\/11\/7394.jpg\" alt=\"\" width=\"312\" height=\"215\" \/><\/a><p id=\"caption-attachment-43498\" class=\"wp-caption-text\">CHP Genel Ba\u015fkan Yard\u0131mc\u0131s\u0131 Nihat Matkap<\/p><\/div>\n<p style=\"text-align: justify;\">Ba\u015fbakan Erdo\u011fan&#8217;\u0131n konu\u015fmalar\u0131nda CHP lideri K\u0131l\u0131\u00e7daro\u011flu&#8217;nun Alevili\u011fine d\u00f6n\u00fck imalar\u0131na CHP&#8217;den a\u00e7\u0131klama geldi. Genel Ba\u015fkan Yard\u0131mc\u0131s\u0131 Nihat Matkap taraf\u0131ndan yap\u0131lan yaz\u0131l\u0131 a\u00e7\u0131klamada, &#8220;inan\u00e7 yap\u0131lar\u0131n\u0131 \u00f6ne \u00e7\u0131karman\u0131n mutlak bir ayr\u0131mc\u0131l\u0131\u011f\u0131 te\u015fvik etti\u011fi&#8221; belirtildi.<\/p>\n<p style=\"text-align: justify;\">CHP Genel Ba\u015fkan Yard\u0131mc\u0131s\u0131 Nihat Matkap, partisinin ulusal b\u00fct\u00fcnl\u00fc\u011f\u00fcn g\u00fcvencesi olma g\u00f6rev ve sorumlulu\u011funu kararl\u0131l\u0131kla sonuna kadar s\u00fcrd\u00fcrece\u011fini bildirdi.\u00a0<!--more--><\/p>\n<p style=\"text-align: justify;\">Matkap yapt\u0131\u011f\u0131 yaz\u0131l\u0131 a\u00e7\u0131klamada, siyaset \u00f6nderlerinin etnik ve inan\u00e7 yap\u0131lar\u0131n\u0131n tart\u0131\u015f\u0131lmas\u0131n\u0131n ulusal b\u00fct\u00fcnl\u00fc\u011fe zarar verece\u011fini belirtti.<\/p>\n<p style=\"text-align: justify;\">A\u00e7\u0131klamas\u0131nda &#8220;ABD&#8217;nin d\u00fcnyay\u0131 diledi\u011fi bi\u00e7imde kontrol alt\u0131na alma d\u00fc\u015f\u00fcnceleri geli\u015ftiren Samuel P. Huntington ve benzeri siyaset bilimcileri, ulus devletleri zay\u0131flatmay\u0131 ba\u015flang\u0131\u00e7 noktas\u0131 olarak g\u00f6r\u00fcrler. Bu \u00e7er\u00e7evede kulland\u0131klar\u0131 en \u00f6nemli ara\u00e7, o ulus devlet i\u00e7erisindeki siyaset \u00f6nderlerinin etnik ve inan\u00e7 yap\u0131lar\u0131n\u0131 \u00f6ne \u00e7\u0131kararak, mutlak bir ayr\u0131mc\u0131l\u0131\u011f\u0131 te\u015fvik etmektir&#8221; ifadesini kullanan Matkap, \u015funlar\u0131 kaydetti:<\/p>\n<p style=\"text-align: justify;\">&#8220;Ayn\u0131 anlay\u0131\u015f\u0131n \u00fcr\u00fcn\u00fc olarak \u00fclkemizde de son on y\u0131ld\u0131r zorlanarak da olsa uygulanmakta olan ayr\u0131\u015ft\u0131rma politikalar\u0131, meyvelerini vermi\u015f g\u00f6r\u00fcnmektedir. Ulusal b\u00fct\u00fcnl\u00fc\u011f\u00fcm\u00fcz\u00fc sarsacak bu tuzaklara d\u00fc\u015f\u00fclmemelidir. Bu konuda siyaset bilimcilerimize, siyaset uzmanlar\u0131m\u0131za, k\u00f6\u015fe yazarlar\u0131m\u0131za ve ayd\u0131nlar\u0131m\u0131za b\u00fcy\u00fck g\u00f6revler d\u00fc\u015fmektedir. AKP zihniyetinin al\u0131\u015fkanl\u0131k haline getirdi\u011fi siyaset \u00f6nderleriyle siyaset\u00e7ilerin etnik ve inan\u00e7 yap\u0131lar\u0131n\u0131 tart\u0131\u015farak veya tart\u0131\u015ft\u0131rarak ulusal b\u00fct\u00fcnl\u00fc\u011f\u00fcm\u00fcze zarar veren oyununu bozacak, CHP olarak ulusal b\u00fct\u00fcnl\u00fc\u011f\u00fcm\u00fcz\u00fcn g\u00fcvencesi olma g\u00f6rev ve sorumlulu\u011fumuzu kararl\u0131l\u0131kla sonuna kadar s\u00fcrd\u00fcrece\u011fiz.&#8221;<\/p>\n<p style=\"text-align: justify;\"><a href=\"http:\/\/www.cnnturk.com\/2011\/turkiye\/11\/27\/chpden.erdogana.yazili.yanit\/638304.0\/index.html\" target=\"_blank\">Kaynak : CNN T\u00dcRK<\/a><\/p>\n","protected":false},"excerpt":{"rendered":"<p id=\"caption-attachment-43498\" class=\"wp-caption-text\">CHP Genel Ba\u015fkan Yard\u0131mc\u0131s\u0131 Nihat Matkap<\/p>\n<p style=\"text-align: justify;\">Ba\u015fbakan Erdo\u011fan&#8217;\u0131n konu\u015fmalar\u0131nda CHP lideri K\u0131l\u0131\u00e7daro\u011flu&#8217;nun Alevili\u011fine d\u00f6n\u00fck imalar\u0131na CHP&#8217;den a\u00e7\u0131klama geldi. Genel Ba\u015fkan Yard\u0131mc\u0131s\u0131 Nihat Matkap taraf\u0131ndan yap\u0131lan yaz\u0131l\u0131 a\u00e7\u0131klamada, &#8220;inan\u00e7 yap\u0131lar\u0131n\u0131 \u00f6ne \u00e7\u0131karman\u0131n mutlak bir ayr\u0131mc\u0131l\u0131\u011f\u0131 te\u015fvik etti\u011fi&#8221; belirtildi.<\/p>\n<p style=\"text-align: justify;\">CHP Genel Ba\u015fkan Yard\u0131mc\u0131s\u0131 Nihat Matkap, partisinin ulusal b\u00fct\u00fcnl\u00fc\u011f\u00fcn g\u00fcvencesi olma g\u00f6rev <\/p>\n","protected":false},"author":1,"featured_media":0,"comment_status":"open","ping_status":"open","sticky":false,"template":"","format":"standard","meta":{"footnotes":""},"categories":[105],"tags":[],"class_list":["post-43497","post","type-post","status-publish","format-standard","hentry","category-gundem","odd"],"_links":{"self":[{"href":"http:\/\/www.korhanyilmaz.com\/index.php?rest_route=\/wp\/v2\/posts\/43497","targetHints":{"allow":["GET"]}}],"collection":[{"href":"http:\/\/www.korhanyilmaz.com\/index.php?rest_route=\/wp\/v2\/posts"}],"about":[{"href":"http:\/\/www.korhanyilmaz.com\/index.php?rest_route=\/wp\/v2\/types\/post"}],"author":[{"embeddable":true,"href":"http:\/\/www.korhanyilmaz.com\/index.php?rest_route=\/wp\/v2\/users\/1"}],"replies":[{"embeddable":true,"href":"http:\/\/www.korhanyilmaz.com\/index.php?rest_route=%2Fwp%2Fv2%2Fcomments&post=43497"}],"version-history":[{"count":0,"href":"http:\/\/www.korhanyilmaz.com\/index.php?rest_route=\/wp\/v2\/posts\/43497\/revisions"}],"wp:attachment":[{"href":"http:\/\/www.korhanyilmaz.com\/index.php?rest_route=%2Fwp%2Fv2%2Fmedia&parent=43497"}],"wp:term":[{"taxonomy":"category","embeddable":true,"href":"http:\/\/www.korhanyilmaz.com\/index.php?rest_route=%2Fwp%2Fv2%2Fcategories&post=43497"},{"taxonomy":"post_tag","embeddable":true,"href":"http:\/\/www.korhanyilmaz.com\/index.php?rest_route=%2Fwp%2Fv2%2Ftags&post=43497"}],"curies":[{"name":"wp","href":"https:\/\/api.w.org\/{rel}","templated":true}]}}