{"id":43493,"date":"2011-11-27T08:03:44","date_gmt":"2011-11-27T06:03:44","guid":{"rendered":"http:\/\/www.korhanyilmaz.com\/?p=43493"},"modified":"2011-11-27T15:16:44","modified_gmt":"2011-11-27T13:16:44","slug":"izmirde-nooluyor","status":"publish","type":"post","link":"http:\/\/www.korhanyilmaz.com\/?p=43493","title":{"rendered":"\u0130zmir\u2019de nooluyor?"},"content":{"rendered":"<div id=\"attachment_37365\" style=\"width: 115px\" class=\"wp-caption alignright\"><img loading=\"lazy\" decoding=\"async\" aria-describedby=\"caption-attachment-37365\" class=\" wp-image-37365 \" title=\"Y\u0131lmaz \u00d6zdil - H\u00fcrriyet Gazetesi\" src=\"http:\/\/www.korhanyilmaz.com\/wp-content\/uploads\/2011\/07\/257.jpg\" alt=\"\" width=\"105\" height=\"112\" \/><p id=\"caption-attachment-37365\" class=\"wp-caption-text\">Y\u0131lmaz \u00d6zdil<\/p><\/div>\n<p style=\"text-align: justify;\">Dersim\u2019i yazd\u0131k.<\/p>\n<p style=\"text-align: justify;\">\u0130zmir\u2019i \u0131skalamayal\u0131m.<\/p>\n<p style=\"text-align: justify;\">Ge\u00e7en may\u0131s&#8230;<\/p>\n<p style=\"text-align: justify;\">\u0130zmir\u2019den mebus aday\u0131 olan Ula\u015ft\u0131rma Bakan\u0131 Binali Y\u0131ld\u0131r\u0131m \u201c2 May\u0131s\u2019ta \u0130zmir projelerimi a\u00e7\u0131klayaca\u011f\u0131m\u201d dedi. \u015e\u0131rak&#8230; 2 May\u0131s\u2019ta \u0130zmir B\u00fcy\u00fck\u015fehir Belediyesi bas\u0131ld\u0131. B\u00fcy\u00fck\u015fehir Belediye Ba\u015fkan\u0131 Aziz Kocao\u011flu, tam o g\u00fcn, Expo 2020 adayl\u0131k ba\u015fvurusu i\u00e7in Paris\u2019e gidecekti. \u0130\u00e7eri t\u0131k\u0131lan arkada\u015flar\u0131na sahip \u00e7\u0131kabilmek i\u00e7in, gidemedi. Binali Y\u0131ld\u0131r\u0131m, bask\u0131ndan rahats\u0131z oldu\u011funu belirtip, \u201czamanlamas\u0131 manidar\u201d dedi.\u00a0<!--more--><\/p>\n<p style=\"text-align: justify;\">Ge\u00e7en pazartesi&#8230;<\/p>\n<p style=\"text-align: justify;\">\u0130zmir Emniyet M\u00fcd\u00fcr\u00fc g\u00f6revden al\u0131nd\u0131, yeni Emniyet M\u00fcd\u00fcr\u00fc koltu\u011fa oturdu. \u0130zmir B\u00fcy\u00fck\u015fehir Belediye Ba\u015fkan\u0131 Aziz Kocao\u011flu, Expo 2020 sunumu i\u00e7in Paris\u2019e u\u00e7tu.<\/p>\n<p style=\"text-align: justify;\">24 saat sonra&#8230;<\/p>\n<p style=\"text-align: justify;\">Koltu\u011fa d\u00fcn oturan Emniyet M\u00fcd\u00fcr\u00fc, bismillah, B\u00fcy\u00fck\u015fehir Belediyesi\u2019ni bast\u0131. Aziz Kocao\u011flu sunumunu yapamadan, apar topar \u0130zmir\u2019e geri d\u00f6nd\u00fc. Sunumu kim yapt\u0131? Bask\u0131ndan rahats\u0131z oldu\u011funu belirtip \u201cm\u00fcnasebetsiz zamanlama\u201d diyen Binali Y\u0131ld\u0131r\u0131m.<\/p>\n<p style=\"text-align: justify;\">(2011 se\u00e7imi yap\u0131ld\u0131, AKP \u0130zmir\u2019de oy patlamas\u0131 yapt\u0131, CHP \u00e7\u00f6kt\u00fc balonu u\u00e7uruldu. CHP y\u00fczde 44 oy al\u0131p, 13 mebus \u00e7\u0131kard\u0131. AKP y\u00fczde 37 oy al\u0131p, 11 mebus \u00e7\u0131kard\u0131. Halbuki&#8230; 2007 se\u00e7iminde, CHP y\u00fczde 35 oy alm\u0131\u015f, 11 mebus \u00e7\u0131karm\u0131\u015ft\u0131. AKP ise, y\u00fczde 30 oy al\u0131p, 9 mebus \u00e7\u0131karm\u0131\u015ft\u0131. AKP\u2019nin 2 mebus fazlas\u0131 yaz\u0131l\u0131rken, CHP\u2019nin 2 mebus fazla \u00e7\u0131kard\u0131\u011f\u0131ndan bahsedilmedi! \u00dcstelik, AKP oyunu 7 puan artt\u0131r\u0131rken, CHP\u2019nin 9 puan att\u0131rd\u0131\u011f\u0131 yaz\u0131lmad\u0131!)<\/p>\n<p style=\"text-align: justify;\">(\u0130zmir\u2019de dev\u015firilen gazteciler u\u00e7urdu bu balonu. \u0130zmir halk\u0131na resmen yalan s\u00f6ylediler.)<\/p>\n<p style=\"text-align: justify;\">(Daha \u00f6nemlisi&#8230; CHP\u2019nin \u0130zmir\u2019deki oyu y\u00fczde 37\u2019yken, Aziz Kocao\u011flu y\u00fczde 55\u2019le se\u00e7ildi. CHP\u2019nin \u0130zmir\u2019deki oyu y\u00fczde 44\u2019e \u00e7\u0131kt\u0131\u011f\u0131na g\u00f6re, Aziz Kocao\u011flu bu se\u00e7imde sizce ka\u00e7 al\u0131r?)<\/p>\n<p style=\"text-align: justify;\">Hedef&#8230;<\/p>\n<p style=\"text-align: justify;\">Aziz Kocao\u011flu\u2019nu yok etmektir. Yeniden aday olursa, a\u00e7\u0131k farkla se\u00e7ilece\u011fi biliniyor.<\/p>\n<p style=\"text-align: justify;\">(Ay\u0131pt\u0131r s\u00f6ylemesi, taa 2007\u2019de, Expo projesi AKP\u2019nin \u0130zmir\u2019i kazanma projesidir diye yazm\u0131\u015ft\u0131m. Expo\u2019nun temas\u0131 sa\u011fl\u0131k&#8230; Niye Sa\u011fl\u0131k Bakan\u0131 gitmiyor? Hadi diyelim, Sa\u011fl\u0131k Bakan\u0131 \u0130zmirli de\u011fil&#8230; Expo turizm demek de\u011fil mi? Niye Turizm Bakan\u0131 gitmiyor? \u0130zmir mebusu de\u011fil mi Turizm Bakan\u0131? Metrob\u00fcs temal\u0131 m\u0131 ki, Ula\u015ft\u0131rma Bakan\u0131 gidiyor?)<\/p>\n<p style=\"text-align: justify;\">\u00d6zetle, bence&#8230;<\/p>\n<p style=\"text-align: justify;\">Binali Y\u0131ld\u0131r\u0131m B\u00fcy\u00fck\u015fehir Belediye Ba\u015fkan aday\u0131 yap\u0131lacak. \u0130zmir\u2019de olan bu.<\/p>\n<p style=\"text-align: justify;\"><a href=\"http:\/\/www.hurriyet.com.tr\/yazarlar\/19335788.asp\" target=\"_blank\">Kaynak : H\u00fcrriyet.com.tr<\/a><\/p>\n","protected":false},"excerpt":{"rendered":"<p id=\"caption-attachment-37365\" class=\"wp-caption-text\">Y\u0131lmaz \u00d6zdil<\/p>\n<p style=\"text-align: justify;\">Dersim\u2019i yazd\u0131k.<\/p>\n<p style=\"text-align: justify;\">\u0130zmir\u2019i \u0131skalamayal\u0131m.<\/p>\n<p style=\"text-align: justify;\">Ge\u00e7en may\u0131s&#8230;<\/p>\n<p style=\"text-align: justify;\">\u0130zmir\u2019den mebus aday\u0131 olan Ula\u015ft\u0131rma Bakan\u0131 Binali Y\u0131ld\u0131r\u0131m \u201c2 May\u0131s\u2019ta \u0130zmir projelerimi a\u00e7\u0131klayaca\u011f\u0131m\u201d dedi. \u015e\u0131rak&#8230; 2 May\u0131s\u2019ta \u0130zmir B\u00fcy\u00fck\u015fehir Belediyesi bas\u0131ld\u0131. B\u00fcy\u00fck\u015fehir Belediye Ba\u015fkan\u0131 Aziz Kocao\u011flu, tam o g\u00fcn, Expo 2020 adayl\u0131k ba\u015fvurusu i\u00e7in Paris\u2019e gidecekti. \u0130\u00e7eri <\/p>\n","protected":false},"author":1,"featured_media":0,"comment_status":"open","ping_status":"open","sticky":false,"template":"","format":"standard","meta":{"footnotes":""},"categories":[16],"tags":[30],"class_list":["post-43493","post","type-post","status-publish","format-standard","hentry","category-kose-yazilari","tag-yilmaz-ozdil","odd"],"_links":{"self":[{"href":"http:\/\/www.korhanyilmaz.com\/index.php?rest_route=\/wp\/v2\/posts\/43493","targetHints":{"allow":["GET"]}}],"collection":[{"href":"http:\/\/www.korhanyilmaz.com\/index.php?rest_route=\/wp\/v2\/posts"}],"about":[{"href":"http:\/\/www.korhanyilmaz.com\/index.php?rest_route=\/wp\/v2\/types\/post"}],"author":[{"embeddable":true,"href":"http:\/\/www.korhanyilmaz.com\/index.php?rest_route=\/wp\/v2\/users\/1"}],"replies":[{"embeddable":true,"href":"http:\/\/www.korhanyilmaz.com\/index.php?rest_route=%2Fwp%2Fv2%2Fcomments&post=43493"}],"version-history":[{"count":0,"href":"http:\/\/www.korhanyilmaz.com\/index.php?rest_route=\/wp\/v2\/posts\/43493\/revisions"}],"wp:attachment":[{"href":"http:\/\/www.korhanyilmaz.com\/index.php?rest_route=%2Fwp%2Fv2%2Fmedia&parent=43493"}],"wp:term":[{"taxonomy":"category","embeddable":true,"href":"http:\/\/www.korhanyilmaz.com\/index.php?rest_route=%2Fwp%2Fv2%2Fcategories&post=43493"},{"taxonomy":"post_tag","embeddable":true,"href":"http:\/\/www.korhanyilmaz.com\/index.php?rest_route=%2Fwp%2Fv2%2Ftags&post=43493"}],"curies":[{"name":"wp","href":"https:\/\/api.w.org\/{rel}","templated":true}]}}