{"id":43484,"date":"2011-11-27T10:27:12","date_gmt":"2011-11-27T08:27:12","guid":{"rendered":"http:\/\/www.korhanyilmaz.com\/?p=43484"},"modified":"2011-11-27T13:26:38","modified_gmt":"2011-11-27T11:26:38","slug":"turkler-osmanli-hayali-kuruyor","status":"publish","type":"post","link":"http:\/\/www.korhanyilmaz.com\/?p=43484","title":{"rendered":"&#8220;T\u00fcrkler Osmanl\u0131 hayali kuruyor&#8221;"},"content":{"rendered":"<p style=\"text-align: justify;\"><a href=\"http:\/\/www.korhanyilmaz.com\/wp-content\/uploads\/2011\/11\/7391.jpg\"  class=\"lightview\"><img loading=\"lazy\" decoding=\"async\" class=\"aligncenter size-full wp-image-43485\" title=\"\" src=\"http:\/\/www.korhanyilmaz.com\/wp-content\/uploads\/2011\/11\/7391.jpg\" alt=\"\" width=\"312\" height=\"215\" \/><\/a><\/p>\n<p style=\"text-align: justify;\">Suriye lideri Be\u015far Esad, \u015eam\u2019a kar\u015f\u0131 bask\u0131y\u0131 art\u0131ran Ankara\u2019ya &#8220;T\u00fcrkiye\u2019de Osmanl\u0131\u2019y\u0131 yeniden canland\u0131rmak isteyenler var ama bu imkans\u0131z&#8221; dedi.<\/p>\n<p style=\"text-align: justify;\">Suriye Devlet Ba\u015fkan\u0131 Be\u015far Esad, &#8220;T\u00fcrkiye\u2019de baz\u0131lar\u0131n\u0131n Osmanl\u0131 \u0130mparatorlu\u011fu\u2019na d\u00f6nmenin hayalini kurdu\u011funu&#8221; s\u00f6yledi. Arap\u00e7a yay\u0131n yapan Arab Press\u2019e konu\u015fan Esad, &#8220;T\u00fcrkiye\u2019de baz\u0131lar\u0131 hala Osmanl\u0131 \u0130mparatorlu\u011fu\u2019nu yeniden kurma r\u00fcyas\u0131nda&#8230; T\u00fcrk liderler bu r\u00fcyan\u0131n imkans\u0131z oldu\u011funu biliyorlar ve bu y\u00fczdan dini ajandas\u0131 olan partileri s\u00f6m\u00fcrerek Arap d\u00fcnyas\u0131ndaki etkilerini art\u0131rmak istiyorlar&#8221; dedi.\u00a0<!--more--><\/p>\n<p style=\"text-align: justify;\">Suriye Devlet Ba\u015fkan\u0131 kendisini destekleyenlere herhangi bir T\u00fcrk sembol\u00fcne zarar vermemeleri \u00e7a\u011fr\u0131s\u0131nda bulunarak, &#8220;Sizden T\u00fcrk bayraklar\u0131n\u0131 yakmaman\u0131z\u0131 istiyorum. T\u00fcrk halk\u0131 gururlu bir millettir&#8221; diye konu\u015ftu.<\/p>\n<p style=\"text-align: justify;\">A\u00e7\u0131klamalar\u0131nda di\u011fer Arap \u00fclkelerine de mesaj g\u00f6nderen Esad, \u201cSuriye komplolara daha fazla tahamm\u00fcl etmeyecek\u201d vurgusunda bulundu.<\/p>\n<p style=\"text-align: justify;\"><strong>Koridor Hatay\u2019dan a\u00e7\u0131labilir\u00a0<\/strong><\/p>\n<p style=\"text-align: justify;\">Di\u011fer yandan \u0130ngiliz haber ajans\u0131 Reuters, Fransa\u2019n\u0131n Suriye\u2019de sivillere insani yard\u0131m g\u00f6t\u00fcrmek amac\u0131yla \u00f6nerdi\u011fi insan\u0131 koridor i\u00e7in en uygun ba\u015flang\u0131\u00e7 noktas\u0131n\u0131n Hatay s\u0131n\u0131r\u0131 oldu\u011funu yazd\u0131. Hafta i\u00e7inde Fransa D\u0131\u015fi\u015fleri Bakan\u0131 Alain Juppe, Suriye\u2019ye sivilleri korumak amac\u0131yla insani koridor a\u00e7\u0131lmas\u0131 \u00f6nerisinde bulunmu\u015ftu. Reuters, \u00fczerinde \u00e7al\u0131\u015f\u0131lmaya devam edilen plan\u0131n ana akt\u00f6rlerinden birinin de T\u00fck h\u00fck\u00fcmeti olaca\u011f\u0131n\u0131 vurgulayarak \u201cT\u00fcrkler bir\u00e7ok senaryo bulundu\u011funu s\u00f6yl\u00fcyorlar\u201d diye yazd\u0131.<\/p>\n<p style=\"text-align: justify;\"><strong>&#8220;Olas\u0131l\u0131klar\u0131 inceliyoruz&#8221;\u00a0<\/strong><\/p>\n<p style=\"text-align: justify;\">Ad\u0131 a\u00e7\u0131klanmayan bir T\u00fcrk yetkili, ajansa yapt\u0131\u011f\u0131 a\u00e7\u0131klamada, \u201cFrans\u0131zlarla, e\u011fer durum kontrolden \u00e7\u0131karsa, daha k\u00f6t\u00fcle\u015firse ne yap\u0131l\u0131r diye bir\u00e7ok ihtimal \u00fczerinde konu\u015ftuk. Elbette baz\u0131 planlar\u0131m\u0131z var fakat hen\u00fcz o noktaya gelinmedi. Ne yap\u0131laca\u011f\u0131 Suriye\u2019de \u015fiddetin kontrolden \u00e7\u0131kmas\u0131na, bir darbe olmas\u0131na ya da kontrolden \u00e7\u0131kan bir i\u00e7 sava\u015fa d\u00f6n\u00fc\u015fmesine ba\u011fl\u0131. Senaryoyu de\u011fi\u015ftirecek bir\u00e7ok olas\u0131l\u0131k var\u201d dedi.<\/p>\n<p style=\"text-align: justify;\">Reuters Hatay s\u0131n\u0131r\u0131n\u0131n Suriye\u2019de Sunni ve K\u00fcrt n\u00fcfusun yo\u011funlukta ya\u015fad\u0131\u011f\u0131 Halep kentine a\u00e7\u0131ld\u0131\u011f\u0131n\u0131 ve buradan da insani durumun en k\u00f6t\u00fc oldu\u011fu Hama, Rastan ve Humus gibi \u015fehirlere ula\u015f\u0131m\u0131n kolay olaca\u011f\u0131n\u0131 vurgulad\u0131.<\/p>\n<p style=\"text-align: justify;\"><strong>1 T\u00fcrk\u2019e &#8220;ajan&#8221; g\u00f6zalt\u0131s\u0131\u00a0<\/strong><\/p>\n<p style=\"text-align: justify;\">Bu arada hacda kasap olarak g\u00f6rev yapan Cengiz K\u0131d\u0131k, d\u00f6n\u00fc\u015f yolculu\u011fu s\u0131ras\u0131nda Suriye\u2019de foto\u011fraflar \u00e7ekince ajan su\u00e7lamas\u0131yla g\u00f6zalt\u0131na al\u0131nd\u0131. Mukaddes K\u0131d\u0131k, 7 g\u00fcnd\u00fcr g\u00f6zalt\u0131nda tutulan e\u015fiyle d\u00fcn g\u00f6r\u00fc\u015ft\u00fc\u011f\u00fcn\u00fc, e\u015finin d\u00fcn serbest kald\u0131\u011f\u0131n\u0131 T\u00fcrkiye\u2019ye d\u00f6nece\u011fini s\u00f6yledi.<\/p>\n<p style=\"text-align: justify;\"><a href=\"http:\/\/www.cnnturk.com\/2011\/dunya\/11\/27\/turkler.osmanli.hayali.kuruyor\/638289.0\/index.html\" target=\"_blank\">Kaynak : CNN T\u00dcRK<\/a><\/p>\n","protected":false},"excerpt":{"rendered":"<p style=\"text-align: justify;\">\n<p style=\"text-align: justify;\">Suriye lideri Be\u015far Esad, \u015eam\u2019a kar\u015f\u0131 bask\u0131y\u0131 art\u0131ran Ankara\u2019ya &#8220;T\u00fcrkiye\u2019de Osmanl\u0131\u2019y\u0131 yeniden canland\u0131rmak isteyenler var ama bu imkans\u0131z&#8221; dedi.<\/p>\n<p style=\"text-align: justify;\">Suriye Devlet Ba\u015fkan\u0131 Be\u015far Esad, &#8220;T\u00fcrkiye\u2019de baz\u0131lar\u0131n\u0131n Osmanl\u0131 \u0130mparatorlu\u011fu\u2019na d\u00f6nmenin hayalini kurdu\u011funu&#8221; s\u00f6yledi. Arap\u00e7a yay\u0131n yapan Arab Press\u2019e konu\u015fan Esad, &#8220;T\u00fcrkiye\u2019de baz\u0131lar\u0131 hala Osmanl\u0131 \u0130mparatorlu\u011fu\u2019nu yeniden kurma r\u00fcyas\u0131nda&#8230; T\u00fcrk <\/p>\n","protected":false},"author":1,"featured_media":0,"comment_status":"open","ping_status":"open","sticky":false,"template":"","format":"standard","meta":{"footnotes":""},"categories":[105],"tags":[],"class_list":["post-43484","post","type-post","status-publish","format-standard","hentry","category-gundem","odd"],"_links":{"self":[{"href":"http:\/\/www.korhanyilmaz.com\/index.php?rest_route=\/wp\/v2\/posts\/43484","targetHints":{"allow":["GET"]}}],"collection":[{"href":"http:\/\/www.korhanyilmaz.com\/index.php?rest_route=\/wp\/v2\/posts"}],"about":[{"href":"http:\/\/www.korhanyilmaz.com\/index.php?rest_route=\/wp\/v2\/types\/post"}],"author":[{"embeddable":true,"href":"http:\/\/www.korhanyilmaz.com\/index.php?rest_route=\/wp\/v2\/users\/1"}],"replies":[{"embeddable":true,"href":"http:\/\/www.korhanyilmaz.com\/index.php?rest_route=%2Fwp%2Fv2%2Fcomments&post=43484"}],"version-history":[{"count":0,"href":"http:\/\/www.korhanyilmaz.com\/index.php?rest_route=\/wp\/v2\/posts\/43484\/revisions"}],"wp:attachment":[{"href":"http:\/\/www.korhanyilmaz.com\/index.php?rest_route=%2Fwp%2Fv2%2Fmedia&parent=43484"}],"wp:term":[{"taxonomy":"category","embeddable":true,"href":"http:\/\/www.korhanyilmaz.com\/index.php?rest_route=%2Fwp%2Fv2%2Fcategories&post=43484"},{"taxonomy":"post_tag","embeddable":true,"href":"http:\/\/www.korhanyilmaz.com\/index.php?rest_route=%2Fwp%2Fv2%2Ftags&post=43484"}],"curies":[{"name":"wp","href":"https:\/\/api.w.org\/{rel}","templated":true}]}}