{"id":43475,"date":"2011-11-26T16:24:57","date_gmt":"2011-11-26T14:24:57","guid":{"rendered":"http:\/\/www.korhanyilmaz.com\/?p=43475"},"modified":"2011-11-27T08:30:48","modified_gmt":"2011-11-27T06:30:48","slug":"talabani-batinin-ya-da-turkiyenin-suriyeye-askeri-mudahalesine-karsiyiz","status":"publish","type":"post","link":"http:\/\/www.korhanyilmaz.com\/?p=43475","title":{"rendered":"Talabani: -&#8220;Bat\u0131n\u0131n ya da T\u00fcrkiye\u2019nin Suriye\u2019ye askeri m\u00fcdahalesine kar\u015f\u0131y\u0131z&#8221;"},"content":{"rendered":"<p style=\"text-align: justify;\">\n<p style=\"text-align: justify;\">\n<p style=\"text-align: center;\"><a href=\"http:\/\/www.korhanyilmaz.com\/wp-content\/uploads\/2011\/11\/73901.jpg\"  class=\"lightview\"><img loading=\"lazy\" decoding=\"async\" class=\"aligncenter  wp-image-43478\" src=\"http:\/\/www.korhanyilmaz.com\/wp-content\/uploads\/2011\/11\/73901.jpg\" alt=\"\" width=\"318\" height=\"242\" \/><\/a><\/p>\n<p style=\"text-align: justify;\">&#8211; Irak Cumhurba\u015fkan\u0131 Celal Talabani, bat\u0131n\u0131n ya da T\u00fcrkiye\u2019nin Suriye\u2019ye askeri m\u00fcdahalesine kar\u015f\u0131 olduklar\u0131n\u0131 s\u00f6yledi.<\/p>\n<p style=\"text-align: justify;\">Talabani, Irak\u2019\u0131n yar\u0131 resmi kanal\u0131 olan El Irakiye televizyonuna yapt\u0131\u011f\u0131 a\u00e7\u0131klamada, bat\u0131n\u0131n ya da T\u00fcrkiye\u2019nin Suriye\u2019ye askeri m\u00fcdahalede bulunmas\u0131na kar\u015f\u0131 olduklar\u0131n\u0131 ve Suriye taraf\u0131yla yapt\u0131klar\u0131 yaz\u0131\u015fmalarda, Ba\u015fbakan Nuri El Maliki, D\u0131\u015fi\u015fleri Bakan\u0131 Ho\u015fyar Zebari ve H\u00fck\u00fcmet s\u00f6zc\u00fcs\u00fc Ali Debba\u011f taraf\u0131ndan daha \u00f6nce yap\u0131lan a\u00e7\u0131klamalarda da bunun dile getirildi\u011fini kaydetti.\u00a0<!--more--><\/p>\n<p style=\"text-align: justify;\">Talabani, &#8220;Suriye halk\u0131n\u0131n hakl\u0131 demokratik taleplerinin yan\u0131nda olduklar\u0131n\u0131, Suriye\u2019deki sorunlar\u0131n bat\u0131l\u0131 askeri m\u00fcdahale yerine Arap giri\u015fiminin daha hay\u0131rl\u0131 olabilece\u011fine inand\u0131klar\u0131n\u0131&#8221; ifade etti.<\/p>\n<p style=\"text-align: justify;\">Suriye\u2019deki mevcut durum yerine &#8220;a\u015f\u0131r\u0131c\u0131&#8221; taraflar\u0131n gelmesinden korktuklar\u0131n\u0131 dile getiren Talabani, demokrasiye, demokratik Irak\u2019a ve Arap Bahar\u0131n\u0131n as\u0131l amac\u0131na d\u00fc\u015fman olacak &#8220;a\u015f\u0131r\u0131c\u0131l\u0131ktan&#8221; a\u00e7\u0131k bir \u015fekilde korktuklar\u0131n\u0131 kaydetti.<\/p>\n<p style=\"text-align: justify;\"><strong>-Ter\u00f6r \u00f6rg\u00fct\u00fcn\u00fcn silah b\u0131rakmas\u0131-\u00a0<\/strong><\/p>\n<p style=\"text-align: justify;\">Talabani, ter\u00f6r \u00f6rg\u00fct\u00fc PKK\u2019n\u0131n silah b\u0131rakmas\u0131yla ilgili bir soru \u00fczerine de, &#8220;d\u00f6nemin silahl\u0131 m\u00fccadele d\u00f6nemi olmad\u0131\u011f\u0131n\u0131, PKK\u2019n\u0131n mutlaka silah b\u0131rakmas\u0131 gerekti\u011fini&#8221; s\u00f6yledi.<\/p>\n<p style=\"text-align: justify;\">&#8220;Bu konuda PKK\u2019y\u0131 ikna etmeye \u00e7al\u0131\u015ft\u0131\u011f\u0131n\u0131 ve PKK\u2019n\u0131n silah\u0131 b\u0131rakma konusunda 2 \u015fart \u00f6ne s\u00fcrd\u00fc\u011f\u00fcn\u00fc&#8221; dile getiren Talabani, \u015f\u00f6yle konu\u015ftu: &#8220;PKK, silah b\u0131rakma konusundaki giri\u015fimimden memnun oldu\u011funu ve Ba\u015fbakan Recep Tayip Erdo\u011fan\u2019\u0131n silah b\u0131rakmas\u0131 konusundaki \u00e7a\u011fr\u0131s\u0131n\u0131 yerine getirme konusunda bir endi\u015felerinin bulundu\u011funu dile getirdi. Bana aynen \u015fu s\u00f6ylendi, \u2019Silah\u0131 b\u0131rak\u0131p da\u011fdan \u015fehre inmemiz isteniyor. Gidece\u011fimiz yer neresi? Ev mi, yoksa hapis mi? Birinci \u015fart\u0131m\u0131z genel af ilan edilsin. Haz\u0131rlanacak yeni anayasada \u2019T\u00fcrkiye\u2019nin hepsi T\u00fcrk de\u011fildir. T\u00fcrkiye bir\u00e7ok \u0131rktan olu\u015fur\u2019 ifadesine yer verilsin\u2019.<\/p>\n<p style=\"text-align: justify;\">PKK\u2019y\u0131 ikna etme konusunda ba\u015far\u0131l\u0131 olduk say\u0131l\u0131r. T\u00fcrk taraf\u0131n\u0131 ikna etme konusunda yar\u0131m ba\u015far\u0131l\u0131 olmu\u015f say\u0131l\u0131r\u0131z. Bu konuda karde\u015fim Mesut Barzani ve Berham Salih T\u00fcrk taraf\u0131yla iyi \u00e7al\u0131\u015fma y\u00fcr\u00fct\u00fcyor.&#8221; -ABD g\u00fc\u00e7lerinin Irak\u2019tan \u00e7ekilmesi- ABD g\u00fc\u00e7lerinin Irak\u2019tan \u00e7ekilmesine de de\u011finen Talabani, Amerikan askerlerinin \u00fclkeden \u00e7ekilmesinden sonra polis ve ordunun i\u00e7 g\u00fcvenli\u011fi sa\u011flayabilece\u011fini, ancak hava, deniz savunmas\u0131nda ve yeni silahlar\u0131n kullan\u0131lmas\u0131nda b\u00fcy\u00fck sorun oldu\u011funu belirtti.<\/p>\n<p style=\"text-align: justify;\"><strong>Talabani, konu\u015fmas\u0131n\u0131 \u015f\u00f6yle s\u00fcrd\u00fcrd\u00fc:\u00a0<\/strong><\/p>\n<p style=\"text-align: justify;\">&#8220;Cumhurba\u015fkan\u0131 olarak hava, deniz ve piyade subaylar\u0131n\u0131n sunduklar\u0131 raporlar\u0131 inceledim. Bu raporlara g\u00f6re Amerikan g\u00fc\u00e7lerinin varl\u0131\u011f\u0131na ya da en az\u0131ndan Amerikan g\u00fc\u00e7lerinin e\u011fitmen olarak kalmas\u0131na ihtiya\u00e7 duyuldu\u011funu g\u00f6rd\u00fcm.<\/p>\n<p style=\"text-align: justify;\">Subaylar, hava sahas\u0131n\u0131, karasular\u0131m\u0131z\u0131 korumaya muktedir olmad\u0131klar\u0131n\u0131, hatta yeni sat\u0131n al\u0131nan silahlar\u0131 ve Amerikal\u0131lardan al\u0131nan silahlar\u0131 kullanamad\u0131klar\u0131n\u0131 s\u00f6yledi. Bu raporlar\u0131 siyasi parti ve olu\u015fumlar\u0131n ba\u015fkanlar\u0131na g\u00f6sterdik. Irak ordusundaki t\u00fcm subaylar \u00fclkede Amerikan g\u00fc\u00e7lerinin, ister e\u011fitmen ister ter\u00f6re kar\u015f\u0131 verilen m\u00fccadelede veya \u00fclke savunmas\u0131nda Irak g\u00fc\u00e7lerine destek veren g\u00fc\u00e7 olarak kalmas\u0131n\u0131 istiyor. Siyasi parti ve olu\u015fumlar\u0131n ba\u015fkanlar\u0131 Amerikan g\u00fc\u00e7lerinin \u00fclkede dokunulmazl\u0131ktan yoksun kalmas\u0131 konusunda karar verdi. K\u00fcrt taraf\u0131 Amerikan g\u00fc\u00e7lerinin \u00fclkede kalmas\u0131ndan yana oy kullanm\u0131\u015ft\u0131.&#8221;<\/p>\n<p style=\"text-align: justify;\"><a href=\"http:\/\/dunya.milliyet.com.tr\/talabani-batinin-ya-da-turkiye-nin-suriye-ye-askeri-mudahalesine-karsiyiz-\/dunya\/dunyadetay\/26.11.2011\/1467803\/default.htm\" target=\"_blank\">Kaynak : Milliyet.com.tr<\/a><\/p>\n","protected":false},"excerpt":{"rendered":"<p style=\"text-align: justify;\">\n<p style=\"text-align: justify;\">\n<p style=\"text-align: center;\">\n<p style=\"text-align: justify;\">&#8211; Irak Cumhurba\u015fkan\u0131 Celal Talabani, bat\u0131n\u0131n ya da T\u00fcrkiye\u2019nin Suriye\u2019ye askeri m\u00fcdahalesine kar\u015f\u0131 olduklar\u0131n\u0131 s\u00f6yledi.<\/p>\n<p style=\"text-align: justify;\">Talabani, Irak\u2019\u0131n yar\u0131 resmi kanal\u0131 olan El Irakiye televizyonuna yapt\u0131\u011f\u0131 a\u00e7\u0131klamada, bat\u0131n\u0131n ya da T\u00fcrkiye\u2019nin Suriye\u2019ye askeri m\u00fcdahalede bulunmas\u0131na kar\u015f\u0131 olduklar\u0131n\u0131 ve Suriye taraf\u0131yla yapt\u0131klar\u0131 yaz\u0131\u015fmalarda, Ba\u015fbakan <\/p>\n","protected":false},"author":1,"featured_media":0,"comment_status":"open","ping_status":"open","sticky":false,"template":"","format":"standard","meta":{"footnotes":""},"categories":[105],"tags":[],"class_list":["post-43475","post","type-post","status-publish","format-standard","hentry","category-gundem","odd"],"_links":{"self":[{"href":"http:\/\/www.korhanyilmaz.com\/index.php?rest_route=\/wp\/v2\/posts\/43475","targetHints":{"allow":["GET"]}}],"collection":[{"href":"http:\/\/www.korhanyilmaz.com\/index.php?rest_route=\/wp\/v2\/posts"}],"about":[{"href":"http:\/\/www.korhanyilmaz.com\/index.php?rest_route=\/wp\/v2\/types\/post"}],"author":[{"embeddable":true,"href":"http:\/\/www.korhanyilmaz.com\/index.php?rest_route=\/wp\/v2\/users\/1"}],"replies":[{"embeddable":true,"href":"http:\/\/www.korhanyilmaz.com\/index.php?rest_route=%2Fwp%2Fv2%2Fcomments&post=43475"}],"version-history":[{"count":0,"href":"http:\/\/www.korhanyilmaz.com\/index.php?rest_route=\/wp\/v2\/posts\/43475\/revisions"}],"wp:attachment":[{"href":"http:\/\/www.korhanyilmaz.com\/index.php?rest_route=%2Fwp%2Fv2%2Fmedia&parent=43475"}],"wp:term":[{"taxonomy":"category","embeddable":true,"href":"http:\/\/www.korhanyilmaz.com\/index.php?rest_route=%2Fwp%2Fv2%2Fcategories&post=43475"},{"taxonomy":"post_tag","embeddable":true,"href":"http:\/\/www.korhanyilmaz.com\/index.php?rest_route=%2Fwp%2Fv2%2Ftags&post=43475"}],"curies":[{"name":"wp","href":"https:\/\/api.w.org\/{rel}","templated":true}]}}