{"id":43468,"date":"2011-11-26T21:08:34","date_gmt":"2011-11-26T19:08:34","guid":{"rendered":"http:\/\/www.korhanyilmaz.com\/?p=43468"},"modified":"2011-11-26T23:10:47","modified_gmt":"2011-11-26T21:10:47","slug":"demirtastan-carpici-iddialar","status":"publish","type":"post","link":"http:\/\/www.korhanyilmaz.com\/?p=43468","title":{"rendered":"Demirta\u015f&#8217;tan \u00e7arp\u0131c\u0131 iddialar"},"content":{"rendered":"<p style=\"text-align: center;\"><a href=\"http:\/\/www.korhanyilmaz.com\/wp-content\/uploads\/2011\/11\/7387.jpg\"  class=\"lightview\"><img loading=\"lazy\" decoding=\"async\" class=\"aligncenter  wp-image-43469\" src=\"http:\/\/www.korhanyilmaz.com\/wp-content\/uploads\/2011\/11\/7387.jpg\" alt=\"\" width=\"364\" height=\"204\" \/><\/a><\/p>\n<p style=\"text-align: justify;\">BDP Genel Ba\u015fkan\u0131 Selahattin Demirta\u015f, AK Parti\u2019nin kendilerini Meclis\u2019te istemedi\u011fini \u00f6ne s\u00fcrerken, &#8220;Bizi Anayasa Komisyonu\u2019ndan \u00e7ekilmeye zorluyorlar. Ama\u00e7lar\u0131; sesimizi, solu\u011fumuzu kesmek. AKP asla ve asla Meclis\u2019te kalmam\u0131z\u0131 istemiyor.<!--more--><\/p>\n<p style=\"text-align: justify;\">Meclis\u2019te sesimizin duyurulmas\u0131 onlar\u0131 rahats\u0131z ediyor. Ellerinde halen tutuklama listeleri var. O listede belediye ba\u015fkanlar\u0131, il genel meclis \u00fcyelerinin yan\u0131 s\u0131ra ilk etapta 5 milletvekilimizin isimleri var. Onlar\u0131n istihbarat\u0131 da bize geldi. 6 milletvekilimiz i\u00e7eride, 5\u2019ini daha tutuklamay\u0131 d\u00fc\u015f\u00fcn\u00fcyorlar&#8221; dedi.<\/p>\n<p style=\"text-align: justify;\">BDP Genel Ba\u015fkan\u0131 Selahattin Demirta\u015f, partisinin Hakkari 2\u2019inci Ola\u011fan Kongresi\u2019ndeki yapt\u0131\u011f\u0131 konu\u015fmas\u0131na KCK operasyonunda tutuklanlar\u0131 selamlayarak ba\u015flad\u0131. Ba\u015fbakan Recep Tayyip Erdo\u011fan\u2019\u0131n politikalar\u0131n\u0131 ele\u015ftiren Demirta\u015f, T\u00fcrkiye\u2019de siyaset yapman\u0131n zor, Hakkari\u2019de ya\u015famak, siyaseti y\u00fcr\u00fctmenin de kat kat daha zor oldu\u011funu savundu.<\/p>\n<p style=\"text-align: justify;\">O nedenle Hakkarililer\u2019in kahramanl\u0131klar\u0131n en b\u00fcy\u00fc\u011f\u00fcn\u00fc g\u00f6sterdi\u011fini belirten Demirta\u015f, \u015f\u00f6yle dedi:<\/p>\n<p style=\"text-align: justify;\">&#8220;AKP\u2019nin, Ba\u015fbakan\u2019\u0131n y\u00fcr\u00fctt\u00fc\u011f\u00fc politika t\u00fcm\u00fcyle bizim sadece siyasal irademizi de\u011fil, b\u00fct\u00fcn K\u00fcrt halk\u0131n\u0131 yok etme politikas\u0131d\u0131r. Bunu ak\u0131l hocalar\u0131 da cemaat \u00f6nderleri de a\u00e7\u0131k a\u00e7\u0131k s\u00f6yl\u00fcyorlar. Yani bir halk\u0131n tamam\u0131n\u0131n katliamlardan ge\u00e7ti\u011fi bir s\u00fcre\u00e7ten ge\u00e7iyoruz. Bu y\u00fczden zorlu olacak. Ama ge\u00e7mi\u015f d\u00f6nemin iktidarlar\u0131 da, ge\u00e7mi\u015f d\u00f6nemlerin Ba\u015fbakanlar\u0131 da bug\u00fcnk\u00fc Ba\u015fbakan, bug\u00fcnk\u00fc \u0130\u00e7i\u015fleri Bakan\u0131 kadar sald\u0131rgan davrand\u0131, ama her birine bu halk hak etti\u011fi cevab\u0131 vermekten geri durmad\u0131. Bu y\u00fczden Hakkari\u2019den Ba\u015fbakan\u2019a sesleniyorum; Hakkari senin karizman\u0131, fiyakan\u0131 \u00e7izdi. Senin siyasal gelece\u011fini de \u00e7izecektir. Sen Hakkari\u2019den \u00f6z\u00fcr dilemedi\u011fin, Hakkari ile bar\u0131\u015fmad\u0131\u011f\u0131n m\u00fcddet\u00e7e bu \u00fclkenin t\u00fcm\u00fcn\u00fcn Ba\u015fbakan&#8217;\u0131 olamayacaks\u0131n. Bu da sana ders olacak. Hakkari kar\u015f\u0131nda direnecek ve sana gereken dersi verecek.&#8221;<\/p>\n<p style=\"text-align: justify;\">Ortado\u011fu\u2019da b\u00fcy\u00fck ta\u015flar\u0131n yerinden oynad\u0131\u011f\u0131n\u0131, Libya\u2019dan \u0130ran\u2019a \u00e7alkant\u0131l\u0131 bir siyasal s\u00fcrecin ya\u015fad\u0131\u011f\u0131n\u0131 anlatan Demirta\u015f, 1\u2019inci D\u00fcnya Sava\u015f\u0131\u2019nda da Ortado\u011fu\u2019da ta\u015flar\u0131n yerinden oynad\u0131\u011f\u0131n\u0131 ve b\u00fcy\u00fck uluslararas\u0131 g\u00fc\u00e7lerin Ortado\u011fu\u2019nun kaderini belirlemeye \u00e7al\u0131\u015ft\u0131\u011f\u0131n\u0131 s\u00f6yledi.<\/p>\n<p style=\"text-align: justify;\"><span style=\"text-decoration: underline;\">Demirta\u015f, \u015f\u00f6yle devam etti:<\/span><\/p>\n<p style=\"text-align: justify;\">&#8220;O d\u00f6nemde haritalar \u00e7izildi, K\u00fcrt halk\u0131n\u0131n hak etti\u011fi stat\u00fcler K\u00fcrtler\u2019e verilmedi. O d\u00f6nemde K\u00fcrdistan d\u00f6rde b\u00f6l\u00fcnd\u00fc ve K\u00fcrt halk\u0131 d\u00f6rt ayr\u0131 \u00fclkede hukuksuz haks\u0131z bir uygulamayla ya\u015famaya mahkum edildi. \u015eimdi yeniden Ortado\u011fu dizayn ediliyor ve K\u00fcrt halk\u0131n\u0131n kendi stat\u00fc talebi vard\u0131r. \u0130ran\u2019da Suriye\u2019de, G\u00fcney K\u00fcrdistan\u2019da ,T\u00fcrkiye\u2019de de stat\u00fc talebi var. Bizler ya\u015fad\u0131\u011f\u0131m\u0131z \u00fclkede, ya\u015fad\u0131\u011f\u0131m\u0131z devletlerde siyasal stat\u00fc isteyerek ya\u015famak istiyoruz diyor bu halk. \u015eimdi ise AKP iktidar\u0131 K\u00fcrtler halklar\u0131n\u0131 almas\u0131n diye Suriye\u2019ye, G\u00fcney K\u00fcrdistan\u2019a m\u00fcdahale ediyor. Ve i\u00e7eride de b\u00fct\u00fcn K\u00fcrtler\u2019i tutuklayarak, konu\u015facak, hakk\u0131n\u0131 arayacak herkesi susturmaya \u00e7al\u0131\u015f\u0131yor. \u00d6yle \u015feyler yap\u0131yor ki, Ortado\u011fu\u2019da ta\u015flar yerine oturdu\u011funda K\u00fcrtler \u00f6n\u00fcm\u00fczdeki bir y\u00fczy\u0131l daha stat\u00fcs\u00fcz ya\u015fas\u0131n. B\u00fct\u00fcn amac\u0131 bu. K\u00fcrtler bir kez daha bu tarihi f\u0131rsatlar\u0131 ka\u00e7\u0131rs\u0131n diye b\u00fct\u00fcn g\u00fcc\u00fc bize kar\u015f\u0131 kullan\u0131yor. O nedenle bu tutuklamalar s\u0131radan tutuklamalar de\u011fildir. Arkada\u015flar\u0131m\u0131z\u0131n su\u00e7 i\u015flemedi\u011fini herkes biliyor. Ba\u015fbakan da biliyor, medyada biliyor. CHP ve MHP\u2019de destek vererek K\u00fcrt halk\u0131n\u0131 bu d\u00f6nemde sessiz b\u0131rakmaya, soka\u011fa \u00e7\u0131kamaz hale getirmeye \u00e7al\u0131\u015f\u0131yorlar. Herkesin dikkatli olmas\u0131, bu tutuklamalara kar\u015f\u0131 asla ve asla tek bir milim geri ad\u0131m atmamak laz\u0131m.&#8221;<\/p>\n<p style=\"text-align: justify;\"><strong>&#8220;5 M\u0130LLETVEK\u0130L\u0130M\u0130Z\u0130 DE TUTUKLAYACAKLAR&#8221;\u00a0<\/strong><\/p>\n<p style=\"text-align: justify;\">Demirta\u015f, Ak Parti\u2019nin BDP\u2019yi Meclis\u2019ten atmaya \u00e7al\u0131\u015ft\u0131\u011f\u0131n\u0131, Anayasa Komisyonu\u2019ndan \u00e7ekilmeye zorland\u0131klar\u0131n\u0131 iddia ederken, \u015f\u00f6yle konu\u015ftu:<\/p>\n<p style=\"text-align: justify;\">&#8220;Ama\u00e7lar\u0131; sesimizi, solu\u011fumuzu kesmek. AKP asla ve asla Meclis\u2019te kalmam\u0131z\u0131 istemiyor. Meclis\u2019te sesimizin duyurulmas\u0131 onlar\u0131 rahats\u0131z ediyor. \u00c7\u00fcnk\u00fc ellerinde halen tutuklama listeleri var .O listede Belediye Ba\u015fkanlar\u0131, \u0130l Genel Meclis \u00fcyelerinin yan\u0131 s\u0131ra ilk etapta 5 milletvekilimizin isimleri var. Onlar\u0131n istihbarat\u0131 da bize geldi. 6 milletvekilimiz i\u00e7eride, 5\u2019ini daha tutuklamay\u0131 d\u00fc\u015f\u00fcn\u00fcyorlar. B\u00fct\u00fcn bu tezgahlar\u0131 yapacak, uygulayacak, hayata ge\u00e7irecekler. Kendileri bilir. Biz kendilerinden aman dilemeyece\u011fiz, rica minnet etmeyece\u011fiz. Polisleri emrindedir, mahkemeler elindedir, medya patronlar\u0131 onlar\u0131n emrindedir. \u0130stediklerini yapabilirler. Hepimizi i\u00e7eri atabilir. Ba\u015fbakan\u2019a buradan sesleniyorum; Topumuzu katliamdan, her birimizi tek tek dar a\u011fac\u0131ndan da ge\u00e7irsen, senin kar\u015f\u0131nda aman dileyen, senden ricada bulunan tek bir BDP\u2019li bulamayacaks\u0131n. Bizim direni\u015fimiz \u00e7ok b\u00fcy\u00fck olacak. Hakkari halk\u0131 da, K\u00fcrt halk\u0131 da sava\u015f istemiyor. Biz sava\u015fa kar\u015f\u0131y\u0131z, ama senin k\u00f6len, teslim olacak, boyun e\u011fecek de de\u011filiz. Senin sava\u015f\u0131na kar\u015f\u0131 elimizdeki b\u00fct\u00fcn g\u00fcc\u00fcm\u00fczle, imkanlar\u0131m\u0131zla direni\u015fi ortaya koyuyoruz ve bu direni\u015fimizi de daha da b\u00fcy\u00fctece\u011fiz. Tam b\u00f6yle bir d\u00f6nemde Ba\u015fbakan\u2019\u0131n Dersim katliam\u0131 ile ilgili \u00f6z\u00fcr dilemesi de tesad\u00fcf de\u011fildir. B\u00f6ylesi bir d\u00f6nemde K\u00fcrtler\u2019i kullanmas\u0131, kand\u0131rmas\u0131 gibi her t\u00fcrl\u00fc y\u00f6ntemleri deneyen bir Ba\u015fbakan&#8217;d\u0131r.&#8221;<\/p>\n<p style=\"text-align: justify;\"><strong>&#8221;BA\u015eBAKAN T\u00dcRK\u0130YEDE \u0130K\u0130 \u015eEH\u0130RDEN NEFRET ED\u0130YOR&#8221;\u00a0<\/strong><\/p>\n<p style=\"text-align: justify;\">Demirta\u015f, Ba\u015fbakan Erdo\u011fan\u2019\u0131n T\u00fcrkiye\u2019de iki \u015fehirden nefret etti\u011fini, bunlardan birinin Tunceli, di\u011ferinin Hakkari oldu\u011funu iddia etti. Ak Parti\u2019nin bu iki ilden milletvekili \u00e7\u0131karamad\u0131\u011f\u0131n\u0131 s\u00f6yleyen Demirta\u015f, \u015f\u00f6yle dedi:<\/p>\n<p style=\"text-align: justify;\">&#8220;\u015eimdi b\u00f6yle bir Ba\u015fbakan\u2019\u0131n Dersim\u2019in ac\u0131s\u0131n\u0131, Dersim\u2019in travmas\u0131n\u0131 anlad\u0131\u011f\u0131n\u0131 s\u00f6ylemesi iki y\u00fczl\u00fcl\u00fckt\u00fcr. Kimse kimseyi kand\u0131rmas\u0131n. Ama s\u0131rf Dersim ili CHP\u2019ye oy verdi\u011fi i\u00e7in il ba\u015fkanlar\u0131 toplant\u0131s\u0131nda \u00fcst\u00fcn k\u00f6r\u00fc bir \u00f6z\u00fcr dileyip bunu ge\u00e7mesi bizim a\u00e7\u0131m\u0131zdan kabul edilebilir de\u011fil. Bizim a\u00e7\u0131m\u0131zdan b\u00f6yle bir \u00f6z\u00fcr Dersim katliam\u0131n\u0131n \u00fcst\u00fcn\u00fc \u00f6rter. Dersim katliam\u0131 ni\u00e7in yap\u0131lm\u0131\u015ft\u0131? T\u00fcrkle\u015ftirmek, T\u00fcrk ulusunu g\u00fc\u00e7lendirmek i\u00e7in yap\u0131lm\u0131\u015ft\u0131. Bug\u00fcn AKP\u2019nin K\u00fcrt halk\u0131na y\u00f6nelik anadilde e\u011fitimi kabul edemiyor, K\u00fcrt halk\u0131n\u0131n siyasal iradesini kabul etmiyor olmas\u0131 da T\u00fcrkle\u015ftirme\u2019ye d\u00f6n\u00fck bir politikad\u0131r. Dolay\u0131s\u0131yla AKP\u2019nin bug\u00fcn yapt\u0131\u011f\u0131 Dersim katliam\u0131ndan farkl\u0131 de\u011fildir. Dersimde K\u00fcrtler fiziki olarak ortadan kald\u0131r\u0131lm\u0131\u015ft\u0131, bug\u00fcn ise K\u00fcrtler siyasal ve k\u00fclt\u00fcrel soyk\u0131r\u0131ma tabi tutuluyor. Bir Ba\u015fbakan \u00e7\u0131k\u0131p ne diyor? &#8216;Kimse benden ana dil istemesin, kimse anadilde e\u011fitim talebiyle gelmesin&#8217; diyor. E\u011fer bir halk anadilde e\u011fitim g\u00f6remiyorsa o halk K\u00fclt\u00fcrel olarak ortadan kalk\u0131yor demektir. Ba\u015fbakan samimiyse Dersim katliam\u0131 ile ilgili ara\u015ft\u0131rma komisyonu kurar ve parlamento karar\u0131yla Ba\u015fbakan Meclis k\u00fcrs\u00fcs\u00fcne \u00e7\u0131kar devlet ad\u0131na, parlamento ad\u0131na ge\u00e7mi\u015fte ya\u015fanan Dersim katliam\u0131 ile ilgili Alevi halk\u0131ndan, k\u00fcrt halk\u0131ndan \u00f6z\u00fcr diler.&#8221;<\/p>\n<p style=\"text-align: justify;\">Demirta\u015f, KCK ad\u0131 alt\u0131nda y\u00fcr\u00fct\u00fclen tutuklamalara kar\u015f\u0131 K\u00fcrt halk\u0131na direni\u015f \u00e7a\u011fr\u0131s\u0131nda da bulunurken, &#8220;Sesinizi y\u00fckseltmeniz laz\u0131m. Sokaklara, alanlara bu tutuklamalara kar\u015f\u0131 y\u0131lmad\u0131\u011f\u0131n\u0131z\u0131, teslim olmad\u0131\u011f\u0131n\u0131z\u0131 g\u00f6stermeniz laz\u0131m. Bu y\u00fck\u00fc sadece Y\u00fcksekova ve Hakkari halk\u0131n\u0131n s\u0131rt\u0131nda b\u0131rakmamak laz\u0131m. Buradan t\u00fcm K\u00fcrt halk\u0131n\u0131 direni\u015fe davet ediyorum. Tarih bize b\u00f6yle bir d\u00f6nemde b\u00f6yle bir sorumluluk \u00fcslenmi\u015ftir&#8221; dedi.<\/p>\n<p style=\"text-align: justify;\"><a href=\"http:\/\/www.hurriyet.com.tr\/gundem\/19333452.asp\" target=\"_blank\">Kaynak : H\u00fcrriyet.com.tr<\/a><a href=\"http:\/\/www.hurriyet.com.tr\/gundem\/19333452.asp\" target=\"_blank\">\u00a0<\/a><\/p>\n","protected":false},"excerpt":{"rendered":"<p style=\"text-align: center;\">\n<p style=\"text-align: justify;\">BDP Genel Ba\u015fkan\u0131 Selahattin Demirta\u015f, AK Parti\u2019nin kendilerini Meclis\u2019te istemedi\u011fini \u00f6ne s\u00fcrerken, &#8220;Bizi Anayasa Komisyonu\u2019ndan \u00e7ekilmeye zorluyorlar. Ama\u00e7lar\u0131; sesimizi, solu\u011fumuzu kesmek. AKP asla ve asla Meclis\u2019te kalmam\u0131z\u0131 istemiyor.<\/p>\n","protected":false},"author":1,"featured_media":0,"comment_status":"open","ping_status":"open","sticky":false,"template":"","format":"standard","meta":{"footnotes":""},"categories":[105],"tags":[],"class_list":["post-43468","post","type-post","status-publish","format-standard","hentry","category-gundem","odd"],"_links":{"self":[{"href":"http:\/\/www.korhanyilmaz.com\/index.php?rest_route=\/wp\/v2\/posts\/43468","targetHints":{"allow":["GET"]}}],"collection":[{"href":"http:\/\/www.korhanyilmaz.com\/index.php?rest_route=\/wp\/v2\/posts"}],"about":[{"href":"http:\/\/www.korhanyilmaz.com\/index.php?rest_route=\/wp\/v2\/types\/post"}],"author":[{"embeddable":true,"href":"http:\/\/www.korhanyilmaz.com\/index.php?rest_route=\/wp\/v2\/users\/1"}],"replies":[{"embeddable":true,"href":"http:\/\/www.korhanyilmaz.com\/index.php?rest_route=%2Fwp%2Fv2%2Fcomments&post=43468"}],"version-history":[{"count":0,"href":"http:\/\/www.korhanyilmaz.com\/index.php?rest_route=\/wp\/v2\/posts\/43468\/revisions"}],"wp:attachment":[{"href":"http:\/\/www.korhanyilmaz.com\/index.php?rest_route=%2Fwp%2Fv2%2Fmedia&parent=43468"}],"wp:term":[{"taxonomy":"category","embeddable":true,"href":"http:\/\/www.korhanyilmaz.com\/index.php?rest_route=%2Fwp%2Fv2%2Fcategories&post=43468"},{"taxonomy":"post_tag","embeddable":true,"href":"http:\/\/www.korhanyilmaz.com\/index.php?rest_route=%2Fwp%2Fv2%2Ftags&post=43468"}],"curies":[{"name":"wp","href":"https:\/\/api.w.org\/{rel}","templated":true}]}}