{"id":43465,"date":"2011-11-26T20:28:30","date_gmt":"2011-11-26T18:28:30","guid":{"rendered":"http:\/\/www.korhanyilmaz.com\/?p=43465"},"modified":"2011-11-26T23:07:37","modified_gmt":"2011-11-26T21:07:37","slug":"bakan-bagistan-sert-elestiri","status":"publish","type":"post","link":"http:\/\/www.korhanyilmaz.com\/?p=43465","title":{"rendered":"Bakan Ba\u011f\u0131\u015f&#8217;tan sert ele\u015ftiri"},"content":{"rendered":"<p style=\"text-align: center;\"><a href=\"http:\/\/www.korhanyilmaz.com\/wp-content\/uploads\/2011\/11\/7386.jpg\"  class=\"lightview\"><img loading=\"lazy\" decoding=\"async\" class=\"aligncenter  wp-image-43466\" src=\"http:\/\/www.korhanyilmaz.com\/wp-content\/uploads\/2011\/11\/7386.jpg\" alt=\"\" width=\"364\" height=\"204\" \/><\/a><\/p>\n<p style=\"text-align: justify;\">Avrupa Birli\u011fi (AB) Bakan\u0131 ve Ba\u015fm\u00fczakereci Egemen Ba\u011f\u0131\u015f, Avrupa&#8217;n\u0131n \u015fu anda \u00e7ok ciddi bir ak\u0131l tutulmas\u0131 i\u00e7inde oldu\u011funu s\u00f6yleyerek T\u00fcrkiye&#8217;nin AB s\u00fcrecinde \u00f6n\u00fcn\u00fc t\u0131kamaya \u00e7al\u0131\u015fanlar\u0131 ele\u015ftirdi. Ba\u011f\u0131\u015f, &#8220;Bizim hevesimizi k\u0131rmaya, bize havlu att\u0131rmaya \u00e7al\u0131\u015f\u0131yorlarm\u0131\u015f. \u00c7ok a\u00e7\u0131k net s\u00f6yleyece\u011fim, it \u00fcr\u00fcr kervan y\u00fcr\u00fcr. T\u00fcrkiye \u00e7\u0131kt\u0131\u011f\u0131 yolda kendi kararl\u0131\u011f\u0131yla y\u00fcr\u00fcyecek&#8221; dedi.\u00a0<!--more--><\/p>\n<p style=\"text-align: justify;\">&#8216;Mersin \u0130linin AB&#8217;ye Uyumu \u0130\u00e7in Bilgi Altyap\u0131s\u0131n\u0131n Olu\u015fturulmas\u0131 Projesi, AB-T\u00fcrkiye Konulu Konferans&#8217; Akdeniz \u0130hracat\u00e7\u0131 Birlikleri&#8217;nde yap\u0131ld\u0131. Toplant\u0131ya AB Bakan\u0131 Egemen Ba\u011f\u0131\u015f ile Mersin&#8217;de programlar\u0131 devam eden Ekonomi Bakan\u0131 Zafer \u00c7a\u011flayan ve G\u0131da Tar\u0131m ve Hayvanc\u0131l\u0131k Bakan\u0131 Mehmet Mehdi Eker kat\u0131ld\u0131. Her \u00fc\u00e7 bakan\u0131n da T\u00fcrkiye&#8217;nin AB s\u00fcrecinde \u00f6n\u00fcne getirilen engelleri ele\u015ftirdi\u011fi toplant\u0131da k\u00fcrs\u00fcye ilk \u00e7\u0131kan AB Bakan\u0131 Egemen Ba\u011f\u0131\u015f oldu. &#8216;\u0130llerimiz AB&#8217;ye Haz\u0131rlan\u0131yor&#8217; program\u0131 kapsam\u0131nda yap\u0131lan bilgi projesinin \u00e7ok ba\u015far\u0131l\u0131 oldu\u011funu belirten Ba\u011f\u0131\u015f, bu \u00e7er\u00e7evede a\u00e7t\u0131klar\u0131 yar\u0131\u015fmaya kat\u0131lan 79 projeden 25&#8217;inin kabul edildi\u011fini, bunlardan birinin de Mersin Valili\u011fi&#8217;nin sundu\u011fu proje oldu\u011funu bildirdi. Mersin Liman\u0131&#8217;ndan kalkan gemilerin d\u00fcnyaya T\u00fcrk bayra\u011f\u0131 ile birlikte T\u00fcrkiye&#8217;nin mesaj\u0131n\u0131 da iletmeye ba\u015flad\u0131\u011f\u0131n\u0131 anlatan Ba\u011f\u0131\u015f, &#8220;Bug\u00fcn bizim d\u0131\u015f ticaretimizdeki yo\u011funluk, ihracat\u0131m\u0131zdaki art\u0131\u015f, T\u00fcrkiye&#8217;nin hem do\u011fusundaki hem bat\u0131s\u0131ndaki \u00fclkelere ilham kayna\u011f\u0131 olu\u015fu, Mersin&#8217;e de \u00e7ok farkl\u0131 bir \u00f6zellik kazand\u0131r\u0131yor. Mersin&#8217;i AB s\u00fcrecinde daha aktif g\u00f6rmek istiyoruz&#8221; diye konu\u015ftu.<\/p>\n<p style=\"text-align: justify;\"><strong>&#8216;AVRUPA \u00c7OK C\u0130DD\u0130 B\u0130R AKIL TUTULMASI \u0130\u00c7\u0130NDE&#8217;\u00a0<\/strong><\/p>\n<p style=\"text-align: justify;\">AB&#8217;nin T\u00fcrkiye i\u00e7in bir medeniyet projesi oldu\u011funun alt\u0131n\u0131 \u00e7izen Ba\u011f\u0131\u015f, 1959&#8217;da ba\u015flayan s\u00fcre\u00e7te gelmi\u015f ge\u00e7mi\u015f t\u00fcm iktidarlar\u0131n \u00e7aba sarf etti\u011fi 45 y\u0131ll\u0131k bekleme s\u00fcrecine, Ba\u015fbakan Recep Tayyip Erdo\u011fan&#8217;\u0131n 17 Aral\u0131k Br\u00fcksel Zirvesi&#8217;nde masaya yumru\u011funu vurup m\u00fczakere tarihi alarak son verdi\u011fini s\u00f6yledi. AB \u00fclkelerinin T\u00fcrkiye&#8217;ye yakla\u015f\u0131m\u0131n\u0131 ele\u015ftiren Ba\u011f\u0131\u015f, &#8220;Bug\u00fcn T\u00fcrkiye, 33 fasl\u0131n 13&#8217;\u00fcn\u00fc a\u00e7m\u0131\u015f bulunmakta ama geriye kalan 20 fasl\u0131n 17&#8217;si \u00fczerine siyasi engeller koyan Avrupa&#8217;n\u0131n \u015fu anda ciddi bir ak\u0131l tutulmas\u0131 i\u00e7inde oldu\u011funu g\u00f6r\u00fcyoruz. Bug\u00fcn T\u00fcrkiye AB \u00fcyesi bir\u00e7ok \u00fclkeden \u00e7ok daha umutlu bir \u00fclke. Bug\u00fcn T\u00fcrkiye&#8217;de ki\u015fi ba\u015f\u0131na d\u00fc\u015fen milli gelir, AB \u00fcyesi 8 \u00fclkeden daha y\u00fcksek. T\u00fcrkiye&#8217;nin ekonomik b\u00fcy\u00fcmesi, 2010&#8217;da y\u00fczde 8,9&#8217;la Avrupa ortalamas\u0131n\u0131 6&#8217;ya katlad\u0131. Bu y\u0131l\u0131n ilk yar\u0131s\u0131nda y\u00fczde 10,2 ile Avrupa&#8217;n\u0131n en h\u0131zl\u0131 b\u00fcy\u00fcyen ekonomisi oldu. Bunun arkas\u0131nda \u00fclkemize gelen k\u00fcresel sermayenin \u00e7ok b\u00fcy\u00fck pay\u0131 var. \u00dclkemizdeki yat\u0131r\u0131m\u0131n\u0131n y\u00fczde 85&#8217;inin Avrupa&#8217;dan geldi\u011fini g\u00f6r\u00fcyoruz. Bu y\u0131l\u0131n ilk 6 ay\u0131nda gelen yat\u0131r\u0131m\u0131n y\u00fczde 92&#8217;si AB&#8217;den&#8221; dedi.<\/p>\n<p style=\"text-align: justify;\">&#8220;T\u00fcrkiye&#8217;nin co\u011frafi konumunda, T\u00fcrkiye&#8217;nin potansiyelinde ka\u00e7 \u00fclke var? Avrupal\u0131 yat\u0131r\u0131mc\u0131 Suriye&#8217;ye mi, \u0130ran&#8217;a m\u0131, Irak&#8217;a m\u0131, Rusya&#8217;ya m\u0131 gitsin?&#8221; diye soran Ba\u011f\u0131\u015f, yat\u0131r\u0131mc\u0131lar\u0131n hukukun \u00fcst\u00fcnl\u00fc\u011f\u00fcn\u00fcn, demokrasinin, ve \u015feffafl\u0131\u011f\u0131n oldu\u011fu T\u00fcrkiye&#8217;ye gelece\u011fini kaydetti. Bug\u00fcn M\u0131s\u0131r&#8217;da, Tunus&#8217;ta, Libya&#8217;da insanlar\u0131n kendi hayatlar\u0131n\u0131 riske atarak imrendikleri T\u00fcrkiye&#8217;nin geldi\u011fi noktada, AB reformlar\u0131n\u0131n \u00e7ok b\u00fcy\u00fck pay\u0131 oldu\u011funu vurgulayan Ba\u011f\u0131\u015f, \u015f\u00f6yle devam etti:<\/p>\n<p style=\"text-align: justify;\"><strong>&#8216;\u00d6ZR\u00dcN ARKASINDA AB REFORMLARININ ETK\u0130S\u0130 B\u00dcY\u00dcK&#8217;\u00a0<\/strong><\/p>\n<p style=\"text-align: justify;\">&#8220;AB s\u00fcrecinde T\u00fcrkiye yasaklar\u0131ndan kurtuldu. 10 y\u0131l \u00f6ncesine kadar insanlar\u0131n etnik k\u00f6kenini dile getirmeye korktu\u011fu, inan\u00e7lar\u0131n\u0131 dile getirmeye korktu\u011fu bir \u00fclkeydik. Ama bug\u00fcn T\u00fcrkiye \u00e7ok farkl\u0131 bir boyutta. E\u011fer 30&#8217;lardan bu yana ilk kez bir ba\u015fbakan \u00e7\u0131k\u0131p Dersim olay\u0131 \u00fczerine hem hepimize bir ders verip hem de devlet ad\u0131na \u00f6z\u00fcr dileyebiliyorsa, bu \u00f6zg\u00fcvenin arkas\u0131nda AB reformlar\u0131n\u0131n \u00e7ok b\u00fcy\u00fck etkisi vard\u0131r. 88 y\u0131l aradan sonra bu \u00fclkenin Ortodoks vatanda\u015flar\u0131 S\u00fcmela&#8217;da ayin yapabiliyorsa, 112 y\u0131l sonra Ermeni vatanda\u015flar\u0131 Akdamar&#8217;da ayin ger\u00e7ekle\u015ftirebiliyorsa, devletin televizyonu 24 saat K\u00fcrt\u00e7e yay\u0131n yapabiliyorsa demek ki T\u00fcrkiye&#8217;de \u00e7ok ciddi bir zihinsel de\u011fi\u015fim ger\u00e7ekle\u015fiyor. Bu y\u00fczden AB s\u00fcreci \u00e7ok \u00f6nemli. Bu y\u00fczden AB s\u00fcreci Atat\u00fcrk&#8217;\u00fcn hedef g\u00f6sterdi\u011fi \u00e7a\u011fda\u015f medeniyetler seviyesinin \u00fczerine \u00e7\u0131kma y\u00fcr\u00fcy\u00fc\u015f\u00fcm\u00fczde en \u00f6nemli platformumuz. O standartlar\u0131 yakalamak, vatanda\u015f\u0131m\u0131z\u0131n teneff\u00fcs etti\u011fi havan\u0131n oksijen oran\u0131n\u0131 y\u00fckseltmek, yedi\u011fimiz yiyece\u011fin, i\u00e7ece\u011fin hijyen standartlar\u0131n\u0131 y\u00fckseltmek \u00e7ocuklar\u0131m\u0131za borcumuzdur.&#8221;<\/p>\n<p style=\"text-align: justify;\">Ge\u00e7en y\u0131l Tar\u0131m Bakan\u0131 Eker&#8217;in hummal\u0131 bir ba\u015far\u0131ya imza att\u0131\u011f\u0131na i\u015faret eden Ba\u011f\u0131\u015f, &#8216;yap\u0131lamaz&#8217; denileni yaparak, \u00fclkenin AB ile &#8216;G\u0131da G\u00fcvenli\u011fi Fasl\u0131&#8217;n\u0131 a\u00e7t\u0131\u011f\u0131n\u0131 ve T\u00fcrk \u00fcr\u00fcnlerinin art\u0131k Avrupa&#8217;ya daha rahat gidebilmeye ba\u015flad\u0131\u011f\u0131n\u0131 anlatt\u0131. AB s\u00fcrecinin \u00e7ok teknik boyutu oldu\u011funa dikkat \u00e7eken Ba\u011f\u0131\u015f, bunlar\u0131n T\u00fcrk insan\u0131n\u0131n daha sa\u011fl\u0131kl\u0131 beslenmesini, sa\u011fl\u0131kl\u0131 ya\u015famas\u0131n\u0131, uzun \u00f6m\u00fcrl\u00fc olmas\u0131n\u0131 sa\u011flayan geli\u015fmeler oldu\u011funu dile getirdi. Bu s\u00fcre\u00e7te Anayasa de\u011fi\u015fikliklerine de de\u011finen Ba\u011f\u0131\u015f, &#8220;AB s\u00fcreci, demokrasimizin standartlar\u0131ndan anayasam\u0131z\u0131n bize yak\u0131\u015f\u0131r hale gelmesine kadar her \u015feyi etkiliyor. \u0130n\u015fallah bu s\u00fcre\u00e7te T\u00fcrkiye&#8217;ye yak\u0131\u015f\u0131r bir Anayasa&#8217;y\u0131 da hep birlikte haz\u0131rlayaca\u011f\u0131z. 12 Haziran&#8217;da kullan\u0131lan oyun y\u00fczde 95&#8217;inin temsil edildi\u011fi bir Meclis tablosu olu\u015ftu ve Cumhuriyet tarihinde ilk kez t\u00fcm partilerin e\u015fit temsilciyle yer bulduklar\u0131 bir Uzla\u015fma Komisyonu kuruldu. \u00dcmit ederiz ki, muhalefet partileri de gerekli deste\u011fi verirler ve T\u00fcrkiye&#8217;yi art\u0131k askeri anayasalarla y\u00f6netilen bir \u00fclke ay\u0131b\u0131ndan kurtar\u0131rlar&#8221; a\u00e7\u0131klamas\u0131nda bulundu.<\/p>\n<p style=\"text-align: justify;\">&#8220;\u0130T \u00dcR\u00dcR KERVAN Y\u00dcR\u00dcR&#8221;<\/p>\n<p style=\"text-align: justify;\">AB s\u00fcrecinde T\u00fcrkiye&#8217;nin \u00f6n\u00fcne engeller \u00e7\u0131karan baz\u0131 \u00fclkelerin liderlerini sert s\u00f6zlerle ele\u015ftiren Egemen Ba\u011f\u0131\u015f, \u015funlar\u0131 s\u00f6yledi:<\/p>\n<p style=\"text-align: justify;\">&#8220;Bu s\u00fcre\u00e7te falan \u00fclkede falan lider, falan yerdeki falan muhalefet T\u00fcrkiye&#8217;nin AB \u00fcyeli\u011fi ile ilgili bir tak\u0131m yorumlar yap\u0131yormu\u015f, bizim hevesimizi k\u0131rmaya \u00e7al\u0131\u015f\u0131yormu\u015f, bize havlu att\u0131rmaya \u00e7al\u0131\u015f\u0131yormu\u015f. \u00c7ok a\u00e7\u0131k net s\u00f6yleyece\u011fim; &#8216;it \u00fcr\u00fcr kervan y\u00fcr\u00fcr&#8217;. T\u00fcrkiye \u00e7\u0131kt\u0131\u011f\u0131 yolda demokratikle\u015fmede, \u015feffafla\u015fmada, zenginle\u015fmede, sayg\u0131nla\u015fmada kendi kararl\u0131\u011f\u0131yla y\u00fcr\u00fcyecek. Fas\u0131l a\u00e7m\u0131\u015flar a\u00e7mam\u0131\u015flar buralara tak\u0131lm\u0131yoruz, biz T\u00fcrkiye&#8217;nin standartlar\u0131n\u0131 y\u00fckseltmeye bak\u0131yoruz. Onlar istedi\u011fi kadar m\u00fczakere s\u00fcrecimizi t\u0131kanmaya \u00e7al\u0131\u015fs\u0131nlar reform s\u00fcrecimizi sadece kam\u00e7\u0131l\u0131yorlar. Her ge\u00e7en g\u00fcn T\u00fcrkiye daha kararl\u0131l\u0131kla bu s\u00fcre\u00e7te ilerliyor. \u00c7\u00fcnk\u00fc bizim i\u00e7in \u00f6nemli olan milletimizin ya\u015fam standard\u0131n\u0131 y\u00fckseltmek. Bu \u00fclkenin b\u00fct\u00fcn vatanda\u015flar\u0131n\u0131n huzur i\u00e7erisinde \u00e7ocuklar\u0131n\u0131 gelece\u011fe yeti\u015ftirebilmelerini sa\u011flamak. AB s\u00fcrecinde bizim \u00f6n\u00fcm\u00fcze kapatmaya \u00e7al\u0131\u015ft\u0131klar\u0131 kap\u0131lar\u0131 biz aralar\u0131z.&#8221;<\/p>\n<p style=\"text-align: justify;\"><strong>&#8220;GIDA G\u00dcVENL\u0130\u011e\u0130 FASLINI A\u00c7TIK&#8221;<\/strong><\/p>\n<p style=\"text-align: justify;\">AB Bakan\u0131 Ba\u011f\u0131\u015f&#8217;\u0131n ard\u0131ndan konu\u015fan G\u0131da, Tar\u0131m ve Hayvanc\u0131l\u0131k Bakan\u0131 Mehmet Mehdi Eker de AB s\u00fcrecinde ama\u00e7lar\u0131n\u0131n vatanda\u015f\u0131n g\u00fcndelik ya\u015fam kalitesinin art\u0131r\u0131lmas\u0131 oldu\u011funu vurgulad\u0131. AB&#8217;nin evrensel de\u011ferlerini benimsediklerini ve yans\u0131tmaya \u00e7al\u0131\u015ft\u0131klar\u0131n\u0131 anlatan Eker, baz\u0131 kesimlerin bu s\u00fcre\u00e7te bir tak\u0131m isteksizlikler g\u00f6sterdi\u011fini kaydederek, &#8220;Ama bu bizi engellemez. Bizim i\u00e7in g\u0131da g\u00fcvenli\u011fi ve hijyen konusu \u00f6nemli. Bu geli\u015fmeyi sa\u011flad\u0131k. G\u0131da g\u00fcveli\u011fi fasl\u0131n\u0131 biz a\u00e7t\u0131k. 13 Aral\u0131k&#8217;ta \u00e7\u0131kard\u0131\u011f\u0131m\u0131z 5996 say\u0131l\u0131 kanun \u00e7er\u00e7evesinde yakla\u015f\u0131k 44 tane y\u00f6netmelik tamamlanm\u0131\u015f olacak. Bu asl\u0131nda AB&#8217;nin g\u0131da g\u00fcvenli\u011fi ve hijyenle ilgili sahip oldu\u011fu t\u00fcm d\u00fczenlemelerin T\u00fcrkiye&#8217;de de art\u0131k uygulanaca\u011f\u0131 anlam\u0131 ta\u015f\u0131r. G\u0131da g\u00fcvenli\u011fi ile ilgili en \u00f6nemli k\u0131sm\u0131 ticarettir. AB&#8217;nin s\u0131n\u0131rlar\u0131, g\u0131da g\u00fcvenli\u011fi fasl\u0131n\u0131n a\u00e7\u0131lmas\u0131yla birlikte Bulgaristan ve Yunanistan ile bitmiyor. S\u0131n\u0131r T\u00fcrkiye&#8217;nin do\u011fusuna, G\u00fcrcistan, Ermenistan, Nah\u00e7ivan, Irak ve Suriye&#8217;ye ta\u015f\u0131nm\u0131\u015f oldu. Bu nedenle biz burada esasen bu g\u00fcvenli\u011fi ne kadar iyi sa\u011flarsak, hem vatanda\u015flar\u0131m\u0131z\u0131n ya\u015fam kalitesinin art\u0131r\u0131lmas\u0131 y\u00f6n\u00fcnde hem de d\u00fczenlemeler ve g\u0131da ticareti y\u00f6n\u00fcnde hayata ge\u00e7erse, o anlamda AB&#8217;ye katk\u0131 sa\u011flam\u0131\u015f oluruz&#8221; diye konu\u015ftu.<\/p>\n<p style=\"text-align: justify;\">AB ile kat\u0131l\u0131m \u00f6ncesi mali yard\u0131m program\u0131 kapsam\u0131nda 20 ilde ajans kurduklar\u0131 bilgisini veren Eker, ikinci a\u015famada 20 il daha eklenece\u011fini ve bu illerden birinin de Mersin olaca\u011f\u0131n\u0131 m\u00fcjdeledi. \u00d6n\u00fcm\u00fczdeki haftalarda Mersin&#8217;de de bir K\u0131rsal Kalk\u0131nma Destekleme Kurulu kurulaca\u011f\u0131n\u0131 kaydeden Eker, buralardaki k\u0131rsal kalk\u0131nma faaliyetlerine hibe destekler sa\u011flanaca\u011f\u0131n\u0131 belirtti.<\/p>\n<p style=\"text-align: justify;\"><strong>&#8216;BU ACEM\u0130 \u015eANSI DE\u011e\u0130L&#8217;\u00a0<\/strong><\/p>\n<p style=\"text-align: justify;\">AB&#8217;nin baz\u0131 \u00fclkelerinin isteksiz davranmas\u0131n\u0131n ard\u0131nda T\u00fcrkiye&#8217;nin tar\u0131m potansiyeli ve tar\u0131mda sa\u011flad\u0131\u011f\u0131 geli\u015fmeler oldu\u011funa i\u015faret eden Eker, \u015f\u00f6yle konu\u015ftu:<\/p>\n<p style=\"text-align: justify;\">&#8220;T\u00fcrkiye 8 sene \u00f6nce 24 milyon hektar alanda ziraat yap\u0131yordu, 23 milyar dolar has\u0131la elde ediyordu ve d\u00fcnyada 11. s\u0131radayd\u0131. Tar\u0131m ekonomisine sahipti. Bug\u00fcn ayn\u0131 alandan 62 milyar dolarl\u0131k has\u0131la elde ediyor ve d\u00fcnya \u00fclkeleri i\u00e7indeki s\u0131ralamas\u0131 7&#8217;ye y\u00fckseldi. Ge\u00e7ti\u011fimiz 4 \u00fclke ise Fransa, \u0130spanya, \u0130talya ve Rusya Federasyonu. T\u00fcrkiye son 8 y\u0131l i\u00e7inde tar\u0131m has\u0131las\u0131 bak\u0131m\u0131ndan bu 4 \u00fclkeyi geride b\u0131rakt\u0131. 2008&#8217;den beri bu durumday\u0131z. Bu acemi \u015fans\u0131 de\u011fil, &#8216;ku\u015f ta\u015fa de\u011fmedi&#8217;. Belirli stratejilerle T\u00fcrkiye bu noktaya geldi ve hala b\u00fcy\u00fcme kapasitemiz var.&#8221;<\/p>\n<p style=\"text-align: justify;\"><strong>\u00c7A\u011eLAYAN EKONOM\u0130YLE \u00d6V\u00dcND\u00dc\u00a0<\/strong><\/p>\n<p style=\"text-align: justify;\">T\u00fcrkiye&#8217;nin AB fl\u00f6rt\u00fcn\u00fcn kendisi 2 ya\u015f\u0131ndayken ba\u015flad\u0131\u011f\u0131n\u0131 s\u00f6yleyerek konu\u015fmas\u0131na ba\u015flayan Ekonomi Bakan\u0131 Zafer \u00c7a\u011flayan ise \u00f6zellikle vize konusundaki s\u0131k\u0131nt\u0131lar\u0131 dile getirdi. T\u00fcrkiye&#8217;nin bir\u00e7ok konuda AB&#8217;ye entegre oldu\u011funu ve ekonomik olarak zaten bu i\u015fi ba\u015fard\u0131\u011f\u0131n\u0131 ifade eden \u00c7a\u011flayan, &#8220;T\u00fcrkiye Avrupa&#8217;dan \u00e7ok daha \u00f6nemli bir yap\u0131ya sahip olmu\u015f durumda bug\u00fcn. Bug\u00fcn hasta adam diye an\u0131lan T\u00fcrkiye son derece ekonomisi sa\u011fl\u0131kl\u0131, siyasi istikrar\u0131 sa\u011fl\u0131kl\u0131 ama Avrupa&#8217;n\u0131n bir\u00e7ok \u00fclkesinde baz\u0131 \u00fclkeler komaya girmi\u015f durumda, ekonomileri bozulmu\u015f ve bir belirsizli\u011fe gidiyor. T\u00fcrkiye 2008 k\u00fcresel krizin etkisini siyasi ve ekonomik istikrar\u0131yla ba\u015far\u0131yla atlat\u0131rken, Avrupa&#8217;n\u0131n en b\u00fcy\u00fck \u00fclkelerinden \u0130talya, \u0130spanya, Portekiz, Yunanistan, \u0130rlanda ve onlar\u0131n etkisiyle Fransa ve Almanya gibi \u00fclkeler bile ciddi s\u0131k\u0131nt\u0131larla kar\u015f\u0131 kar\u015f\u0131ya. Biz o \u00fclkelerin s\u0131k\u0131nt\u0131da olmas\u0131ndan kendi pay\u0131na keyiflenecek \u00fclke de\u011filiz&#8221; dedi.<\/p>\n<p style=\"text-align: justify;\">Avrupa krizinin temelinde asl\u0131nda lider krizi oldu\u011funun alt\u0131n\u0131 \u00e7izen \u00c7a\u011flayan, &#8220;Avrupa, konular\u0131na sahip \u00e7\u0131k\u0131p \u00e7\u00f6z\u00fcm getirecek lider bulmakta zorlan\u0131yor. Avrupa ekonomik krizden \u00f6te lider krizi ya\u015f\u0131yor. D\u00fcnya ekonomisi k\u00fc\u00e7\u00fcld\u00fc. Fransa ve Almanya&#8217;n\u0131n pa\u00e7alar\u0131 tutu\u015ftu \u00e7\u00fcnk\u00fc Yunanistan&#8217;dan kendilerine ne fatura \u00e7\u0131kaca\u011f\u0131n\u0131n fark\u0131nda de\u011filler. Sadece Sarkozy fark\u0131nda. Cambaza bak cambaza diyerek adam kendi ekonomisini y\u00f6netmeyi b\u0131rakm\u0131\u015f hi\u00e7 \u00fczerine vazife olmayan bir konuda Ermeni meselesini g\u00fcndeme getiriyor. Kendi halk\u0131na anlatabilece\u011fi bir \u015fey yok \u00e7\u00fcnk\u00fc. \u00c7ok ciddi s\u0131k\u0131nt\u0131dalar&#8221; ifadelerini kulland\u0131.<\/p>\n<p style=\"text-align: justify;\"><strong>&#8220;V\u0130ZELER TAMAMEN KALKMALI&#8221;\u00a0<\/strong><\/p>\n<p style=\"text-align: justify;\">Bug\u00fcn T\u00fcrkiye&#8217;nin yabanc\u0131 do\u011frudan yat\u0131r\u0131mlar a\u00e7\u0131s\u0131ndan Avrupa&#8217;n\u0131n akci\u011ferleri, temiz hava sahas\u0131 oldu\u011funa dikkat \u00e7eken \u00c7a\u011flayan T\u00fcrkiyesiz bir AB&#8217;nin, AB i\u00e7in kay\u0131p olaca\u011f\u0131n\u0131n alt\u0131n\u0131 \u00e7izdi. AB&#8217;ye \u00fcyeli\u011fin T\u00fcrkiye&#8217;nin hakk\u0131 oldu\u011funa vurgu yapan \u00c7a\u011flayan, ucu a\u00e7\u0131k, kapal\u0131, yar\u0131 a\u00e7\u0131k gibi ifadelerin ikiy\u00fczl\u00fc, samimi olmayan davran\u0131\u015flar oldu\u011funu belirtti. AB \u00fclkelerine vize konusunda y\u00fcklenen \u00c7a\u011flayan \u015funlar\u0131 s\u00f6yledi:<\/p>\n<p style=\"text-align: justify;\">&#8220;AB bug\u00fcn t\u00fcm i\u015fadamlar\u0131m\u0131za vize i\u015fkencesi uyguluyor. \u0130\u015fadam\u0131n mal\u0131 serbest dola\u015f\u0131rken, fuara gidip fuara adam g\u00f6nderemiyor. \u0130nsan haklar\u0131 ihlali i\u015fleniyor. Vize almak i\u00e7in anas\u0131ndan do\u011fdu\u011fu g\u00fcnden o g\u00fcne kadar hayat hikayesini istiyor. Kimin ne hakk\u0131 var? Ba\u015far\u0131l\u0131 i\u015fadamlar\u0131na vizeyi koyuyor. Vizeyi kolayla\u015ft\u0131raca\u011f\u0131z diyorlar, hadi oradan, kolayla\u015ft\u0131rma kald\u0131r vizeyi. Brezilya dahil bir\u00e7ok \u00fclkeye AB \u00fcyesi olmasa da serbest dola\u015f\u0131m veriyorsun, benim mal\u0131ma kota koyuyorsun, vize istiyorsun. T\u00fcrkiye&#8217;ye kar\u015f\u0131 her t\u00fcrl\u00fc engellemeyi yap\u0131yorlar. T\u00fcm bu zorluklara ra\u011fmen asla bu i\u015ften y\u0131lmak yok, bu i\u015ften geri d\u00f6n\u00fc\u015f yok, o zaman hakl\u0131l\u0131\u011f\u0131m\u0131z\u0131 kaybederiz. Ta\u015f bas\u0131yoruz y\u00fcre\u011fimize. Benim t\u00fcm derdim vizenin kald\u0131r\u0131lmas\u0131. Avrupal\u0131 Hans benim memleketime nas\u0131l geliyorsa, benim Ahmet&#8217;im, Mehmet&#8217;im de ayn\u0131 \u015fekilde gitsin.&#8221;<\/p>\n<p style=\"text-align: justify;\">Konu\u015fmalar\u0131n ard\u0131ndan Bakan Ba\u011f\u0131\u015f, \u00c7a\u011flayan ve Eker, Sanayici ve \u0130\u015fadamlar\u0131 Derne\u011fi (T\u00dcMS\u0130AD)-KOSGEB Sertifika Da\u011f\u0131t\u0131m T\u00f6reni kapsam\u0131nda 32 ki\u015fiye sertifikalar\u0131n\u0131 verdi.<\/p>\n<p style=\"text-align: justify;\"><a href=\"http:\/\/www.hurriyet.com.tr\/gundem\/19334921.asp\" target=\"_blank\">Kaynak : H\u00fcrriyet.com.tr<\/a><\/p>\n","protected":false},"excerpt":{"rendered":"<p style=\"text-align: center;\">\n<p style=\"text-align: justify;\">Avrupa Birli\u011fi (AB) Bakan\u0131 ve Ba\u015fm\u00fczakereci Egemen Ba\u011f\u0131\u015f, Avrupa&#8217;n\u0131n \u015fu anda \u00e7ok ciddi bir ak\u0131l tutulmas\u0131 i\u00e7inde oldu\u011funu s\u00f6yleyerek T\u00fcrkiye&#8217;nin AB s\u00fcrecinde \u00f6n\u00fcn\u00fc t\u0131kamaya \u00e7al\u0131\u015fanlar\u0131 ele\u015ftirdi. Ba\u011f\u0131\u015f, &#8220;Bizim hevesimizi k\u0131rmaya, bize havlu att\u0131rmaya \u00e7al\u0131\u015f\u0131yorlarm\u0131\u015f. \u00c7ok a\u00e7\u0131k net s\u00f6yleyece\u011fim, it \u00fcr\u00fcr kervan y\u00fcr\u00fcr. T\u00fcrkiye \u00e7\u0131kt\u0131\u011f\u0131 yolda kendi kararl\u0131\u011f\u0131yla y\u00fcr\u00fcyecek&#8221; dedi. <\/p>\n","protected":false},"author":1,"featured_media":0,"comment_status":"open","ping_status":"open","sticky":false,"template":"","format":"standard","meta":{"footnotes":""},"categories":[105],"tags":[],"class_list":["post-43465","post","type-post","status-publish","format-standard","hentry","category-gundem","odd"],"_links":{"self":[{"href":"http:\/\/www.korhanyilmaz.com\/index.php?rest_route=\/wp\/v2\/posts\/43465","targetHints":{"allow":["GET"]}}],"collection":[{"href":"http:\/\/www.korhanyilmaz.com\/index.php?rest_route=\/wp\/v2\/posts"}],"about":[{"href":"http:\/\/www.korhanyilmaz.com\/index.php?rest_route=\/wp\/v2\/types\/post"}],"author":[{"embeddable":true,"href":"http:\/\/www.korhanyilmaz.com\/index.php?rest_route=\/wp\/v2\/users\/1"}],"replies":[{"embeddable":true,"href":"http:\/\/www.korhanyilmaz.com\/index.php?rest_route=%2Fwp%2Fv2%2Fcomments&post=43465"}],"version-history":[{"count":0,"href":"http:\/\/www.korhanyilmaz.com\/index.php?rest_route=\/wp\/v2\/posts\/43465\/revisions"}],"wp:attachment":[{"href":"http:\/\/www.korhanyilmaz.com\/index.php?rest_route=%2Fwp%2Fv2%2Fmedia&parent=43465"}],"wp:term":[{"taxonomy":"category","embeddable":true,"href":"http:\/\/www.korhanyilmaz.com\/index.php?rest_route=%2Fwp%2Fv2%2Fcategories&post=43465"},{"taxonomy":"post_tag","embeddable":true,"href":"http:\/\/www.korhanyilmaz.com\/index.php?rest_route=%2Fwp%2Fv2%2Ftags&post=43465"}],"curies":[{"name":"wp","href":"https:\/\/api.w.org\/{rel}","templated":true}]}}